{"id":50687,"date":"2025-01-04T00:01:00","date_gmt":"2025-01-04T07:01:00","guid":{"rendered":"https:\/\/www.opinionpublica.tv\/portada\/?p=50687"},"modified":"2025-01-03T18:15:11","modified_gmt":"2025-01-04T01:15:11","slug":"el-empleo-informal-sube-a-54-6-su-nivel-mas-alto-en-un-ano","status":"publish","type":"post","link":"https:\/\/www.opinionpublica.tv\/portada\/el-empleo-informal-sube-a-54-6-su-nivel-mas-alto-en-un-ano\/","title":{"rendered":"El empleo informal en M\u00e9xico subi\u00f3 a 54.6%, su nivel m\u00e1s alto en un a\u00f1o"},"content":{"rendered":"\n<figure class=\"wp-block-image size-large\"><img fetchpriority=\"high\" decoding=\"async\" width=\"1024\" height=\"683\" src=\"https:\/\/www.opinionpublica.tv\/portada\/wp-content\/uploads\/2025\/01\/El-empleo-informal-en-Mexico-subio-a-54.6-su-nivel-mas-alto-en-un-ano-1024x683.jpeg\" alt=\"El Empleo Informal En Me\u0301xico Subio\u0301 A 54.6%, Su Nivel Ma\u0301s Alto En Un An\u0303o\" class=\"wp-image-50691\" srcset=\"https:\/\/www.opinionpublica.tv\/portada\/wp-content\/uploads\/2025\/01\/El-empleo-informal-en-Mexico-subio-a-54.6-su-nivel-mas-alto-en-un-ano-1024x683.jpeg 1024w, https:\/\/www.opinionpublica.tv\/portada\/wp-content\/uploads\/2025\/01\/El-empleo-informal-en-Mexico-subio-a-54.6-su-nivel-mas-alto-en-un-ano-300x200.jpeg 300w, https:\/\/www.opinionpublica.tv\/portada\/wp-content\/uploads\/2025\/01\/El-empleo-informal-en-Mexico-subio-a-54.6-su-nivel-mas-alto-en-un-ano-768x512.jpeg 768w, https:\/\/www.opinionpublica.tv\/portada\/wp-content\/uploads\/2025\/01\/El-empleo-informal-en-Mexico-subio-a-54.6-su-nivel-mas-alto-en-un-ano-1536x1024.jpeg 1536w, https:\/\/www.opinionpublica.tv\/portada\/wp-content\/uploads\/2025\/01\/El-empleo-informal-en-Mexico-subio-a-54.6-su-nivel-mas-alto-en-un-ano.jpeg 1920w\" sizes=\"(max-width: 1024px) 100vw, 1024px\" \/><\/figure>\n\n\n\n<p class=\"wp-block-paragraph\">Durante noviembre de 2024 se crearon 134 mil 609 empleos en el pa\u00eds, todos ellos informales y en el rengl\u00f3n de empleo independiente, inform\u00f3 el Instituto Nacional de Estad\u00edstica y Geograf\u00eda (Inegi).<\/p>\n\n\n\n<p class=\"wp-block-paragraph\">Con esto, la tasa de informalidad laboral subi\u00f3 a un nivel de 54.6% de la poblaci\u00f3n ocupada, el monto m\u00e1s alto desde diciembre del 2023, y lo que representa un aumento de 0.5 puntos respecto del dato de octubre.<\/p>\n\n\n\n<p class=\"wp-block-paragraph\">De acuerdo con la Encuesta Nacional de Ocupaci\u00f3n y Empleo (ENOE), 32.8 millones de personas trabajan en alguna de las vertientes de la informalidad en el pa\u00eds, es decir, que son \u201claboralmente vulnerables\u201d pues participan en negocios informales, agricultura de subsistencia o sin seguridad social en el sector formal.<\/p>\n\n\n\n<p class=\"wp-block-paragraph\">A decir de la organizaci\u00f3n M\u00e9xico, \u00bfc\u00f3mo vamos?, \u201clos niveles altos y persistentes de informalidad laboral en nuestro pa\u00eds son una de las principales fallas estructurales de la econom\u00eda mexicana. Hist\u00f3ricamente, las personas con un empleo informal han sido la mayor\u00eda de la poblaci\u00f3n ocupada. Esto ha significado que m\u00e1s de la mitad de las personas trabajadoras no cuenten con la seguridad social o protecci\u00f3n legal e institucional correspondiente a lo que laboran. Adem\u00e1s, se enfrentan a un estigma constante que, en realidad, est\u00e1 basado en prejuicios e imprecisiones\u201d.<\/p>\n\n\n\n<p class=\"wp-block-paragraph\">Son m\u00e1s mujeres que hombres las que est\u00e1n en la informalidad, sin embargo, los hombres generan m\u00e1s ingresos, en promedio, que ellas.<\/p>\n\n\n\n<p class=\"wp-block-paragraph\">Desempleo avanza marginalmente<\/p>\n\n\n\n<p class=\"wp-block-paragraph\">En tanto, la tasa de desocupaci\u00f3n aument\u00f3 marginalmente en noviembre, al pasar de 2.5 a 2.6% en su comparaci\u00f3n mensual. Por su parte, el desempleo extendido, que contempla tambi\u00e9n a las personas inactivas disponibles para trabajar, disminuy\u00f3 de 10.9 a 10.6 por ciento.<\/p>\n\n\n\n<p class=\"wp-block-paragraph\">En el balance de la ocupaci\u00f3n en el onceavo mes del a\u00f1o, la creaci\u00f3n de empleo se concentr\u00f3 en el sector secundario, principalmente en la construcci\u00f3n (206,000 plazas nuevas). Tanto las actividades del campo como las de servicios tuvieron un saldo negativo.<\/p>\n\n\n\n<p class=\"wp-block-paragraph\">Otro rengl\u00f3n con cambios importantes en noviembre fue el de la subocupaci\u00f3n, es decir, el de las personas que por razones de mercado trabajan jornadas reducidas pero que tienen la necesidad de laborar m\u00e1s horas. Esta tasa de redujo de 0.5 puntos porcentuales, al pasar de 9.4 a 8.9% respecto de octubre.<\/p>\n\n\n\n<p class=\"wp-block-paragraph\">\u201cUn dato positivo de la ENOE de noviembre es que la tasa de subocupaci\u00f3n disminuy\u00f3 de 9.28% a 8.57%, seg\u00fan cifras desestacionalizadas. Esta tasa se hab\u00eda mantenido en niveles por debajo de 8% desde mayo del 2023, pero sufri\u00f3 un fuerte incremento en octubre de 2024 que la situ\u00f3 en 9.28%\u201d, expres\u00f3 Gabriela Siller, directora de An\u00e1lisis Econ\u00f3mico-Financiero de Banco Base.<\/p>\n\n\n\n<p class=\"wp-block-paragraph\"><em>Con informaci\u00f3n de El Economista<\/em>.<\/p>\n","protected":false},"excerpt":{"rendered":"<p>Durante noviembre de 2024 se crearon 134 mil 609 empleos en el pa\u00eds, todos ellos informales y en el rengl\u00f3n de empleo independiente, inform\u00f3 el Instituto Nacional de Estad\u00edstica y Geograf\u00eda (Inegi). Con esto, la tasa de informalidad laboral subi\u00f3 a un nivel de 54.6% de la poblaci\u00f3n ocupada, el monto m\u00e1s alto desde diciembre [&hellip;]<\/p>\n","protected":false},"author":6,"featured_media":50691,"comment_status":"open","ping_status":"open","sticky":false,"template":"","format":"standard","meta":{"_acf_changed":false,"_monsterinsights_skip_tracking":false,"slim_seo":{"title":"El empleo informal en M\u00e9xico subi\u00f3 a 54.6%, su nivel m\u00e1s alto en un a\u00f1o - Opini\u00f3n P\u00fablica","description":"Durante noviembre de 2024 se crearon 134 mil 609 empleos en el pa\u00eds, todos ellos informales y en el rengl\u00f3n de empleo independiente, inform\u00f3 el Instituto Nacion"},"footnotes":""},"categories":[3],"tags":[],"class_list":["post-50687","post","type-post","status-publish","format-standard","has-post-thumbnail","hentry","category-principal"],"acf":[],"_links":{"self":[{"href":"https:\/\/www.opinionpublica.tv\/portada\/wp-json\/wp\/v2\/posts\/50687","targetHints":{"allow":["GET"]}}],"collection":[{"href":"https:\/\/www.opinionpublica.tv\/portada\/wp-json\/wp\/v2\/posts"}],"about":[{"href":"https:\/\/www.opinionpublica.tv\/portada\/wp-json\/wp\/v2\/types\/post"}],"author":[{"embeddable":true,"href":"https:\/\/www.opinionpublica.tv\/portada\/wp-json\/wp\/v2\/users\/6"}],"replies":[{"embeddable":true,"href":"https:\/\/www.opinionpublica.tv\/portada\/wp-json\/wp\/v2\/comments?post=50687"}],"version-history":[{"count":3,"href":"https:\/\/www.opinionpublica.tv\/portada\/wp-json\/wp\/v2\/posts\/50687\/revisions"}],"predecessor-version":[{"id":50692,"href":"https:\/\/www.opinionpublica.tv\/portada\/wp-json\/wp\/v2\/posts\/50687\/revisions\/50692"}],"wp:featuredmedia":[{"embeddable":true,"href":"https:\/\/www.opinionpublica.tv\/portada\/wp-json\/wp\/v2\/media\/50691"}],"wp:attachment":[{"href":"https:\/\/www.opinionpublica.tv\/portada\/wp-json\/wp\/v2\/media?parent=50687"}],"wp:term":[{"taxonomy":"category","embeddable":true,"href":"https:\/\/www.opinionpublica.tv\/portada\/wp-json\/wp\/v2\/categories?post=50687"},{"taxonomy":"post_tag","embeddable":true,"href":"https:\/\/www.opinionpublica.tv\/portada\/wp-json\/wp\/v2\/tags?post=50687"}],"curies":[{"name":"wp","href":"https:\/\/api.w.org\/{rel}","templated":true}]}}