{"id":50684,"date":"2025-01-04T00:01:00","date_gmt":"2025-01-04T07:01:00","guid":{"rendered":"https:\/\/www.opinionpublica.tv\/portada\/?p=50684"},"modified":"2025-01-03T18:08:13","modified_gmt":"2025-01-04T01:08:13","slug":"mexico-2024-12-personajes-y-eventos-que-destacaron","status":"publish","type":"post","link":"https:\/\/www.opinionpublica.tv\/portada\/mexico-2024-12-personajes-y-eventos-que-destacaron\/","title":{"rendered":"M\u00e9xico 2024: 12 personajes y eventos que destacaron"},"content":{"rendered":"\n<h4 class=\"wp-block-heading\">Roy Campos<\/h4>\n\n\n\n<p class=\"wp-block-paragraph\">___________________________<\/p>\n\n\n\n<p class=\"wp-block-paragraph\">Desde hace muchos a\u00f1os en El Economista, hago el ejercicio personal de seleccionar los que para m\u00ed fueron los principales eventos, personajes, tragedias o momentos importantes en el a\u00f1o, aquellos que hayan acaparado la conversaci\u00f3n o generado tensiones que cambiaron la forma de vivir, aquellos que nos marcan y significar\u00e1n algo en el futuro. Lo hago como una forma de dejar constancia de lo que pas\u00f3 y como digo, es un ejercicio personal y cada uno de los lectores puede eliminar y agregar los que desee:<\/p>\n\n\n\n<p class=\"wp-block-paragraph\">12.- Sequ\u00edas e inundaciones. Parecen fen\u00f3menos contradictorios pero no lo son, ambos son fen\u00f3menos asociados al cambio clim\u00e1tico y los dos los sufrimos; M\u00e9xico vivi\u00f3 momentos de estr\u00e9s h\u00eddrico en muchas regiones del pa\u00eds, tandeos en las ciudades, sequ\u00edas en el campo, y eso es altamente probable se repita; y por otro lado, se vivieron lluvias at\u00edpicas con inundaciones pocas veces vistas que destruyeron comunidades, el caso m\u00e1s visible fue Acapulco donde la tragedia lleg\u00f3 antes de que se recuperara del hurac\u00e1n OTIS.<\/p>\n\n\n\n<p class=\"wp-block-paragraph\">11.- Guerras. No por normalizar las noticias que nos llegan del exterior en estos temas, debemos quitar la importancia y los efectos de los conflictos que se viven en Ucrania y en la franja de Gaza; en ambos casos la guerra es global, no se trata solo de dos pa\u00edses en pugna por territorios sino que son parte de conflictos geopol\u00edticos que indirectamente nos involucran.<\/p>\n\n\n\n<p class=\"wp-block-paragraph\">10.- Econom\u00eda. En muchas vertientes, como pocas veces, los economistas estaban reportando y analizando las tasas de inter\u00e9s, las calificadoras, la inflaci\u00f3n y las tasas de crecimiento reportadas y esperadas; todo se acentu\u00f3 con el resultado de la campa\u00f1a en EU y la futura negociaci\u00f3n del TMEC, por lo pronto el crecimiento fue menor al esperado y gener\u00f3 bajas expectativas para los a\u00f1os venideros.<\/p>\n\n\n\n<p class=\"wp-block-paragraph\">9.- Inteligencia Artificial. Por segundo a\u00f1o la reporto como evento del a\u00f1o y creo que as\u00ed seguir\u00e1 en el futuro, la evoluci\u00f3n que ha tenido ha dejado a los futur\u00f3logos atr\u00e1s, avanza m\u00e1s r\u00e1pido que las previsiones, hoy ya no estamos hablando del ChatGPT sino de los agentes que dise\u00f1an, piensan, investigan, resuelven por nosotros, generando incertidumbre sobre el futuro de la vida social, econ\u00f3mica y sobre todo, del tiempo en que este llegar\u00e1<\/p>\n\n\n\n<p class=\"wp-block-paragraph\">8.- Campa\u00f1a en EU. Vivimos unas elecciones cuyo resultado pod\u00eda tal vez ser adelantado pero que tuvo momentos poco vistos, por ejemplo la declinaci\u00f3n del candidato dem\u00f3crata despu\u00e9s de un desastroso debate o un atentado contra el candidato republicano que estuvo a punto de ser asesinado. El resultado fue que gan\u00f3 el mejor candidato enfrentando a un gobierno p\u00e9simamente evaluado y que sigui\u00f3 sin saber comunicarse con un nuevo elector.<\/p>\n\n\n\n<p class=\"wp-block-paragraph\">7.- Trump. Y perd\u00f3n por separarlo del punto anterior pero es que una vez declarado el triunfo de Trump en noviembre, su actividad p\u00fablica ha puesto a temblar al mundo y particularmente a M\u00e9xico, que ha tenido que reaccionar previendo que cumpla amenazas en migraci\u00f3n, aranceles o combate a la inseguridad.<\/p>\n\n\n\n<p class=\"wp-block-paragraph\">6.- Elecciones en M\u00e9xico. No se trataba de elegir a la persona que ocupar\u00eda la silla presidencial, la elecci\u00f3n era la elecci\u00f3n de un modelo de pa\u00eds, si se manten\u00eda el modelo planteado por AMLO (4T) o nos mov\u00edamos a un modelo distinto con algunas partes del pasado eliminando los errores por los que fue expulsado; el resultado es conocido, la mayor\u00eda de los mexicanos optaron por mantener el actual modelo.<\/p>\n\n\n\n<p class=\"wp-block-paragraph\">5.- X\u00f3chitl G\u00e1lvez. Senadora con tiempo en la pol\u00edtica, en general ligada al PAN pero que apareci\u00f3 como una posibilidad para la alianza opositora por su estilo fresco y poco convencional; el resultado fue un fracaso, nunca supo enfrentar a una campa\u00f1a estructurada desde el poder y no pudo emocionar a suficientes votantes para competir, su resultado fue la desaparici\u00f3n de uno de los partidos y el peor resultado para los dos restantes.<\/p>\n\n\n\n<p class=\"wp-block-paragraph\">4.- Jorge \u00c1lvarez M\u00e1ynez. Surge como un reemplazo a la candidatura de Samuel Garc\u00eda, y sin hacer precampa\u00f1a dise\u00f1a una campa\u00f1a estrat\u00e9gica cuyo objetivo no era ganar sino posicionar a su partido entre j\u00f3venes universitarios urbanos, lo logra y tiene gran cantidad de votos, hoy es presidente de su partido.<\/p>\n\n\n\n<p class=\"wp-block-paragraph\">3.- Mayor\u00eda calificada. Este concepto, que permite a quien lo posee modificar la Constituci\u00f3n, fue bandera de la 4T en campa\u00f1a, lo logra en la C\u00e1mara de Diputados y lo consigue negociando con opositores en la de Senadores; a ra\u00edz de ese momento, se vienen en cascada reforma judicial, desaparici\u00f3n de autonom\u00edas y otras leyes que podemos considerar un \u201ccambio de r\u00e9gimen\u201d.<\/p>\n\n\n\n<p class=\"wp-block-paragraph\">2.- Claudia Sheinbaum. Primera mujer presidenta, con un claro triunfo, realizando una campa\u00f1a pol\u00edtica casi perfecta sin cometer errores estrat\u00e9gicos, personaje del 24 y seguramente de muchos a\u00f1os.<\/p>\n\n\n\n<p class=\"wp-block-paragraph\">1.- L\u00f3pez Obrador. Presidente que plante\u00f3 la elecci\u00f3n como un plebiscito a su gesti\u00f3n y en ese sentido fue ratificado; se involucr\u00f3 en la campa\u00f1a hasta donde pudo, plante\u00f3 20 puntos a los que llam\u00f3 \u201cPlan C\u201d que fueron la plataforma de campa\u00f1a de su movimiento, se retira de la Presidencia con gran aprobaci\u00f3n.<\/p>\n\n\n\n<p class=\"wp-block-paragraph\">Tiene usted libertad para quitar y agregar lo que quiera, y entonces haga su propia lista.<\/p>\n","protected":false},"excerpt":{"rendered":"<p>Roy Campos ___________________________ Desde hace muchos a\u00f1os en El Economista, hago el ejercicio personal de seleccionar los que para m\u00ed fueron los principales eventos, personajes, tragedias o momentos importantes en el a\u00f1o, aquellos que hayan acaparado la conversaci\u00f3n o generado tensiones que cambiaron la forma de vivir, aquellos que nos marcan y significar\u00e1n algo en [&hellip;]<\/p>\n","protected":false},"author":6,"featured_media":36370,"comment_status":"open","ping_status":"open","sticky":false,"template":"","format":"standard","meta":{"_acf_changed":false,"_monsterinsights_skip_tracking":false,"slim_seo":{"title":"M\u00e9xico 2024: 12 personajes y eventos que destacaron - Opini\u00f3n P\u00fablica","description":"Roy Campos ___________________________ Desde hace muchos a\u00f1os en El Economista, hago el ejercicio personal de seleccionar los que para m\u00ed fueron los principales"},"footnotes":""},"categories":[35],"tags":[195],"class_list":["post-50684","post","type-post","status-publish","format-standard","has-post-thumbnail","hentry","category-roy-campos-opina","tag-roy-campos"],"acf":[],"_links":{"self":[{"href":"https:\/\/www.opinionpublica.tv\/portada\/wp-json\/wp\/v2\/posts\/50684","targetHints":{"allow":["GET"]}}],"collection":[{"href":"https:\/\/www.opinionpublica.tv\/portada\/wp-json\/wp\/v2\/posts"}],"about":[{"href":"https:\/\/www.opinionpublica.tv\/portada\/wp-json\/wp\/v2\/types\/post"}],"author":[{"embeddable":true,"href":"https:\/\/www.opinionpublica.tv\/portada\/wp-json\/wp\/v2\/users\/6"}],"replies":[{"embeddable":true,"href":"https:\/\/www.opinionpublica.tv\/portada\/wp-json\/wp\/v2\/comments?post=50684"}],"version-history":[{"count":2,"href":"https:\/\/www.opinionpublica.tv\/portada\/wp-json\/wp\/v2\/posts\/50684\/revisions"}],"predecessor-version":[{"id":50686,"href":"https:\/\/www.opinionpublica.tv\/portada\/wp-json\/wp\/v2\/posts\/50684\/revisions\/50686"}],"wp:featuredmedia":[{"embeddable":true,"href":"https:\/\/www.opinionpublica.tv\/portada\/wp-json\/wp\/v2\/media\/36370"}],"wp:attachment":[{"href":"https:\/\/www.opinionpublica.tv\/portada\/wp-json\/wp\/v2\/media?parent=50684"}],"wp:term":[{"taxonomy":"category","embeddable":true,"href":"https:\/\/www.opinionpublica.tv\/portada\/wp-json\/wp\/v2\/categories?post=50684"},{"taxonomy":"post_tag","embeddable":true,"href":"https:\/\/www.opinionpublica.tv\/portada\/wp-json\/wp\/v2\/tags?post=50684"}],"curies":[{"name":"wp","href":"https:\/\/api.w.org\/{rel}","templated":true}]}}