{"id":50616,"date":"2025-01-03T00:01:00","date_gmt":"2025-01-03T07:01:00","guid":{"rendered":"https:\/\/www.opinionpublica.tv\/portada\/?p=50616"},"modified":"2025-01-02T19:33:45","modified_gmt":"2025-01-03T02:33:45","slug":"contrastes-1995-vs-2024","status":"publish","type":"post","link":"https:\/\/www.opinionpublica.tv\/portada\/contrastes-1995-vs-2024\/","title":{"rendered":"Contrastes, 1995 vs 2024"},"content":{"rendered":"\n<h4 class=\"wp-block-heading\">Luis Carlos Ugalde<\/h4>\n\n\n\n<p class=\"wp-block-paragraph\">___________________________<\/p>\n\n\n\n<p class=\"wp-block-paragraph\">En febrero de 1995 publiqu\u00e9 mi primer art\u00edculo de opini\u00f3n en EL FINANCIERO. \u2018Un presidente sin partido\u2019, era el t\u00edtulo. Argumentaba que en medio de una crisis financiera detonada por el llamado error de diciembre de 1994 que produjo una fuerte devaluaci\u00f3n del peso mexicano, era muy riesgoso para la estabilidad pol\u00edtica del pa\u00eds que el nuevo mandatario se alejara del PRI que lo hab\u00eda llevado a la presidencia de la Rep\u00fablica.<\/p>\n\n\n\n<p class=\"wp-block-paragraph\">\u201cErnesto Zedillo ha limitado su intervenci\u00f3n en los asuntos internos del PRI -dec\u00eda-, pero eso no garantiza su modernizaci\u00f3n. Parad\u00f3jicamente, propiciar la reforma del PRI requiere, al menos en el corto plazo, de estrategias para inducir su reforma interna.\u201d<\/p>\n\n\n\n<p class=\"wp-block-paragraph\">Treinta a\u00f1os despu\u00e9s, el PRI atraviesa una severa crisis de representaci\u00f3n y la nueva mandataria electa disfruta de una enorme cercan\u00eda con su partido, Morena, que a su vez goza de una hegemon\u00eda floreciente.<\/p>\n\n\n\n<p class=\"wp-block-paragraph\">En 1995 M\u00e9xico estaba en una severa crisis econ\u00f3mica y se avizoraba el fin de una \u00e9poca de hegemon\u00eda pol\u00edtica encabezada por el PRI. En 2024 el pa\u00eds vive el inicio de una nueva hegemon\u00eda en medio de estabilidad pol\u00edtica y econ\u00f3mica.<\/p>\n\n\n\n<p class=\"wp-block-paragraph\">Esto significa que la llamada transici\u00f3n mexicana a la democracia ha sido en realidad el puente entre dos hegemon\u00edas: una del PRI que dur\u00f3 seis d\u00e9cadas y concluy\u00f3 en los a\u00f1os noventa, y otra de Morena, que ha iniciado formalmente en 2024 y cuya duraci\u00f3n es incierta.<\/p>\n\n\n\n<p class=\"wp-block-paragraph\">La expectativa de los a\u00f1os noventa era que la transici\u00f3n nos llevar\u00eda a un sistema de partidos competitivo con una Presidencia acotada por una separaci\u00f3n de poderes p\u00fablicos funcional. En los hechos, hubo un proceso de alternancias pol\u00edticas en la Presidencia y en el resto de los cargos electivos del pa\u00eds, pero nunca se materializ\u00f3 un sistema estable de partidos competitivos.<\/p>\n\n\n\n<p class=\"wp-block-paragraph\">La presidencia de la Rep\u00fablica s\u00ed fue acotada por el Congreso y por el Poder Judicial, pero el experimento dur\u00f3 poco m\u00e1s de dos d\u00e9cadas, entre 1997 y 2024.<\/p>\n\n\n\n<p class=\"wp-block-paragraph\">Fueron los votos los que derribaron la hegemon\u00eda del PRI y son tambi\u00e9n los votos los que erigen la hegemon\u00eda de Morena.<\/p>\n\n\n\n<p class=\"wp-block-paragraph\">Por cierto, en 1995 se acababa de publicar la reforma judicial de Ernesto Zedillo que convirti\u00f3 a la Suprema Corte en un \u00e1rbitro fuerte e independiente; en 2024 veremos otra reforma judicial que puede derribar a la Corte como un gestor de gobernabilidad democr\u00e1tica.<\/p>\n\n\n\n<p class=\"wp-block-paragraph\">Y para quienes critican las prisas de L\u00f3pez Obrador, vale la pena recordar que la propuesta de reforma constitucional de Zedillo se present\u00f3 el 5 de diciembre de 1994. Y fue publicada el 31 de diciembre del mismo a\u00f1o, menos de un mes despu\u00e9s.<\/p>\n","protected":false},"excerpt":{"rendered":"<p>Luis Carlos Ugalde ___________________________ En febrero de 1995 publiqu\u00e9 mi primer art\u00edculo de opini\u00f3n en EL FINANCIERO. \u2018Un presidente sin partido\u2019, era el t\u00edtulo. Argumentaba que en medio de una crisis financiera detonada por el llamado error de diciembre de 1994 que produjo una fuerte devaluaci\u00f3n del peso mexicano, era muy riesgoso para la estabilidad [&hellip;]<\/p>\n","protected":false},"author":6,"featured_media":41111,"comment_status":"open","ping_status":"open","sticky":false,"template":"","format":"standard","meta":{"_acf_changed":false,"_monsterinsights_skip_tracking":false,"slim_seo":{"title":"Contrastes, 1995 vs 2024 - Opini\u00f3n P\u00fablica","description":"Luis Carlos Ugalde ___________________________ En febrero de 1995 publiqu\u00e9 mi primer art\u00edculo de opini\u00f3n en EL FINANCIERO. \u2018Un presidente sin partido\u2019, era el t"},"footnotes":""},"categories":[23],"tags":[843],"class_list":["post-50616","post","type-post","status-publish","format-standard","has-post-thumbnail","hentry","category-democracia-eficaz","tag-luis-carlos-ugalde"],"acf":[],"_links":{"self":[{"href":"https:\/\/www.opinionpublica.tv\/portada\/wp-json\/wp\/v2\/posts\/50616","targetHints":{"allow":["GET"]}}],"collection":[{"href":"https:\/\/www.opinionpublica.tv\/portada\/wp-json\/wp\/v2\/posts"}],"about":[{"href":"https:\/\/www.opinionpublica.tv\/portada\/wp-json\/wp\/v2\/types\/post"}],"author":[{"embeddable":true,"href":"https:\/\/www.opinionpublica.tv\/portada\/wp-json\/wp\/v2\/users\/6"}],"replies":[{"embeddable":true,"href":"https:\/\/www.opinionpublica.tv\/portada\/wp-json\/wp\/v2\/comments?post=50616"}],"version-history":[{"count":2,"href":"https:\/\/www.opinionpublica.tv\/portada\/wp-json\/wp\/v2\/posts\/50616\/revisions"}],"predecessor-version":[{"id":50618,"href":"https:\/\/www.opinionpublica.tv\/portada\/wp-json\/wp\/v2\/posts\/50616\/revisions\/50618"}],"wp:featuredmedia":[{"embeddable":true,"href":"https:\/\/www.opinionpublica.tv\/portada\/wp-json\/wp\/v2\/media\/41111"}],"wp:attachment":[{"href":"https:\/\/www.opinionpublica.tv\/portada\/wp-json\/wp\/v2\/media?parent=50616"}],"wp:term":[{"taxonomy":"category","embeddable":true,"href":"https:\/\/www.opinionpublica.tv\/portada\/wp-json\/wp\/v2\/categories?post=50616"},{"taxonomy":"post_tag","embeddable":true,"href":"https:\/\/www.opinionpublica.tv\/portada\/wp-json\/wp\/v2\/tags?post=50616"}],"curies":[{"name":"wp","href":"https:\/\/api.w.org\/{rel}","templated":true}]}}