{"id":50589,"date":"2025-01-03T00:01:00","date_gmt":"2025-01-03T07:01:00","guid":{"rendered":"https:\/\/www.opinionpublica.tv\/portada\/?p=50589"},"modified":"2025-01-02T16:54:28","modified_gmt":"2025-01-02T23:54:28","slug":"congreso-del-estado-debera-sacar-leyes-secundarias-de-reforma-judicial-el-20-de-enero","status":"publish","type":"post","link":"https:\/\/www.opinionpublica.tv\/portada\/congreso-del-estado-debera-sacar-leyes-secundarias-de-reforma-judicial-el-20-de-enero\/","title":{"rendered":"Congreso estatal debe sacar leyes secundarias de Reforma Judicial antes del 20 de enero"},"content":{"rendered":"\n<figure class=\"wp-block-image size-large\"><img fetchpriority=\"high\" decoding=\"async\" width=\"1024\" height=\"576\" src=\"https:\/\/www.opinionpublica.tv\/portada\/wp-content\/uploads\/2025\/01\/Congreso-estatal-debe-sacar-leyes-secundarias-de-Reforma-Judicial-antes-del-20-de-enero-1024x576.webp\" alt=\"Congreso Estatal Debe Sacar Leyes Secundarias De Reforma Judicial Antes Del 20 De Enero\" class=\"wp-image-50594\" srcset=\"https:\/\/www.opinionpublica.tv\/portada\/wp-content\/uploads\/2025\/01\/Congreso-estatal-debe-sacar-leyes-secundarias-de-Reforma-Judicial-antes-del-20-de-enero-1024x576.webp 1024w, https:\/\/www.opinionpublica.tv\/portada\/wp-content\/uploads\/2025\/01\/Congreso-estatal-debe-sacar-leyes-secundarias-de-Reforma-Judicial-antes-del-20-de-enero-300x169.webp 300w, https:\/\/www.opinionpublica.tv\/portada\/wp-content\/uploads\/2025\/01\/Congreso-estatal-debe-sacar-leyes-secundarias-de-Reforma-Judicial-antes-del-20-de-enero-768x432.webp 768w, https:\/\/www.opinionpublica.tv\/portada\/wp-content\/uploads\/2025\/01\/Congreso-estatal-debe-sacar-leyes-secundarias-de-Reforma-Judicial-antes-del-20-de-enero-1536x863.webp 1536w, https:\/\/www.opinionpublica.tv\/portada\/wp-content\/uploads\/2025\/01\/Congreso-estatal-debe-sacar-leyes-secundarias-de-Reforma-Judicial-antes-del-20-de-enero.webp 1900w\" sizes=\"(max-width: 1024px) 100vw, 1024px\" \/><\/figure>\n\n\n\n<p class=\"wp-block-paragraph\"><em>Chihuahua, Chih<\/em>.- El primer pendiente importante a sacar en el Congreso del Estado para este a\u00f1o es el relativo con las leyes secundarias de la Reforma al Poder Judicial del Estado, para la cual se plante\u00f3 como fecha m\u00e1xima el 20 de enero del a\u00f1o que ya est\u00e1 corriendo.<\/p>\n\n\n\n<p class=\"wp-block-paragraph\">El pasado mes de diciembre, el Poder Legislativo del Estado aprob\u00f3 por mayor\u00eda de votos la armonizaci\u00f3n de la Reforma Judicial con la que se estableci\u00f3 que se someter\u00e1n a la elecci\u00f3n popular todos los cargos el pr\u00f3ximo 1 de junio.<\/p>\n\n\n\n<p class=\"wp-block-paragraph\">Para ello, es necesario que se adecuen igualmente las leyes secundarias en las que se establecer\u00e1n los lineamientos faltantes, a fin de que los organismos electorales puedan continuar con la organizaci\u00f3n de esta contienda electoral.<\/p>\n\n\n\n<p class=\"wp-block-paragraph\">Ser\u00e1 este viernes cuando los legisladores retomen sus labores tras estos d\u00edas de descanso por las fiestas decembrinas. La sesi\u00f3n de la Diputaci\u00f3n Permanente se tiene programada para este 3 de enero en punto de las 11:00 horas.<\/p>\n\n\n\n<p class=\"wp-block-paragraph\">Durante este periodo se espera que no haya tanto movimiento, y posteriormente, se programe un periodo extraordinario en el que se espera que se enliste el tema referido para poder desahogarlo y concluir con ese pendiente.<\/p>\n\n\n\n<p class=\"wp-block-paragraph\">Entre los otros asuntos que se tienen pendientes, se enlistan varias minutas que han sido enviadas por el Congreso de la Uni\u00f3n, como la relacionada con la inimpugnabilidad de las reformas, y la del tema de seguridad p\u00fablica.<\/p>\n\n\n\n<p class=\"wp-block-paragraph\">Otros asuntos enviados por la Federaci\u00f3n son el de la prisi\u00f3n preventiva oficiosa, el de los organismos aut\u00f3nomos, y el del referente con la producci\u00f3n, elaboraci\u00f3n y enajenaci\u00f3n de cigarrillos electr\u00f3nicos y vapeadores.<\/p>\n\n\n\n<p class=\"wp-block-paragraph\">Todos estos deben ser analizados por la Comisi\u00f3n correspondiente para que elaboren el dictamen y armonicen en lo local lo referido. Dichos dict\u00e1menes se someter\u00e1n posteriormente a la votaci\u00f3n del Pleno. (OEM)<\/p>\n","protected":false},"excerpt":{"rendered":"<p>Chihuahua, Chih.- El primer pendiente importante a sacar en el Congreso del Estado para este a\u00f1o es el relativo con las leyes secundarias de la Reforma al Poder Judicial del Estado, para la cual se plante\u00f3 como fecha m\u00e1xima el 20 de enero del a\u00f1o que ya est\u00e1 corriendo. El pasado mes de diciembre, el [&hellip;]<\/p>\n","protected":false},"author":6,"featured_media":50594,"comment_status":"open","ping_status":"open","sticky":false,"template":"","format":"standard","meta":{"_acf_changed":false,"_monsterinsights_skip_tracking":false,"slim_seo":{"title":"Congreso estatal debe sacar leyes secundarias de Reforma Judicial antes del 20 de enero - Opini\u00f3n P\u00fablica","description":"Chihuahua, Chih .- El primer pendiente importante a sacar en el Congreso del Estado para este a\u00f1o es el relativo con las leyes secundarias de la Reforma al Pode"},"footnotes":""},"categories":[4],"tags":[],"class_list":["post-50589","post","type-post","status-publish","format-standard","has-post-thumbnail","hentry","category-pulsopolitico"],"acf":[],"_links":{"self":[{"href":"https:\/\/www.opinionpublica.tv\/portada\/wp-json\/wp\/v2\/posts\/50589","targetHints":{"allow":["GET"]}}],"collection":[{"href":"https:\/\/www.opinionpublica.tv\/portada\/wp-json\/wp\/v2\/posts"}],"about":[{"href":"https:\/\/www.opinionpublica.tv\/portada\/wp-json\/wp\/v2\/types\/post"}],"author":[{"embeddable":true,"href":"https:\/\/www.opinionpublica.tv\/portada\/wp-json\/wp\/v2\/users\/6"}],"replies":[{"embeddable":true,"href":"https:\/\/www.opinionpublica.tv\/portada\/wp-json\/wp\/v2\/comments?post=50589"}],"version-history":[{"count":4,"href":"https:\/\/www.opinionpublica.tv\/portada\/wp-json\/wp\/v2\/posts\/50589\/revisions"}],"predecessor-version":[{"id":50595,"href":"https:\/\/www.opinionpublica.tv\/portada\/wp-json\/wp\/v2\/posts\/50589\/revisions\/50595"}],"wp:featuredmedia":[{"embeddable":true,"href":"https:\/\/www.opinionpublica.tv\/portada\/wp-json\/wp\/v2\/media\/50594"}],"wp:attachment":[{"href":"https:\/\/www.opinionpublica.tv\/portada\/wp-json\/wp\/v2\/media?parent=50589"}],"wp:term":[{"taxonomy":"category","embeddable":true,"href":"https:\/\/www.opinionpublica.tv\/portada\/wp-json\/wp\/v2\/categories?post=50589"},{"taxonomy":"post_tag","embeddable":true,"href":"https:\/\/www.opinionpublica.tv\/portada\/wp-json\/wp\/v2\/tags?post=50589"}],"curies":[{"name":"wp","href":"https:\/\/api.w.org\/{rel}","templated":true}]}}