{"id":50576,"date":"2025-01-02T00:01:00","date_gmt":"2025-01-02T07:01:00","guid":{"rendered":"https:\/\/www.opinionpublica.tv\/portada\/?p=50576"},"modified":"2025-01-01T19:26:09","modified_gmt":"2025-01-02T02:26:09","slug":"el-reto-para-2025-es-redoblar-esfuerzos-a-favor-de-juarez-secretario-del-ayuntamiento","status":"publish","type":"post","link":"https:\/\/www.opinionpublica.tv\/portada\/el-reto-para-2025-es-redoblar-esfuerzos-a-favor-de-juarez-secretario-del-ayuntamiento\/","title":{"rendered":"El reto para 2025 es redoblar esfuerzos a favor de Ju\u00e1rez: secretario del Ayuntamiento"},"content":{"rendered":"\n<figure class=\"wp-block-image size-large\"><img fetchpriority=\"high\" decoding=\"async\" width=\"1024\" height=\"682\" src=\"https:\/\/www.opinionpublica.tv\/portada\/wp-content\/uploads\/2025\/01\/El-reto-para-2025-es-redoblar-esfuerzos-a-favor-de-Juarez-secretario-del-Ayuntamiento-1-1024x682.jpeg\" alt=\"El Reto Para 2025 Es Redoblar Esfuerzos A Favor De Jua\u0301rez Secretario Del Ayuntamiento\" class=\"wp-image-50577\" srcset=\"https:\/\/www.opinionpublica.tv\/portada\/wp-content\/uploads\/2025\/01\/El-reto-para-2025-es-redoblar-esfuerzos-a-favor-de-Juarez-secretario-del-Ayuntamiento-1-1024x682.jpeg 1024w, https:\/\/www.opinionpublica.tv\/portada\/wp-content\/uploads\/2025\/01\/El-reto-para-2025-es-redoblar-esfuerzos-a-favor-de-Juarez-secretario-del-Ayuntamiento-1-300x200.jpeg 300w, https:\/\/www.opinionpublica.tv\/portada\/wp-content\/uploads\/2025\/01\/El-reto-para-2025-es-redoblar-esfuerzos-a-favor-de-Juarez-secretario-del-Ayuntamiento-1-768x512.jpeg 768w, https:\/\/www.opinionpublica.tv\/portada\/wp-content\/uploads\/2025\/01\/El-reto-para-2025-es-redoblar-esfuerzos-a-favor-de-Juarez-secretario-del-Ayuntamiento-1-1536x1023.jpeg 1536w, https:\/\/www.opinionpublica.tv\/portada\/wp-content\/uploads\/2025\/01\/El-reto-para-2025-es-redoblar-esfuerzos-a-favor-de-Juarez-secretario-del-Ayuntamiento-1.jpeg 1600w\" sizes=\"(max-width: 1024px) 100vw, 1024px\" \/><\/figure>\n\n\n\n<p class=\"wp-block-paragraph\"><em>Ciudad Ju\u00e1rez, Chih<\/em>.- El reto para este nuevo a\u00f1o es redoblar esfuerzos a favor de la sociedad, expres\u00f3 el secretario del Ayuntamiento, H\u00e9ctor Rafael Ortiz Orpinel.<\/p>\n\n\n\n<p class=\"wp-block-paragraph\">Mencion\u00f3 que este 2025 ser\u00e1 un a\u00f1o de mucho trabajo, ya que es la instrucci\u00f3n del Alcalde, Cruz P\u00e9rez Cu\u00e9llar, quien durante la Administraci\u00f3n Municipal 2021-2024 rompi\u00f3 todos los r\u00e9cords.<\/p>\n\n\n\n<p class=\"wp-block-paragraph\">Precisamente la ciudad se siente viva gracias a todo el trabajo que ha realizado el presidente juarense, a\u00f1adi\u00f3.<\/p>\n\n\n\n<p class=\"wp-block-paragraph\">\u201cRecibimos este nuevo a\u00f1o con todas las ganas\u201d y sin duda ser\u00e1 emblem\u00e1tico para los fronterizos, ya que todo el trabajo que realiza el Gobierno Municipal est\u00e1 enfocado en mejorar la calidad de vida de los ciudadanos.<\/p>\n","protected":false},"excerpt":{"rendered":"<p>Ciudad Ju\u00e1rez, Chih.- El reto para este nuevo a\u00f1o es redoblar esfuerzos a favor de la sociedad, expres\u00f3 el secretario del Ayuntamiento, H\u00e9ctor Rafael Ortiz Orpinel. Mencion\u00f3 que este 2025 ser\u00e1 un a\u00f1o de mucho trabajo, ya que es la instrucci\u00f3n del Alcalde, Cruz P\u00e9rez Cu\u00e9llar, quien durante la Administraci\u00f3n Municipal 2021-2024 rompi\u00f3 todos los [&hellip;]<\/p>\n","protected":false},"author":6,"featured_media":50574,"comment_status":"open","ping_status":"open","sticky":false,"template":"","format":"standard","meta":{"_acf_changed":false,"_monsterinsights_skip_tracking":false,"slim_seo":{"title":"El reto para 2025 es redoblar esfuerzos a favor de Ju\u00e1rez: secretario del Ayuntamiento - Opini\u00f3n P\u00fablica","description":"Ciudad Ju\u00e1rez, Chih .- El reto para este nuevo a\u00f1o es redoblar esfuerzos a favor de la sociedad, expres\u00f3 el secretario del Ayuntamiento, H\u00e9ctor Rafael Ortiz Orp"},"footnotes":""},"categories":[41],"tags":[],"class_list":["post-50576","post","type-post","status-publish","format-standard","has-post-thumbnail","hentry","category-juarez"],"acf":[],"_links":{"self":[{"href":"https:\/\/www.opinionpublica.tv\/portada\/wp-json\/wp\/v2\/posts\/50576","targetHints":{"allow":["GET"]}}],"collection":[{"href":"https:\/\/www.opinionpublica.tv\/portada\/wp-json\/wp\/v2\/posts"}],"about":[{"href":"https:\/\/www.opinionpublica.tv\/portada\/wp-json\/wp\/v2\/types\/post"}],"author":[{"embeddable":true,"href":"https:\/\/www.opinionpublica.tv\/portada\/wp-json\/wp\/v2\/users\/6"}],"replies":[{"embeddable":true,"href":"https:\/\/www.opinionpublica.tv\/portada\/wp-json\/wp\/v2\/comments?post=50576"}],"version-history":[{"count":1,"href":"https:\/\/www.opinionpublica.tv\/portada\/wp-json\/wp\/v2\/posts\/50576\/revisions"}],"predecessor-version":[{"id":50578,"href":"https:\/\/www.opinionpublica.tv\/portada\/wp-json\/wp\/v2\/posts\/50576\/revisions\/50578"}],"wp:featuredmedia":[{"embeddable":true,"href":"https:\/\/www.opinionpublica.tv\/portada\/wp-json\/wp\/v2\/media\/50574"}],"wp:attachment":[{"href":"https:\/\/www.opinionpublica.tv\/portada\/wp-json\/wp\/v2\/media?parent=50576"}],"wp:term":[{"taxonomy":"category","embeddable":true,"href":"https:\/\/www.opinionpublica.tv\/portada\/wp-json\/wp\/v2\/categories?post=50576"},{"taxonomy":"post_tag","embeddable":true,"href":"https:\/\/www.opinionpublica.tv\/portada\/wp-json\/wp\/v2\/tags?post=50576"}],"curies":[{"name":"wp","href":"https:\/\/api.w.org\/{rel}","templated":true}]}}