{"id":50552,"date":"2025-01-02T00:01:00","date_gmt":"2025-01-02T07:01:00","guid":{"rendered":"https:\/\/www.opinionpublica.tv\/portada\/?p=50552"},"modified":"2025-01-01T19:08:06","modified_gmt":"2025-01-02T02:08:06","slug":"de-la-derrota-a-la-creacion-de-un-nuevo-partido-xochitl-galvez-prepara-nuevos-retos","status":"publish","type":"post","link":"https:\/\/www.opinionpublica.tv\/portada\/de-la-derrota-a-la-creacion-de-un-nuevo-partido-xochitl-galvez-prepara-nuevos-retos\/","title":{"rendered":"De la derrota a la creaci\u00f3n de un nuevo partido; X\u00f3chitl G\u00e1lvez prepara nuevos retos"},"content":{"rendered":"\n<figure class=\"wp-block-image size-full\"><img fetchpriority=\"high\" decoding=\"async\" width=\"1100\" height=\"666\" src=\"https:\/\/www.opinionpublica.tv\/portada\/wp-content\/uploads\/2025\/01\/De-la-derrota-a-la-creacion-de-un-nuevo-partido-Xochitl-Galvez-prepara-nuevos-retos.avif\" alt=\"De La Derrota A La Creacio\u0301n De Un Nuevo Partido; Xo\u0301chitl Ga\u0301lvez Prepara Nuevos Retos\" class=\"wp-image-50554\"\/><\/figure>\n\n\n\n<p class=\"wp-block-paragraph\">Tras darle la vuelta a la p\u00e1gina de la elecci\u00f3n presidencial, la excandidata opositora X\u00f3chitl G\u00e1lvez prepara la creaci\u00f3n de un nuevo partido pol\u00edtico.<\/p>\n\n\n\n<p class=\"wp-block-paragraph\">Al reflexionar sobre la derrota electoral ante la morenista Claudia Sheinbaum, en charla con el peri\u00f3dico El Universal, la ex senadora se\u00f1ala que a los tres partidos que la postularon, PAN, PRI y PRD, les falt\u00f3 hacer trabajo en territorio y fallaron al no cubrir con representantes el 100 por ciento de las casillas.<\/p>\n\n\n\n<p class=\"wp-block-paragraph\">\u201cCuando yo digo que sobr\u00f3 ciudadan\u00eda e hicieron falta partidos que tuvieran trabajo territorial, nadie deber\u00eda sentirse ofendido; al contrario, los partidos tendr\u00edan que verlo como una oportunidad para regresar al trabajo de tierra\u201d, resalt\u00f3.<\/p>\n\n\n\n<p class=\"wp-block-paragraph\">No obstante, admite que nadie puede alegar un fraude electoral, porque, aunque se trat\u00f3 de una \u201celecci\u00f3n de Estado, con intervenci\u00f3n indebida del Presidente de la Rep\u00fablica, uso de dinero p\u00fablico en favor de la candidata oficial\u201d, la oposici\u00f3n no pudo convencer al electorado de que su proyecto era mejor que el de Morena.<\/p>\n\n\n\n<p class=\"wp-block-paragraph\">\u201cAlgo que acepto y reconozco es que la oposici\u00f3n en su conjunto nunca pudimos construir una narrativa que pudiera hacer que la gente pensara en nosotros con una opci\u00f3n a la Presidencia de la Rep\u00fablica. No se ve\u00eda que la gente en ese momento pudiera apostarle a un proyecto distinto a Morena, porque no logramos hacer que la gente sintiera que las cosas no caminaban bien.<\/p>\n\n\n\n<p class=\"wp-block-paragraph\">X\u00f3chitl G\u00e1lvez subray\u00f3 que nunca imagin\u00f3 competir por la Presidencia de la Rep\u00fablica porque estaba enfocada en otros proyectos, pero las circunstancias y la falta de liderazgos hicieron que los mexicanos se sent\u00edan \u201chu\u00e9rfanos\u201d.<\/p>\n\n\n\n<p class=\"wp-block-paragraph\">\u201cDe repente sale lo de la encadenada en Xicot\u00e9ncatl, la gente dice: Esta mujer tiene tompiates, no se vence, esta mujer es entrona, y creo que desde ah\u00ed las cosas empiezan a cambiar. (\u2026) Ah\u00ed es donde se vuelve una posibilidad que sea la candidata.<\/p>\n\n\n\n<p class=\"wp-block-paragraph\">\u201cHay quien me quiere cobrar la factura y decirme: Es que te hicimos la candidata. S\u00ed g\u00fceyes, porque no ten\u00edan a nadie, si hubieran tenido a alguien dentro de los partidos, con el trabajo pol\u00edtico necesario, pues seguramente no me hubieran hecho la candidata, \u00bfno?, esa es la verdad de las cosas\u201d.<\/p>\n\n\n\n<p class=\"wp-block-paragraph\">-\u00bfEstaba consciente de lo que enfrentaba en la elecci\u00f3n presidencial?<\/p>\n\n\n\n<p class=\"wp-block-paragraph\">-S\u00ed sab\u00eda a lo que iba, s\u00ed sab\u00eda que Morena era una maquinaria muy poderosa, s\u00ed me daba cuenta de las alianzas que hac\u00eda Morena con integrantes del PRI, c\u00f3mo iban pactando la entrega de estados a favor de Morena a cambio de impunidad, y el mejor caso lo estamos viendo el d\u00eda de hoy con Alejandro Murat, que nunca quiso ser candidato a la presidencia del PRI. Es la verdad, Alejandro Murat lo que quer\u00eda era la impunidad para lo que hab\u00eda hecho en el Infonavit.<\/p>\n\n\n\n<p class=\"wp-block-paragraph\">Entonces, ante eso yo sab\u00eda que iba a ser una proeza, pero la emoci\u00f3n que se levant\u00f3, el \u00e1nimo, la esperanza, esa nadie la puede negar, cosa que no hubo en la campa\u00f1a de Claudia sheinbaum. En la campa\u00f1a de Claudia sheinbaum hab\u00eda acarreo, amenazas, paga, y en la de nosotros hab\u00eda entusiasmo.<\/p>\n\n\n\n<p class=\"wp-block-paragraph\">-\u00bfHay alguna autocr\u00edtica?<\/p>\n\n\n\n<p class=\"wp-block-paragraph\">Obviamente muchas, todas. Los partidos no ten\u00edan listos estudios, hubiera sido yo, Santiago, Enrique de la Madrid, cualquiera el candidato, de cu\u00e1l deber\u00eda ser ese mensaje que le compitiera a Morena, que hab\u00eda construido un andamiaje tan complejo con los Servidores de la Naci\u00f3n, con los recursos p\u00fablicos, con cinco a\u00f1os de campa\u00f1a anticipada, con una elecci\u00f3n de Estado, que era muy poco lo que se le pod\u00eda contrarrestar.<\/p>\n\n\n\n<p class=\"wp-block-paragraph\">Obviamente, si nos hubi\u00e9semos preparado con m\u00e1s tiempo, como Claudia con cinco a\u00f1os de anticipaci\u00f3n, seguramente hubi\u00e9ramos dado una mayor pelea, o sea cinco a\u00f1os de precampa\u00f1a es una ventaja tremenda y sobre todo haciendo uso de los recursos p\u00fablicos, del aparato del gobierno, de los funcionarios p\u00fablicos, del apoyo del presidente, de los \u00f3rganos electorales a tu favor.<\/p>\n\n\n\n<p class=\"wp-block-paragraph\">-\u00bfHubo campa\u00f1a negra en su contra?<\/p>\n\n\n\n<p class=\"wp-block-paragraph\">Se metieron con mis hijos, se metieron con mis empresas, se metieron con mis clientes, se metieron con mi vida desde la propia Presidencia de la Rep\u00fablica, haciendo uso de informaci\u00f3n privilegiada, se pagaron a cientos de youtubers con dinero p\u00fablico para amplificar mensajes falsos. Ellos hicieron creer a la gente que de vender gelatinas me hab\u00eda vuelto millonaria.<\/p>\n\n\n\n<p class=\"wp-block-paragraph\">-\u00bfFue un error reconocer su derrota de inmediato?<\/p>\n\n\n\n<p class=\"wp-block-paragraph\">La llamada a Claudia Sheinbaum, me parece que fue falta de \u00e9tica de la presidenta que la hiciera p\u00fablica sin esperar a que yo lo hiciera. O sea, yo la llam\u00e9 en la confianza, nunca me dijo \u201c\u00bfpuedo hacer p\u00fablica esta llamada?\u201d, al final la hicieron p\u00fablica y, bueno, la consecuencia es la que existe, la llamada fue unos minutos antes de que yo saliera a reconocer la derrota.<\/p>\n\n\n\n<p class=\"wp-block-paragraph\">Hay mucho cuestionamiento de por qu\u00e9 yo reconoc\u00ed la derrota, lo hice a las 11:30 de la noche, momento en el que ten\u00edamos ya encuestas del conteo r\u00e1pido y ten\u00edamos ya confirmaci\u00f3n de encuestas reales, no las que me hicieron creer que hab\u00eda a las 7 de la noche, donde hab\u00edamos ganado la Ciudad de M\u00e9xico, Veracruz, Yucat\u00e1n, Puebla, Morelos, o sea, falso que hab\u00edamos ganado esos estados, y a las 6:30 de la tarde en los partidos me dijeron que sus encuestas dec\u00edan que hab\u00edamos ganado y, pues, la verdad de las cosas es que no hab\u00edamos ganado.<\/p>\n\n\n\n<p class=\"wp-block-paragraph\">Yo me compromet\u00ed con los mexicanos a decirles siempre la verdad y lo que hice esa noche fue reconocer que no me favorec\u00eda. Yo soy una dem\u00f3crata, y la derrota no hab\u00eda sido por 100 mil votos, hab\u00eda sido por una diferencia muy amplia y creo que si uno compite tiene que ser congruente, y en ese sentido yo simplemente fui consecuente con lo que pienso, con lo que creo y con lo que defiendo, que es la democracia.<\/p>\n\n\n\n<p class=\"wp-block-paragraph\">-\u00bfQu\u00e9 le dice a quienes afirman que \u201cdescubrieron\u201d el algoritmo del fraude?<\/p>\n\n\n\n<p class=\"wp-block-paragraph\">Que me encantar\u00eda que fuera cierto, pero pues justo las actas que tenemos son las que yo le ped\u00ed a los ciudadanos que mandaran, muchos a trav\u00e9s de mis redes participamos en los conteos y en los conteos distritales se confirmaron los resultados, o sea, no hubo manera de decir que hab\u00eda habido un fraude. Puede ser que haya actas manipuladas, casillas zapato, casillas donde hay m\u00e1s votos de los que ten\u00eda el padr\u00f3n electoral, pero la suma de todo esto no representa una diferencia significativa. Con 17 mil actas, yo se los he dicho, a ellos los respeto much\u00edsimo, no hay manera de que sea una muestra estad\u00edstica confiable.<\/p>\n\n\n\n<p class=\"wp-block-paragraph\">-\u00bfC\u00f3mo qued\u00f3 su relaci\u00f3n con el PAN y el PRI?<\/p>\n\n\n\n<p class=\"wp-block-paragraph\">Qued\u00f3 en t\u00e9rminos respetuosos, yo creo que no pueden decir que fui una candidata floja, una candidata que no se la parti\u00f3 en la calle, en el territorio, no dej\u00e9 de hacer un solo d\u00eda de campa\u00f1a. Hab\u00eda momentos en que estaba enferma, me esguinc\u00e9 un pie y as\u00ed estuve en la calle d\u00e1ndole, animando, tan es as\u00ed que hab\u00eda mucha gente que pensaba que pod\u00edamos ganar, porque el \u00e1nimo en la calle s\u00ed se reflejaba distinto. \u00bfAl final gan\u00f3 el pragmatismo?, pues es posible, pero no pueden decir que no di lo que ten\u00eda que dar.<\/p>\n\n\n\n<p class=\"wp-block-paragraph\">-\u00bfC\u00f3mo va su proyecto de nuevo partido pol\u00edtico?<\/p>\n\n\n\n<p class=\"wp-block-paragraph\">Justo estamos en ese trabajo, ya tenemos documentos b\u00e1sicos, hemos platicado con otros actores pol\u00edticos, yo creo que hay dos vertientes, una, los partidos que est\u00e1n tienen que ser mejores. Esta necesidad de un nuevo partido, creo que tiene que haber un solo esfuerzo, no puede haber 20, 30 esfuerzos. Posiblemente haya un esfuerzo de ultraderecha, que obviamente yo ah\u00ed no me siento identificada, ultraizquierda no la veo, pero ultraderecha s\u00ed y quiz\u00e1 uno m\u00e1s de centro, m\u00e1s de causas, y ese es el que de alguna manera un grupo de ciudadanos creemos que hay que impulsar. Yo tengo que acabar de analizar con detalle, pero hay una meta en mi mente, independientemente de cualquier cosa, cubrir el 100% de las casillas electorales en el 2027.<\/p>\n\n\n\n<p class=\"wp-block-paragraph\">-\u00bfHabr\u00e1 dos proyectos de nuevos partidos o el Frente C\u00edvico y usted ir\u00e1n juntos?<\/p>\n\n\n\n<p class=\"wp-block-paragraph\">Hay pl\u00e1ticas y el tema tiene que ser que s\u00ed sea algo distinto, que s\u00ed sea algo que pueda emocionar a los mexicanos, si es m\u00e1s de lo mismo, creo que no tendr\u00eda caso.<\/p>\n\n\n\n<p class=\"wp-block-paragraph\"><em>Cr\u00e9ditos: El Universal<\/em>.<\/p>\n","protected":false},"excerpt":{"rendered":"<p>Tras darle la vuelta a la p\u00e1gina de la elecci\u00f3n presidencial, la excandidata opositora X\u00f3chitl G\u00e1lvez prepara la creaci\u00f3n de un nuevo partido pol\u00edtico. Al reflexionar sobre la derrota electoral ante la morenista Claudia Sheinbaum, en charla con el peri\u00f3dico El Universal, la ex senadora se\u00f1ala que a los tres partidos que la postularon, PAN, [&hellip;]<\/p>\n","protected":false},"author":6,"featured_media":50554,"comment_status":"open","ping_status":"open","sticky":false,"template":"","format":"standard","meta":{"_acf_changed":false,"_monsterinsights_skip_tracking":false,"slim_seo":{"title":"De la derrota a la creaci\u00f3n de un nuevo partido; X\u00f3chitl G\u00e1lvez prepara nuevos retos - Opini\u00f3n P\u00fablica","description":"Tras darle la vuelta a la p\u00e1gina de la elecci\u00f3n presidencial, la excandidata opositora X\u00f3chitl G\u00e1lvez prepara la creaci\u00f3n de un nuevo partido pol\u00edtico. Al refle"},"footnotes":""},"categories":[4],"tags":[],"class_list":["post-50552","post","type-post","status-publish","format-standard","has-post-thumbnail","hentry","category-pulsopolitico"],"acf":[],"_links":{"self":[{"href":"https:\/\/www.opinionpublica.tv\/portada\/wp-json\/wp\/v2\/posts\/50552","targetHints":{"allow":["GET"]}}],"collection":[{"href":"https:\/\/www.opinionpublica.tv\/portada\/wp-json\/wp\/v2\/posts"}],"about":[{"href":"https:\/\/www.opinionpublica.tv\/portada\/wp-json\/wp\/v2\/types\/post"}],"author":[{"embeddable":true,"href":"https:\/\/www.opinionpublica.tv\/portada\/wp-json\/wp\/v2\/users\/6"}],"replies":[{"embeddable":true,"href":"https:\/\/www.opinionpublica.tv\/portada\/wp-json\/wp\/v2\/comments?post=50552"}],"version-history":[{"count":2,"href":"https:\/\/www.opinionpublica.tv\/portada\/wp-json\/wp\/v2\/posts\/50552\/revisions"}],"predecessor-version":[{"id":50555,"href":"https:\/\/www.opinionpublica.tv\/portada\/wp-json\/wp\/v2\/posts\/50552\/revisions\/50555"}],"wp:featuredmedia":[{"embeddable":true,"href":"https:\/\/www.opinionpublica.tv\/portada\/wp-json\/wp\/v2\/media\/50554"}],"wp:attachment":[{"href":"https:\/\/www.opinionpublica.tv\/portada\/wp-json\/wp\/v2\/media?parent=50552"}],"wp:term":[{"taxonomy":"category","embeddable":true,"href":"https:\/\/www.opinionpublica.tv\/portada\/wp-json\/wp\/v2\/categories?post=50552"},{"taxonomy":"post_tag","embeddable":true,"href":"https:\/\/www.opinionpublica.tv\/portada\/wp-json\/wp\/v2\/tags?post=50552"}],"curies":[{"name":"wp","href":"https:\/\/api.w.org\/{rel}","templated":true}]}}