{"id":50525,"date":"2025-01-02T00:01:00","date_gmt":"2025-01-02T07:01:00","guid":{"rendered":"https:\/\/www.opinionpublica.tv\/portada\/?p=50525"},"modified":"2025-01-01T17:47:53","modified_gmt":"2025-01-02T00:47:53","slug":"mensaje-de-ano-nuevo-2025-de-la-presidenta-claudia-sheinbaum-pardo","status":"publish","type":"post","link":"https:\/\/www.opinionpublica.tv\/portada\/mensaje-de-ano-nuevo-2025-de-la-presidenta-claudia-sheinbaum-pardo\/","title":{"rendered":"Video: Mensaje de A\u00f1o Nuevo 2025, presidenta Claudia Sheinbaum"},"content":{"rendered":"\n<figure class=\"wp-block-embed is-type-video is-provider-youtube wp-block-embed-youtube wp-embed-aspect-16-9 wp-has-aspect-ratio\"><div class=\"wp-block-embed__wrapper\">\n<iframe title=\"Mensaje de A\u00f1o Nuevo 2025 de la presidenta Claudia Sheinbaum Pardo\" width=\"800\" height=\"450\" src=\"https:\/\/www.youtube.com\/embed\/ZU00JvbPFO0?feature=oembed\" frameborder=\"0\" allow=\"accelerometer; autoplay; clipboard-write; encrypted-media; gyroscope; picture-in-picture; web-share\" referrerpolicy=\"strict-origin-when-cross-origin\" allowfullscreen><\/iframe>\n<\/div><\/figure>\n\n\n\n<p class=\"wp-block-paragraph\">Mensaje de A\u00f1o Nuevo 2025 de la presidenta de M\u00e9xico, Claudia Sheinbaum Pardo.<a href=\"https:\/\/www.youtube.com\/@ClaudiaSheinbaumP\"><\/a><\/p>\n","protected":false},"excerpt":{"rendered":"<p>Mensaje de A\u00f1o Nuevo 2025 de la presidenta de M\u00e9xico, Claudia Sheinbaum Pardo.<\/p>\n","protected":false},"author":6,"featured_media":50529,"comment_status":"open","ping_status":"open","sticky":false,"template":"","format":"standard","meta":{"_acf_changed":false,"_monsterinsights_skip_tracking":false,"slim_seo":{"title":"Video: Mensaje de A\u00f1o Nuevo 2025, presidenta Claudia Sheinbaum - Opini\u00f3n P\u00fablica","description":"https:\/\/youtu.be\/ZU00JvbPFO0?si=lZR4bI-8w03E4mns Mensaje de A\u00f1o Nuevo 2025 de la presidenta de M\u00e9xico, Claudia Sheinbaum Pardo."},"footnotes":""},"categories":[2,13,8],"tags":[],"class_list":["post-50525","post","type-post","status-publish","format-standard","has-post-thumbnail","hentry","category-videos-destacados","category-videos-destacados-contenido","category-videos"],"acf":[],"_links":{"self":[{"href":"https:\/\/www.opinionpublica.tv\/portada\/wp-json\/wp\/v2\/posts\/50525","targetHints":{"allow":["GET"]}}],"collection":[{"href":"https:\/\/www.opinionpublica.tv\/portada\/wp-json\/wp\/v2\/posts"}],"about":[{"href":"https:\/\/www.opinionpublica.tv\/portada\/wp-json\/wp\/v2\/types\/post"}],"author":[{"embeddable":true,"href":"https:\/\/www.opinionpublica.tv\/portada\/wp-json\/wp\/v2\/users\/6"}],"replies":[{"embeddable":true,"href":"https:\/\/www.opinionpublica.tv\/portada\/wp-json\/wp\/v2\/comments?post=50525"}],"version-history":[{"count":4,"href":"https:\/\/www.opinionpublica.tv\/portada\/wp-json\/wp\/v2\/posts\/50525\/revisions"}],"predecessor-version":[{"id":50531,"href":"https:\/\/www.opinionpublica.tv\/portada\/wp-json\/wp\/v2\/posts\/50525\/revisions\/50531"}],"wp:featuredmedia":[{"embeddable":true,"href":"https:\/\/www.opinionpublica.tv\/portada\/wp-json\/wp\/v2\/media\/50529"}],"wp:attachment":[{"href":"https:\/\/www.opinionpublica.tv\/portada\/wp-json\/wp\/v2\/media?parent=50525"}],"wp:term":[{"taxonomy":"category","embeddable":true,"href":"https:\/\/www.opinionpublica.tv\/portada\/wp-json\/wp\/v2\/categories?post=50525"},{"taxonomy":"post_tag","embeddable":true,"href":"https:\/\/www.opinionpublica.tv\/portada\/wp-json\/wp\/v2\/tags?post=50525"}],"curies":[{"name":"wp","href":"https:\/\/api.w.org\/{rel}","templated":true}]}}