{"id":50518,"date":"2025-01-03T00:01:00","date_gmt":"2025-01-03T07:01:00","guid":{"rendered":"https:\/\/www.opinionpublica.tv\/portada\/?p=50518"},"modified":"2025-01-01T17:40:58","modified_gmt":"2025-01-02T00:40:58","slug":"efemerides-3-de-enero-9","status":"publish","type":"post","link":"https:\/\/www.opinionpublica.tv\/portada\/efemerides-3-de-enero-9\/","title":{"rendered":"Efem\u00e9rides 3 de enero"},"content":{"rendered":"\n<p class=\"wp-block-paragraph\"><em>Un d\u00eda 3 de enero como hoy, pero de 1870, comienza la construcci\u00f3n del puente de Brooklyn en Nueva York.<\/em><\/p>\n\n\n\n<figure class=\"wp-block-image size-full\"><img fetchpriority=\"high\" decoding=\"async\" width=\"876\" height=\"543\" src=\"https:\/\/www.opinionpublica.tv\/portada\/wp-content\/uploads\/2025\/01\/1870-comienza-la-construccion-del-puente-de-Brooklyn-en-Nueva-York.jpg\" alt=\"1870, Comienza La Construccio\u0301n Del Puente De Brooklyn En Nueva York\" class=\"wp-image-50519\" srcset=\"https:\/\/www.opinionpublica.tv\/portada\/wp-content\/uploads\/2025\/01\/1870-comienza-la-construccion-del-puente-de-Brooklyn-en-Nueva-York.jpg 876w, https:\/\/www.opinionpublica.tv\/portada\/wp-content\/uploads\/2025\/01\/1870-comienza-la-construccion-del-puente-de-Brooklyn-en-Nueva-York-300x186.jpg 300w, https:\/\/www.opinionpublica.tv\/portada\/wp-content\/uploads\/2025\/01\/1870-comienza-la-construccion-del-puente-de-Brooklyn-en-Nueva-York-768x476.jpg 768w\" sizes=\"(max-width: 876px) 100vw, 876px\" \/><\/figure>\n\n\n\n<p class=\"wp-block-paragraph\"><strong>Otras efem\u00e9rides<\/strong><\/p>\n\n\n\n<p class=\"wp-block-paragraph\">1521.- El Papa Le\u00f3n X excomulga a Lutero.<\/p>\n\n\n\n<p class=\"wp-block-paragraph\">1749.- Se publica por primera vez, en Copenhague, el peri\u00f3dico \u00abBerlingske Tidende\u00bb, decano de la prensa diaria mundial.<\/p>\n\n\n\n<p class=\"wp-block-paragraph\">1833.- Las Islas Malvinas son ocupadas por fuerzas brit\u00e1nicas que desalojan a la poblaci\u00f3n y a las autoridades argentinas all\u00ed establecidas.<\/p>\n\n\n\n<p class=\"wp-block-paragraph\">1857.- Es asesinado el arzobispo de Par\u00eds, monse\u00f1or Sibour, de una pu\u00f1alada en el coraz\u00f3n, mientras oficiaba en una iglesia.<\/p>\n\n\n\n<p class=\"wp-block-paragraph\">1871.- El qu\u00edmico estadounidense Henry Bradley patenta la margarina.<\/p>\n\n\n\n<p class=\"wp-block-paragraph\">1911.- Estados Unidos ordena la retirada de sus tropas de Nicaragua y reconoce al nuevo Gobierno presidido por Juan Jos\u00e9 Estrada, quien, mediante los \u00abacuerdos Dawson\u00bb, convirti\u00f3 a su pa\u00eds en una dependencia norteamericana.<\/p>\n\n\n\n<p class=\"wp-block-paragraph\">1925.- Benito Mussolini pone fuera de la ley a los partidos de la oposici\u00f3n, lo que deja al Partido Fascista como \u00fanico en Italia.<\/p>\n\n\n\n<p class=\"wp-block-paragraph\">1929.- La fundaci\u00f3n Laura Spelman Rockefeller Memorial se integra en la Fundaci\u00f3n Rockefeller, que se convierte as\u00ed en la organizaci\u00f3n filantr\u00f3pica m\u00e1s poderosa del mundo.<\/p>\n\n\n\n<p class=\"wp-block-paragraph\">1934.- En Osek (Bohemia del Norte), una cat\u00e1strofe minera deja 144 muertos.<\/p>\n\n\n\n<p class=\"wp-block-paragraph\">1939.- Se crea la Agencia EFE en Burgos.<\/p>\n\n\n\n<p class=\"wp-block-paragraph\">1944.- Mueren m\u00e1s de 500 personas al chocar un tren de viajeros con una locomotora en un t\u00fanel, a la salida de la estaci\u00f3n leonesa de Torre del Bierzo, en el mayor desastre ferroviario espa\u00f1ol.<\/p>\n\n\n\n<p class=\"wp-block-paragraph\">1949.- Un tornado causa 59 muertos en Arkansas y Luisiana (Estados Unidos).<\/p>\n\n\n\n<p class=\"wp-block-paragraph\">1959.- Alaska se convierte en el estado n\u00famero 49 de EEUU.<\/p>\n\n\n\n<p class=\"wp-block-paragraph\">1961.- Estados Unidos rompe relaciones diplom\u00e1ticas con Cuba.<\/p>\n\n\n\n<p class=\"wp-block-paragraph\">1962.- El l\u00edder cubano Fidel Castro es excomulgado por el papa Juan XXIII despu\u00e9s de declararse marxista-leninista y anunciar que conducir\u00eda a Cuba al comunismo, en su hist\u00f3rico discurso de 2 de diciembre de 1961, adem\u00e1s de mostrar su hostilidad manifiesta hacia la religi\u00f3n cat\u00f3lica con la expulsi\u00f3n de 131 sacerdotes y el cierre de escuelas religiosas.<\/p>\n\n\n\n<p class=\"wp-block-paragraph\">1979.- Firma de cuatro acuerdos entre el Estado espa\u00f1ol y la Santa Sede, que sustituyen al Concordato de 1953.<\/p>\n\n\n\n<p class=\"wp-block-paragraph\">1987.- Aretha Franklin se convierte en la primera mujer en entrar al Sal\u00f3n de la Fama del Rock and Roll de Estados Unidos.<\/p>\n\n\n\n<p class=\"wp-block-paragraph\">1990.- El general Manuel Antonio Noriega se entrega a las tropas de Estados Unidos que hab\u00edan invadido Panam\u00e1 el 20 de diciembre de 1989 y abandona el pa\u00eds rumbo a Miami (EEUU).<\/p>\n\n\n\n<p class=\"wp-block-paragraph\">1992.- Estados Unidos establece oficialmente relaciones diplom\u00e1ticas con Rusia.<\/p>\n\n\n\n<p class=\"wp-block-paragraph\">1993.- Los presidentes de Estados Unidos y de Rusia, George Bush y Boris Yeltsin, firman en el Kremlin el tratado START II, para reducir los arsenales nucleares.<\/p>\n\n\n\n<p class=\"wp-block-paragraph\">1994.- Mueren 125 personas al estrellarse un avi\u00f3n Tupolev-154 en Irkutsk (Siberia).<\/p>\n\n\n\n<p class=\"wp-block-paragraph\">1999.- La NASA lanza al espacio la sonda \u00abMars Polar Lander\u00bb con destino a Marte.<\/p>\n\n\n\n<p class=\"wp-block-paragraph\">2000.- Se despide la tira c\u00f3mica diaria de Charlie Brown, publicada durante 50 a\u00f1os en m\u00e1s de 3.000 diarios de 75 pa\u00edses.<\/p>\n\n\n\n<p class=\"wp-block-paragraph\">2004.- 148 personas, la mayor\u00eda turistas franceses, mueren al precipitarse al Mar Rojo el Boeing 737 egipcio en el que viajaban.<\/p>\n\n\n\n<p class=\"wp-block-paragraph\">2009.- Nace la criptomoneda bitcoin.<\/p>\n\n\n\n<p class=\"wp-block-paragraph\">2016.- El opositor Henry Ramos Allup es elegido presidente de la Asamblea Nacional de Venezuela.<\/p>\n\n\n\n<p class=\"wp-block-paragraph\">2018.- Corea del Norte reabre la comunicaci\u00f3n con el Sur, cortada durante dos a\u00f1os.<\/p>\n\n\n\n<p class=\"wp-block-paragraph\">2019.- La sonda china Chang&#8217;e 4 aluniza con \u00e9xito en la cara oculta de la Luna.<\/p>\n\n\n\n<p class=\"wp-block-paragraph\">2020.- EEUU mata al general iran\u00ed Qasem Soleimani, en un ataque con drones en el aeropuerto de Bagdad.<\/p>\n\n\n\n<p class=\"wp-block-paragraph\"><strong>Nacimientos<\/strong><\/p>\n\n\n\n<p class=\"wp-block-paragraph\">1840.- Jos\u00e9 de Veuster, padre Dami\u00e1n, misionero belga.<\/p>\n\n\n\n<p class=\"wp-block-paragraph\">1892.- J. R. R. Tolkien, escritor brit\u00e1nico nacido en Sud\u00e1frica.<\/p>\n\n\n\n<p class=\"wp-block-paragraph\">1897.- Marion Davies, actriz estadounidense.<\/p>\n\n\n\n<p class=\"wp-block-paragraph\">1920.- Renato Carosone, cantante italiano.<\/p>\n\n\n\n<p class=\"wp-block-paragraph\">1928.- Jos\u00e9 Lladr\u00f3, ceramista y empresario espa\u00f1ol.<\/p>\n\n\n\n<p class=\"wp-block-paragraph\">1929.- Sergio Leone, director italiano de cine.<\/p>\n\n\n\n<p class=\"wp-block-paragraph\">1946.- John Paul Jones, m\u00fasico brit\u00e1nico.<\/p>\n\n\n\n<p class=\"wp-block-paragraph\">1951.- Rosa Montero, periodista y escritora espa\u00f1ola.<\/p>\n\n\n\n<p class=\"wp-block-paragraph\">1956.- Mel Gibson, actor estadounidense.<\/p>\n\n\n\n<p class=\"wp-block-paragraph\">1963.- Guillermo Fari\u00f1as, disidente cubano.<\/p>\n\n\n\n<p class=\"wp-block-paragraph\">1969.- Michael Schumacher, piloto alem\u00e1n de F\u00f3rmula 1.<\/p>\n\n\n\n<p class=\"wp-block-paragraph\">2003.- Greta Thunberg, activista sueca.<\/p>\n\n\n\n<p class=\"wp-block-paragraph\"><strong>Defunciones<\/strong><\/p>\n\n\n\n<p class=\"wp-block-paragraph\">1705.- Luca Giordano, pintor italiano.<\/p>\n\n\n\n<p class=\"wp-block-paragraph\">1927.- Carl Runge, matem\u00e1tico y f\u00edsico alem\u00e1n.<\/p>\n\n\n\n<p class=\"wp-block-paragraph\">2002.- Alfred Heineken, empresario holand\u00e9s de uno de los gigantes mundiales de la cerveza.<\/p>\n\n\n\n<p class=\"wp-block-paragraph\">2003.- Jos\u00e9 Mar\u00eda Gironella, escritor espa\u00f1ol.<\/p>\n\n\n\n<p class=\"wp-block-paragraph\">2005.- Will Eisner, dibujante estadounidense.<\/p>\n\n\n\n<p class=\"wp-block-paragraph\">2008.- Lisandro Otero, escritor cubano.<\/p>\n\n\n\n<p class=\"wp-block-paragraph\">2013.- Patty Sheppard, actriz estadounidense.<\/p>\n\n\n\n<p class=\"wp-block-paragraph\">2016.- Paul Bley, pianista y compositor de jazz canadiense.<\/p>\n\n\n\n<p class=\"wp-block-paragraph\">2019.- Herbert Kelleher, empresario estadounidense, fundador de Southwest Airlines.<\/p>\n\n\n\n<p class=\"wp-block-paragraph\">2021.- Enrique de Rivas, poeta espa\u00f1ol.<\/p>\n","protected":false},"excerpt":{"rendered":"<p>Un d\u00eda 3 de enero como hoy, pero de 1870, comienza la construcci\u00f3n del puente de Brooklyn en Nueva York. Otras efem\u00e9rides 1521.- El Papa Le\u00f3n X excomulga a Lutero. 1749.- Se publica por primera vez, en Copenhague, el peri\u00f3dico \u00abBerlingske Tidende\u00bb, decano de la prensa diaria mundial. 1833.- Las Islas Malvinas son ocupadas por [&hellip;]<\/p>\n","protected":false},"author":6,"featured_media":50519,"comment_status":"open","ping_status":"open","sticky":false,"template":"","format":"standard","meta":{"_acf_changed":false,"_monsterinsights_skip_tracking":false,"slim_seo":{"title":"Efem\u00e9rides 3 de enero - Opini\u00f3n P\u00fablica","description":"Un d\u00eda 3 de enero como hoy, pero de 1870, comienza la construcci\u00f3n del puente de Brooklyn en Nueva York. Otras efem\u00e9rides 1521.- El Papa Le\u00f3n X excomulga a Lute"},"footnotes":""},"categories":[27],"tags":[],"class_list":["post-50518","post","type-post","status-publish","format-standard","has-post-thumbnail","hentry","category-un-dia-como-hoy"],"acf":[],"_links":{"self":[{"href":"https:\/\/www.opinionpublica.tv\/portada\/wp-json\/wp\/v2\/posts\/50518","targetHints":{"allow":["GET"]}}],"collection":[{"href":"https:\/\/www.opinionpublica.tv\/portada\/wp-json\/wp\/v2\/posts"}],"about":[{"href":"https:\/\/www.opinionpublica.tv\/portada\/wp-json\/wp\/v2\/types\/post"}],"author":[{"embeddable":true,"href":"https:\/\/www.opinionpublica.tv\/portada\/wp-json\/wp\/v2\/users\/6"}],"replies":[{"embeddable":true,"href":"https:\/\/www.opinionpublica.tv\/portada\/wp-json\/wp\/v2\/comments?post=50518"}],"version-history":[{"count":1,"href":"https:\/\/www.opinionpublica.tv\/portada\/wp-json\/wp\/v2\/posts\/50518\/revisions"}],"predecessor-version":[{"id":50520,"href":"https:\/\/www.opinionpublica.tv\/portada\/wp-json\/wp\/v2\/posts\/50518\/revisions\/50520"}],"wp:featuredmedia":[{"embeddable":true,"href":"https:\/\/www.opinionpublica.tv\/portada\/wp-json\/wp\/v2\/media\/50519"}],"wp:attachment":[{"href":"https:\/\/www.opinionpublica.tv\/portada\/wp-json\/wp\/v2\/media?parent=50518"}],"wp:term":[{"taxonomy":"category","embeddable":true,"href":"https:\/\/www.opinionpublica.tv\/portada\/wp-json\/wp\/v2\/categories?post=50518"},{"taxonomy":"post_tag","embeddable":true,"href":"https:\/\/www.opinionpublica.tv\/portada\/wp-json\/wp\/v2\/tags?post=50518"}],"curies":[{"name":"wp","href":"https:\/\/api.w.org\/{rel}","templated":true}]}}