{"id":50444,"date":"2024-12-31T00:01:00","date_gmt":"2024-12-31T07:01:00","guid":{"rendered":"https:\/\/www.opinionpublica.tv\/portada\/?p=50444"},"modified":"2024-12-30T20:46:31","modified_gmt":"2024-12-31T03:46:31","slug":"implementara-seguridad-vial-operativo-especial-de-fin-de-ano-contra-ebrios","status":"publish","type":"post","link":"https:\/\/www.opinionpublica.tv\/portada\/implementara-seguridad-vial-operativo-especial-de-fin-de-ano-contra-ebrios\/","title":{"rendered":"Seguridad Vial har\u00e1 operativo especial de fin de a\u00f1o; van contra conductores ebrios"},"content":{"rendered":"\n<figure class=\"wp-block-image size-large\"><img fetchpriority=\"high\" decoding=\"async\" width=\"1024\" height=\"684\" src=\"https:\/\/www.opinionpublica.tv\/portada\/wp-content\/uploads\/2024\/12\/Seguridad-Vial-hara-operativo-especial-de-fin-de-ano-van-contra-conductores-ebrios-1024x684.jpeg\" alt=\"Seguridad Vial Hara\u0301 Operativo Especial De Fin De An\u0303o; Van Contra Conductores Ebrios\" class=\"wp-image-50451\" srcset=\"https:\/\/www.opinionpublica.tv\/portada\/wp-content\/uploads\/2024\/12\/Seguridad-Vial-hara-operativo-especial-de-fin-de-ano-van-contra-conductores-ebrios-1024x684.jpeg 1024w, https:\/\/www.opinionpublica.tv\/portada\/wp-content\/uploads\/2024\/12\/Seguridad-Vial-hara-operativo-especial-de-fin-de-ano-van-contra-conductores-ebrios-300x200.jpeg 300w, https:\/\/www.opinionpublica.tv\/portada\/wp-content\/uploads\/2024\/12\/Seguridad-Vial-hara-operativo-especial-de-fin-de-ano-van-contra-conductores-ebrios-768x513.jpeg 768w, https:\/\/www.opinionpublica.tv\/portada\/wp-content\/uploads\/2024\/12\/Seguridad-Vial-hara-operativo-especial-de-fin-de-ano-van-contra-conductores-ebrios-1536x1025.jpeg 1536w, https:\/\/www.opinionpublica.tv\/portada\/wp-content\/uploads\/2024\/12\/Seguridad-Vial-hara-operativo-especial-de-fin-de-ano-van-contra-conductores-ebrios.jpeg 1600w\" sizes=\"(max-width: 1024px) 100vw, 1024px\" \/><\/figure>\n\n\n\n<p><em>Ciudad Ju\u00e1rez, Chih<\/em>.- Con la intenci\u00f3n de prevenir accidentes vehiculares durante las fiestas de fin de a\u00f1o, la Coordinaci\u00f3n General de Seguridad Vial, llevar\u00e1 a cabo labores de vigilancia por los distintos sectores de la ciudad, dio a conocer en conferencia de prensa V\u00edctor Daniel Mej\u00eda, director operativo de la dependencia.<\/p>\n\n\n\n<p>\u201cCon los operativos que estamos implementando en la Coordinaci\u00f3n General de Seguridad Vial, lo que queremos es bajar la estad\u00edstica en los hechos viales, no solamente en los da\u00f1os materiales, personales o decesos\u201d, indic\u00f3.<\/p>\n\n\n\n<p>Resalt\u00f3 que a partir del primer minuto del 31 de diciembre se implementar\u00e1 un dispositivo donde participar\u00e1n 80 agentes en 40 unidades y motocicletas, solamente para la vigilancia y para la detecci\u00f3n de personas conduciendo bajo los influjos del alcohol, tambi\u00e9n se tendr\u00e1 el programa M\u00e9dico a Bordo, con dos m\u00e9dicos en los tres turnos.<\/p>\n\n\n\n<p>Explic\u00f3 que a todos los conductores que cometan una infracci\u00f3n se les har\u00e1 la prueba de alcoholemia, ya que algunos utilizan mil cosas para tratar de ocultar el olor a alcohol.<\/p>\n\n\n\n<p>\u201cPara que no les sorprenda a los ciudadanos que cometan infracci\u00f3n y que sean detenidos, se les va aplicar un peque\u00f1o examen a trav\u00e9s de una pipeta; queremos con esto inhibir el consumo de alcohol y manejar un veh\u00edculo\u201d, se\u00f1al\u00f3.<\/p>\n\n\n\n<p>\u201cSe circular\u00e1 de manera normal por toda la ciudad, como se hace todos los d\u00edas, no habr\u00e1 puntos de revisi\u00f3n\u201d, mencion\u00f3.<\/p>\n\n\n\n<p>Agreg\u00f3 que hasta hoy en el reglamento vigente, cuando se practique el examen de alcoholemia, no debe ser mayor a 0.075 el porcentaje de alcohol expirado.<\/p>\n\n\n\n<p>Inform\u00f3 que el 25 de diciembre se detuvo 56 personas detectadas conduciendo en estado de ebriedad, por lo que fueron llevadas al Centro de Recuperaci\u00f3n C\u00edvica Total (Cerecito).<\/p>\n","protected":false},"excerpt":{"rendered":"<p>Ciudad Ju\u00e1rez, Chih.- Con la intenci\u00f3n de prevenir accidentes vehiculares durante las fiestas de fin de a\u00f1o, la Coordinaci\u00f3n General de Seguridad Vial, llevar\u00e1 a cabo labores de vigilancia por los distintos sectores de la ciudad, dio a conocer en conferencia de prensa V\u00edctor Daniel Mej\u00eda, director operativo de la dependencia. \u201cCon los operativos que [&hellip;]<\/p>\n","protected":false},"author":6,"featured_media":50451,"comment_status":"open","ping_status":"open","sticky":false,"template":"","format":"standard","meta":{"_acf_changed":false,"_monsterinsights_skip_tracking":false,"_monsterinsights_sitenote_active":false,"_monsterinsights_sitenote_note":"","_monsterinsights_sitenote_category":0,"slim_seo":{"title":"Seguridad Vial har\u00e1 operativo especial de fin de a\u00f1o; van contra conductores ebrios - Opini\u00f3n P\u00fablica","description":"Ciudad Ju\u00e1rez, Chih .- Con la intenci\u00f3n de prevenir accidentes vehiculares durante las fiestas de fin de a\u00f1o, la Coordinaci\u00f3n General de Seguridad Vial, llevar\u00e1"},"footnotes":""},"categories":[41],"tags":[],"class_list":["post-50444","post","type-post","status-publish","format-standard","has-post-thumbnail","hentry","category-juarez"],"acf":[],"_links":{"self":[{"href":"https:\/\/www.opinionpublica.tv\/portada\/wp-json\/wp\/v2\/posts\/50444","targetHints":{"allow":["GET"]}}],"collection":[{"href":"https:\/\/www.opinionpublica.tv\/portada\/wp-json\/wp\/v2\/posts"}],"about":[{"href":"https:\/\/www.opinionpublica.tv\/portada\/wp-json\/wp\/v2\/types\/post"}],"author":[{"embeddable":true,"href":"https:\/\/www.opinionpublica.tv\/portada\/wp-json\/wp\/v2\/users\/6"}],"replies":[{"embeddable":true,"href":"https:\/\/www.opinionpublica.tv\/portada\/wp-json\/wp\/v2\/comments?post=50444"}],"version-history":[{"count":5,"href":"https:\/\/www.opinionpublica.tv\/portada\/wp-json\/wp\/v2\/posts\/50444\/revisions"}],"predecessor-version":[{"id":50452,"href":"https:\/\/www.opinionpublica.tv\/portada\/wp-json\/wp\/v2\/posts\/50444\/revisions\/50452"}],"wp:featuredmedia":[{"embeddable":true,"href":"https:\/\/www.opinionpublica.tv\/portada\/wp-json\/wp\/v2\/media\/50451"}],"wp:attachment":[{"href":"https:\/\/www.opinionpublica.tv\/portada\/wp-json\/wp\/v2\/media?parent=50444"}],"wp:term":[{"taxonomy":"category","embeddable":true,"href":"https:\/\/www.opinionpublica.tv\/portada\/wp-json\/wp\/v2\/categories?post=50444"},{"taxonomy":"post_tag","embeddable":true,"href":"https:\/\/www.opinionpublica.tv\/portada\/wp-json\/wp\/v2\/tags?post=50444"}],"curies":[{"name":"wp","href":"https:\/\/api.w.org\/{rel}","templated":true}]}}