{"id":50438,"date":"2024-12-31T00:01:00","date_gmt":"2024-12-31T07:01:00","guid":{"rendered":"https:\/\/www.opinionpublica.tv\/portada\/?p=50438"},"modified":"2024-12-30T20:40:22","modified_gmt":"2024-12-31T03:40:22","slug":"servicio-de-recoleccion-de-basura-se-suspende-unicamente-el-1-de-enero","status":"publish","type":"post","link":"https:\/\/www.opinionpublica.tv\/portada\/servicio-de-recoleccion-de-basura-se-suspende-unicamente-el-1-de-enero\/","title":{"rendered":"Servicio de recolecci\u00f3n de basura se suspender\u00e1 \u00fanicamente el 1 de enero"},"content":{"rendered":"\n<figure class=\"wp-block-image size-full\"><img fetchpriority=\"high\" decoding=\"async\" width=\"638\" height=\"825\" src=\"https:\/\/www.opinionpublica.tv\/portada\/wp-content\/uploads\/2024\/12\/Servicio-de-recoleccion-de-basura-se-suspendera-unicamente-el-1-de-enero.jpeg\" alt=\"Servicio De Recoleccio\u0301n De Basura Se Suspendera\u0301 U\u0301nicamente El 1 De Enero\" class=\"wp-image-50442\" srcset=\"https:\/\/www.opinionpublica.tv\/portada\/wp-content\/uploads\/2024\/12\/Servicio-de-recoleccion-de-basura-se-suspendera-unicamente-el-1-de-enero.jpeg 638w, https:\/\/www.opinionpublica.tv\/portada\/wp-content\/uploads\/2024\/12\/Servicio-de-recoleccion-de-basura-se-suspendera-unicamente-el-1-de-enero-232x300.jpeg 232w\" sizes=\"(max-width: 638px) 100vw, 638px\" \/><\/figure>\n\n\n\n<p><em>Ciudad Ju\u00e1rez, Chih<\/em>.- La Direcci\u00f3n de Limpia inform\u00f3 que el servicio de recolecci\u00f3n de basura se suspender\u00e1 \u00fanicamente el mi\u00e9rcoles 1 de enero del 2025, esto con motivo de la festividad de A\u00f1o Nuevo.<\/p>\n\n\n\n<p>Gibran Sol\u00eds Kanahan, titular de la dependencia, indic\u00f3 que el martes 31 de diciembre no ser\u00e1 d\u00eda inh\u00e1bil para las cuatro empresas encargadas de la recolecci\u00f3n de desechos domiciliarios en la ciudad.<\/p>\n\n\n\n<p>El \u00fanico d\u00eda que descansar\u00e1n los empleados ser\u00e1 el mi\u00e9rcoles 1 de enero, reanudando labores de manera habitual el jueves 2 en las zonas a las que corresponda. El funcionario exhort\u00f3 a la ciudadan\u00eda a realizar una correcta disposici\u00f3n de sus residuos, compactando los que se generen como pl\u00e1sticos, desechables y cart\u00f3n, as\u00ed como colocarlos en bolsas selladas para evitar que se dispersen con el viento.<\/p>\n","protected":false},"excerpt":{"rendered":"<p>Ciudad Ju\u00e1rez, Chih.- La Direcci\u00f3n de Limpia inform\u00f3 que el servicio de recolecci\u00f3n de basura se suspender\u00e1 \u00fanicamente el mi\u00e9rcoles 1 de enero del 2025, esto con motivo de la festividad de A\u00f1o Nuevo. Gibran Sol\u00eds Kanahan, titular de la dependencia, indic\u00f3 que el martes 31 de diciembre no ser\u00e1 d\u00eda inh\u00e1bil para las cuatro [&hellip;]<\/p>\n","protected":false},"author":6,"featured_media":50442,"comment_status":"open","ping_status":"open","sticky":false,"template":"","format":"standard","meta":{"_acf_changed":false,"_monsterinsights_skip_tracking":false,"_monsterinsights_sitenote_active":false,"_monsterinsights_sitenote_note":"","_monsterinsights_sitenote_category":0,"slim_seo":{"title":"Servicio de recolecci\u00f3n de basura se suspender\u00e1 \u00fanicamente el 1 de enero - Opini\u00f3n P\u00fablica","description":"Ciudad Ju\u00e1rez, Chih .- La Direcci\u00f3n de Limpia inform\u00f3 que el servicio de recolecci\u00f3n de basura se suspender\u00e1 \u00fanicamente el mi\u00e9rcoles 1 de enero del 2025, esto c"},"footnotes":""},"categories":[41],"tags":[],"class_list":["post-50438","post","type-post","status-publish","format-standard","has-post-thumbnail","hentry","category-juarez"],"acf":[],"_links":{"self":[{"href":"https:\/\/www.opinionpublica.tv\/portada\/wp-json\/wp\/v2\/posts\/50438","targetHints":{"allow":["GET"]}}],"collection":[{"href":"https:\/\/www.opinionpublica.tv\/portada\/wp-json\/wp\/v2\/posts"}],"about":[{"href":"https:\/\/www.opinionpublica.tv\/portada\/wp-json\/wp\/v2\/types\/post"}],"author":[{"embeddable":true,"href":"https:\/\/www.opinionpublica.tv\/portada\/wp-json\/wp\/v2\/users\/6"}],"replies":[{"embeddable":true,"href":"https:\/\/www.opinionpublica.tv\/portada\/wp-json\/wp\/v2\/comments?post=50438"}],"version-history":[{"count":3,"href":"https:\/\/www.opinionpublica.tv\/portada\/wp-json\/wp\/v2\/posts\/50438\/revisions"}],"predecessor-version":[{"id":50443,"href":"https:\/\/www.opinionpublica.tv\/portada\/wp-json\/wp\/v2\/posts\/50438\/revisions\/50443"}],"wp:featuredmedia":[{"embeddable":true,"href":"https:\/\/www.opinionpublica.tv\/portada\/wp-json\/wp\/v2\/media\/50442"}],"wp:attachment":[{"href":"https:\/\/www.opinionpublica.tv\/portada\/wp-json\/wp\/v2\/media?parent=50438"}],"wp:term":[{"taxonomy":"category","embeddable":true,"href":"https:\/\/www.opinionpublica.tv\/portada\/wp-json\/wp\/v2\/categories?post=50438"},{"taxonomy":"post_tag","embeddable":true,"href":"https:\/\/www.opinionpublica.tv\/portada\/wp-json\/wp\/v2\/tags?post=50438"}],"curies":[{"name":"wp","href":"https:\/\/api.w.org\/{rel}","templated":true}]}}