{"id":50426,"date":"2024-12-31T00:01:00","date_gmt":"2024-12-31T07:01:00","guid":{"rendered":"https:\/\/www.opinionpublica.tv\/portada\/?p=50426"},"modified":"2024-12-30T20:23:59","modified_gmt":"2024-12-31T03:23:59","slug":"cerca-de-un-millon-de-mujeres-se-registraron-a-la-pension-de-adultas-mayores","status":"publish","type":"post","link":"https:\/\/www.opinionpublica.tv\/portada\/cerca-de-un-millon-de-mujeres-se-registraron-a-la-pension-de-adultas-mayores\/","title":{"rendered":"Cerca de un mill\u00f3n de mujeres se registraron para recibir la pensi\u00f3n de adultas mayores"},"content":{"rendered":"\n<figure class=\"wp-block-image size-full\"><img fetchpriority=\"high\" decoding=\"async\" width=\"1600\" height=\"900\" src=\"https:\/\/www.opinionpublica.tv\/portada\/wp-content\/uploads\/2024\/12\/Cerca-de-un-millon-de-mujeres-se-registraron-para-recibir-la-pension-de-adultas-mayores.avif\" alt=\"Cerca De Un Millo\u0301n De Mujeres Se Registraron Para Recibir La Pensio\u0301n De Adultas Mayores\" class=\"wp-image-50430\"\/><\/figure>\n\n\n\n<p><em>Ciudad de M\u00e9xico<\/em>.- La secretaria de Bienestar, Ariadna Montiel Reyes, inform\u00f3 que 964 mil 556 mujeres se registraron a la nueva Pensi\u00f3n Mujeres Bienestar, de ellas, 810 mil 988 de 63 y 64 a\u00f1os y 153 mil 568 son mujeres ind\u00edgenas de 60 a 64 a\u00f1os.<\/p>\n\n\n\n<p>La funcionaria destac\u00f3 que en enero y febrero de 2025, las mujeres que se registraron, recibir\u00e1n su tarjeta del Banco del Bienestar donde se les depositar\u00e1 su pensi\u00f3n de 3 mil pesos bimestrales de manera directa y sin intermediarios a trav\u00e9s de la tarjeta del Banco del Bienestar.<\/p>\n\n\n\n<p>\u00bfC\u00f3mo inscribirse al programa Salud Casa por Casa?<\/p>\n\n\n\n<p>Montiel se\u00f1al\u00f3 que el Censo Salud y Bienestar del programa Salud Casa por Casa ha visitado en sus domicilios a 4 millones 602 mil 648 Adultos Mayores y Personas con Discapacidad; el censo contin\u00faa en curso por lo que servidores de la naci\u00f3n acuden a las viviendas de los derechohabientes de las Pensiones para el Bienestar de las Personas Adultas Mayores y con Discapacidad, para realizarles un cuestionario de salud.<\/p>\n\n\n\n<p>Mencion\u00f3 que se han contratado a 14 mil 577 m\u00e9dicos, enfermeras y personal de salud y la Secretar\u00eda de Bienestar contin\u00faan recibiendo expedientes para llegar a la meta de 22 mil 500; en enero se realizar\u00e1 la capacitaci\u00f3n de los m\u00e9dicos y enfermeras para que en febrero inicien las visitas peri\u00f3dicas a las viviendas de las personas adultas mayores y con discapacidad.<\/p>\n\n\n\n<p>Montiel a\u00f1adi\u00f3 que en enero y febrero del pr\u00f3ximo a\u00f1o se realizar\u00e1 la entrega de la tarjeta del Banco del Bienestar a 725 mil 298 personas que se registraron a la Pensi\u00f3n para el Bienestar de Personas Adultas Mayores de 65 a\u00f1os. (El Financiero)<\/p>\n","protected":false},"excerpt":{"rendered":"<p>Ciudad de M\u00e9xico.- La secretaria de Bienestar, Ariadna Montiel Reyes, inform\u00f3 que 964 mil 556 mujeres se registraron a la nueva Pensi\u00f3n Mujeres Bienestar, de ellas, 810 mil 988 de 63 y 64 a\u00f1os y 153 mil 568 son mujeres ind\u00edgenas de 60 a 64 a\u00f1os. La funcionaria destac\u00f3 que en enero y febrero de [&hellip;]<\/p>\n","protected":false},"author":6,"featured_media":50430,"comment_status":"open","ping_status":"open","sticky":false,"template":"","format":"standard","meta":{"_acf_changed":false,"_monsterinsights_skip_tracking":false,"_monsterinsights_sitenote_active":false,"_monsterinsights_sitenote_note":"","_monsterinsights_sitenote_category":0,"slim_seo":{"title":"Cerca de un mill\u00f3n de mujeres se registraron para recibir la pensi\u00f3n de adultas mayores - Opini\u00f3n P\u00fablica","description":"Ciudad de M\u00e9xico .- La secretaria de Bienestar, Ariadna Montiel Reyes, inform\u00f3 que 964 mil 556 mujeres se registraron a la nueva Pensi\u00f3n Mujeres Bienestar, de e"},"footnotes":""},"categories":[4],"tags":[],"class_list":["post-50426","post","type-post","status-publish","format-standard","has-post-thumbnail","hentry","category-pulsopolitico"],"acf":[],"_links":{"self":[{"href":"https:\/\/www.opinionpublica.tv\/portada\/wp-json\/wp\/v2\/posts\/50426","targetHints":{"allow":["GET"]}}],"collection":[{"href":"https:\/\/www.opinionpublica.tv\/portada\/wp-json\/wp\/v2\/posts"}],"about":[{"href":"https:\/\/www.opinionpublica.tv\/portada\/wp-json\/wp\/v2\/types\/post"}],"author":[{"embeddable":true,"href":"https:\/\/www.opinionpublica.tv\/portada\/wp-json\/wp\/v2\/users\/6"}],"replies":[{"embeddable":true,"href":"https:\/\/www.opinionpublica.tv\/portada\/wp-json\/wp\/v2\/comments?post=50426"}],"version-history":[{"count":3,"href":"https:\/\/www.opinionpublica.tv\/portada\/wp-json\/wp\/v2\/posts\/50426\/revisions"}],"predecessor-version":[{"id":50431,"href":"https:\/\/www.opinionpublica.tv\/portada\/wp-json\/wp\/v2\/posts\/50426\/revisions\/50431"}],"wp:featuredmedia":[{"embeddable":true,"href":"https:\/\/www.opinionpublica.tv\/portada\/wp-json\/wp\/v2\/media\/50430"}],"wp:attachment":[{"href":"https:\/\/www.opinionpublica.tv\/portada\/wp-json\/wp\/v2\/media?parent=50426"}],"wp:term":[{"taxonomy":"category","embeddable":true,"href":"https:\/\/www.opinionpublica.tv\/portada\/wp-json\/wp\/v2\/categories?post=50426"},{"taxonomy":"post_tag","embeddable":true,"href":"https:\/\/www.opinionpublica.tv\/portada\/wp-json\/wp\/v2\/tags?post=50426"}],"curies":[{"name":"wp","href":"https:\/\/api.w.org\/{rel}","templated":true}]}}