{"id":50405,"date":"2024-12-31T00:01:00","date_gmt":"2024-12-31T07:01:00","guid":{"rendered":"https:\/\/www.opinionpublica.tv\/portada\/?p=50405"},"modified":"2024-12-30T20:09:06","modified_gmt":"2024-12-31T03:09:06","slug":"anuncia-sat-prorroga-para-buzon-tributario-multas-entraran-en-vigor-hasta-2026","status":"publish","type":"post","link":"https:\/\/www.opinionpublica.tv\/portada\/anuncia-sat-prorroga-para-buzon-tributario-multas-entraran-en-vigor-hasta-2026\/","title":{"rendered":"Anuncia SAT pr\u00f3rroga para el Buz\u00f3n Tributario; las multas se aplicar\u00e1n hasta el 2026"},"content":{"rendered":"\n<figure class=\"wp-block-image size-full\"><img fetchpriority=\"high\" decoding=\"async\" width=\"1100\" height=\"666\" src=\"https:\/\/www.opinionpublica.tv\/portada\/wp-content\/uploads\/2024\/12\/Anuncia-SAT-prorroga-para-Buzon-Tributario-multas-seran-hasta-2026.avif\" alt=\"Anuncia Sat Pro\u0301rroga Para Buzo\u0301n Tributario; Multas Sera\u0301n Hasta 2026\" class=\"wp-image-50409\"\/><\/figure>\n\n\n\n<p>El Servicio de Administraci\u00f3n Tributaria (SAT) anunci\u00f3 una serie de medidas para aplicar varias disposiciones contenidas en la Resoluci\u00f3n Miscel\u00e1nea Fiscal para 2025.<\/p>\n\n\n\n<p>Entre ellas destaca lo relacionado con el Buz\u00f3n Tributario, cuyas multas por no habilitarlo entrar\u00edan en vigor a partir de enero del 2025.<\/p>\n\n\n\n<p>Pero ahora se recorri\u00f3 hasta el 2026, es decir, que los contribuyentes tendr\u00e1n todo un a\u00f1o para ponerse al d\u00eda.<\/p>\n\n\n\n<p>De acuerdo con la regla 3.13.32 de la Resoluci\u00f3n Miscel\u00e1nea Fiscal 2025, el cumplimiento de la obligaci\u00f3n de contar con el Buz\u00f3n Tributario ser\u00e1 aplicable a partir de enero de 2026, lo mismo para los del R\u00e9gimen Simplificado de Confianza (Resico).<\/p>\n\n\n\n<p>Para los del Resico, en los que est\u00e1n los peque\u00f1os contribuyentes, se establece que la devoluci\u00f3n del Impuesto al Valor Agregado (IVA) ser\u00e1 a trav\u00e9s del formato electr\u00f3nico conocido como FED para el 2025, se\u00f1al\u00f3 el fiscalista Jes\u00fas Rodr\u00edguez.<\/p>\n\n\n\n<p>Mencion\u00f3 que el SAT tambi\u00e9n dio a conocer en dicha resoluci\u00f3n las tarifas del Impuesto Sobre la Renta (ISR) que regir\u00e1n en el ejercicio fiscal 2025.<\/p>\n\n\n\n<p>Al respecto, destac\u00f3 que seguir\u00e1n siendo las mismas que se utilizan para el presente a\u00f1o que est\u00e1 por finalizar.<\/p>\n\n\n\n<p>Las tarifas para el c\u00e1lculo del ISR para el l\u00edmite inferior y superior no cambiar\u00e1n las cuotas fijas, con lo cual van desde el 1.92% hasta el 35%.<\/p>\n\n\n\n<p>Dichas tarifas sirven para calcular el monto exacto de impuestos que deben pagar las personas f\u00edsicas por sus ingresos, que son divididos en rangos para aplicarlas de manera espec\u00edfica en cada caso.<\/p>\n\n\n\n<p>Tambi\u00e9n son necesarias para determinar el salario neto y calcular con precisi\u00f3n la retenci\u00f3n del ISR, el subsidio al empleo y garantizar el cumplimiento ante el SAT.<\/p>\n\n\n\n<p><em>Con informaci\u00f3n de El Universal<\/em>.<\/p>\n","protected":false},"excerpt":{"rendered":"<p>El Servicio de Administraci\u00f3n Tributaria (SAT) anunci\u00f3 una serie de medidas para aplicar varias disposiciones contenidas en la Resoluci\u00f3n Miscel\u00e1nea Fiscal para 2025. Entre ellas destaca lo relacionado con el Buz\u00f3n Tributario, cuyas multas por no habilitarlo entrar\u00edan en vigor a partir de enero del 2025. Pero ahora se recorri\u00f3 hasta el 2026, es decir, [&hellip;]<\/p>\n","protected":false},"author":6,"featured_media":50409,"comment_status":"open","ping_status":"open","sticky":false,"template":"","format":"standard","meta":{"_acf_changed":false,"_monsterinsights_skip_tracking":false,"_monsterinsights_sitenote_active":false,"_monsterinsights_sitenote_note":"","_monsterinsights_sitenote_category":0,"slim_seo":{"title":"Anuncia SAT pr\u00f3rroga para el Buz\u00f3n Tributario; las multas se aplicar\u00e1n hasta el 2026 - Opini\u00f3n P\u00fablica","description":"El Servicio de Administraci\u00f3n Tributaria (SAT) anunci\u00f3 una serie de medidas para aplicar varias disposiciones contenidas en la Resoluci\u00f3n Miscel\u00e1nea Fiscal para"},"footnotes":""},"categories":[4],"tags":[],"class_list":["post-50405","post","type-post","status-publish","format-standard","has-post-thumbnail","hentry","category-pulsopolitico"],"acf":[],"_links":{"self":[{"href":"https:\/\/www.opinionpublica.tv\/portada\/wp-json\/wp\/v2\/posts\/50405","targetHints":{"allow":["GET"]}}],"collection":[{"href":"https:\/\/www.opinionpublica.tv\/portada\/wp-json\/wp\/v2\/posts"}],"about":[{"href":"https:\/\/www.opinionpublica.tv\/portada\/wp-json\/wp\/v2\/types\/post"}],"author":[{"embeddable":true,"href":"https:\/\/www.opinionpublica.tv\/portada\/wp-json\/wp\/v2\/users\/6"}],"replies":[{"embeddable":true,"href":"https:\/\/www.opinionpublica.tv\/portada\/wp-json\/wp\/v2\/comments?post=50405"}],"version-history":[{"count":6,"href":"https:\/\/www.opinionpublica.tv\/portada\/wp-json\/wp\/v2\/posts\/50405\/revisions"}],"predecessor-version":[{"id":50425,"href":"https:\/\/www.opinionpublica.tv\/portada\/wp-json\/wp\/v2\/posts\/50405\/revisions\/50425"}],"wp:featuredmedia":[{"embeddable":true,"href":"https:\/\/www.opinionpublica.tv\/portada\/wp-json\/wp\/v2\/media\/50409"}],"wp:attachment":[{"href":"https:\/\/www.opinionpublica.tv\/portada\/wp-json\/wp\/v2\/media?parent=50405"}],"wp:term":[{"taxonomy":"category","embeddable":true,"href":"https:\/\/www.opinionpublica.tv\/portada\/wp-json\/wp\/v2\/categories?post=50405"},{"taxonomy":"post_tag","embeddable":true,"href":"https:\/\/www.opinionpublica.tv\/portada\/wp-json\/wp\/v2\/tags?post=50405"}],"curies":[{"name":"wp","href":"https:\/\/api.w.org\/{rel}","templated":true}]}}