{"id":50398,"date":"2024-12-31T00:01:00","date_gmt":"2024-12-31T07:01:00","guid":{"rendered":"https:\/\/www.opinionpublica.tv\/portada\/?p=50398"},"modified":"2024-12-30T19:50:48","modified_gmt":"2024-12-31T02:50:48","slug":"jimmy-carter-el-longevo-presidente-de-eu-que-devolvio-el-canal-a-panama-bbc","status":"publish","type":"post","link":"https:\/\/www.opinionpublica.tv\/portada\/jimmy-carter-el-longevo-presidente-de-eu-que-devolvio-el-canal-a-panama-bbc\/","title":{"rendered":"Video: Jimmy Carter, el presidente que devolvi\u00f3 el Canal a Panam\u00e1 | BBC"},"content":{"rendered":"\n<figure class=\"wp-block-embed is-type-video is-provider-youtube wp-block-embed-youtube wp-embed-aspect-16-9 wp-has-aspect-ratio\"><div class=\"wp-block-embed__wrapper\">\n<iframe title=\"Jimmy Carter, el presidente m\u00e1s longevo de EE.UU. que devolvi\u00f3 el Canal a Panam\u00e1\" width=\"800\" height=\"450\" src=\"https:\/\/www.youtube.com\/embed\/i9IrJhiIdu4?feature=oembed\" frameborder=\"0\" allow=\"accelerometer; autoplay; clipboard-write; encrypted-media; gyroscope; picture-in-picture; web-share\" referrerpolicy=\"strict-origin-when-cross-origin\" allowfullscreen><\/iframe>\n<\/div><\/figure>\n\n\n\n<p>Jimmy Carter, quien muri\u00f3 a los 100 a\u00f1os, dej\u00f3 un gran legado como el presidente m\u00e1s longevo de EE.UU. Durante su mandato, se destac\u00f3 por su enfoque pacifista, la hist\u00f3rica devoluci\u00f3n del Canal de Panam\u00e1 y los Acuerdos de Camp David.<\/p>\n\n\n\n<p>Carter transform\u00f3 las relaciones de Estados Unidos con Am\u00e9rica Latina, promoviendo la democracia y los derechos fundamentales. Tras fundar el Centro Carter, su incansable trabajo por la paz lo llev\u00f3 a recibir el Premio Nobel en 2002.<\/p>\n\n\n\n<p><em>Cr\u00e9ditos: BBC Mundo<\/em>.<a href=\"https:\/\/www.youtube.com\/@BBCMundo\"><\/a><\/p>\n","protected":false},"excerpt":{"rendered":"<p>Jimmy Carter, quien muri\u00f3 a los 100 a\u00f1os, dej\u00f3 un gran legado como el presidente m\u00e1s longevo de EE.UU. Durante su mandato, se destac\u00f3 por su enfoque pacifista, la hist\u00f3rica devoluci\u00f3n del Canal de Panam\u00e1 y los Acuerdos de Camp David. Carter transform\u00f3 las relaciones de Estados Unidos con Am\u00e9rica Latina, promoviendo la democracia y [&hellip;]<\/p>\n","protected":false},"author":6,"featured_media":50403,"comment_status":"open","ping_status":"open","sticky":false,"template":"","format":"standard","meta":{"_acf_changed":false,"_monsterinsights_skip_tracking":false,"_monsterinsights_sitenote_active":false,"_monsterinsights_sitenote_note":"","_monsterinsights_sitenote_category":0,"slim_seo":{"title":"Video: Jimmy Carter, el presidente que devolvi\u00f3 el Canal a Panam\u00e1 | BBC - Opini\u00f3n P\u00fablica","description":"https:\/\/youtu.be\/i9IrJhiIdu4?si=bLJMFiCLbczrGdL5 Jimmy Carter, quien muri\u00f3 a los 100 a\u00f1os, dej\u00f3 un gran legado como el presidente m\u00e1s longevo de EE.UU. Durante"},"footnotes":""},"categories":[2,13,8],"tags":[],"class_list":["post-50398","post","type-post","status-publish","format-standard","has-post-thumbnail","hentry","category-videos-destacados","category-videos-destacados-contenido","category-videos"],"acf":[],"_links":{"self":[{"href":"https:\/\/www.opinionpublica.tv\/portada\/wp-json\/wp\/v2\/posts\/50398","targetHints":{"allow":["GET"]}}],"collection":[{"href":"https:\/\/www.opinionpublica.tv\/portada\/wp-json\/wp\/v2\/posts"}],"about":[{"href":"https:\/\/www.opinionpublica.tv\/portada\/wp-json\/wp\/v2\/types\/post"}],"author":[{"embeddable":true,"href":"https:\/\/www.opinionpublica.tv\/portada\/wp-json\/wp\/v2\/users\/6"}],"replies":[{"embeddable":true,"href":"https:\/\/www.opinionpublica.tv\/portada\/wp-json\/wp\/v2\/comments?post=50398"}],"version-history":[{"count":5,"href":"https:\/\/www.opinionpublica.tv\/portada\/wp-json\/wp\/v2\/posts\/50398\/revisions"}],"predecessor-version":[{"id":50404,"href":"https:\/\/www.opinionpublica.tv\/portada\/wp-json\/wp\/v2\/posts\/50398\/revisions\/50404"}],"wp:featuredmedia":[{"embeddable":true,"href":"https:\/\/www.opinionpublica.tv\/portada\/wp-json\/wp\/v2\/media\/50403"}],"wp:attachment":[{"href":"https:\/\/www.opinionpublica.tv\/portada\/wp-json\/wp\/v2\/media?parent=50398"}],"wp:term":[{"taxonomy":"category","embeddable":true,"href":"https:\/\/www.opinionpublica.tv\/portada\/wp-json\/wp\/v2\/categories?post=50398"},{"taxonomy":"post_tag","embeddable":true,"href":"https:\/\/www.opinionpublica.tv\/portada\/wp-json\/wp\/v2\/tags?post=50398"}],"curies":[{"name":"wp","href":"https:\/\/api.w.org\/{rel}","templated":true}]}}