{"id":50391,"date":"2024-12-31T00:01:00","date_gmt":"2024-12-31T07:01:00","guid":{"rendered":"https:\/\/www.opinionpublica.tv\/portada\/?p=50391"},"modified":"2024-12-30T19:45:18","modified_gmt":"2024-12-31T02:45:18","slug":"anuncia-juarezbus-horarios-especiales-para-fin-de-ano-y-primer-dia-del-2025","status":"publish","type":"post","link":"https:\/\/www.opinionpublica.tv\/portada\/anuncia-juarezbus-horarios-especiales-para-fin-de-ano-y-primer-dia-del-2025\/","title":{"rendered":"Anuncia Ju\u00e1rezBus horarios especiales para fin de 2024 y primer d\u00eda del A\u00f1o Nuevo"},"content":{"rendered":"\n<figure class=\"wp-block-image size-large\"><img fetchpriority=\"high\" decoding=\"async\" width=\"1024\" height=\"900\" src=\"https:\/\/www.opinionpublica.tv\/portada\/wp-content\/uploads\/2024\/12\/Anuncia-JuarezBus-horarios-especiales-para-fin-de-2024-y-primer-dia-del-Ano-Nuevo-1024x900.jpeg\" alt=\"Anuncia Jua\u0301rezbus Horarios Especiales Para Fin De 2024 Y Primer Di\u0301a Del An\u0303o Nuevo\" class=\"wp-image-50395\" srcset=\"https:\/\/www.opinionpublica.tv\/portada\/wp-content\/uploads\/2024\/12\/Anuncia-JuarezBus-horarios-especiales-para-fin-de-2024-y-primer-dia-del-Ano-Nuevo-1024x900.jpeg 1024w, https:\/\/www.opinionpublica.tv\/portada\/wp-content\/uploads\/2024\/12\/Anuncia-JuarezBus-horarios-especiales-para-fin-de-2024-y-primer-dia-del-Ano-Nuevo-300x264.jpeg 300w, https:\/\/www.opinionpublica.tv\/portada\/wp-content\/uploads\/2024\/12\/Anuncia-JuarezBus-horarios-especiales-para-fin-de-2024-y-primer-dia-del-Ano-Nuevo-768x675.jpeg 768w, https:\/\/www.opinionpublica.tv\/portada\/wp-content\/uploads\/2024\/12\/Anuncia-JuarezBus-horarios-especiales-para-fin-de-2024-y-primer-dia-del-Ano-Nuevo.jpeg 1094w\" sizes=\"(max-width: 1024px) 100vw, 1024px\" \/><\/figure>\n\n\n\n<p><em>Ciudad Ju\u00e1rez, Chih<\/em>.- La Secretar\u00eda General de Gobierno, a trav\u00e9s de la Operadora de Transporte (OTV), inform\u00f3 a los usuarios del sistema Ju\u00e1rezBus sobre los horarios especiales de operaci\u00f3n del BRT-1, BRT-2 y BRT-3 durante los d\u00edas 31 de diciembre y 1 de enero de 2025, con motivo de las festividades de A\u00f1o Nuevo.<\/p>\n\n\n\n<p>La dependencia pidi\u00f3 los juarenses tomar en cuenta estos ajustes para planificar sus traslados durante las celebraciones de fin de a\u00f1o:<\/p>\n\n\n\n<p>Horarios especiales:<\/p>\n\n\n\n<p>31 de diciembre:<\/p>\n\n\n\n<p>\u2022 Primera salida de camiones: 4:40 a.m.<\/p>\n\n\n\n<p>\u2022 \u00daltima salida de camiones: 8:00 p.m.<\/p>\n\n\n\n<p>1 de enero:<\/p>\n\n\n\n<p>\u2022 Primera salida de camiones: 6:00 a.m.<\/p>\n\n\n\n<p>\u2022 \u00daltima salida de camiones: 8:00 p.m.<\/p>\n","protected":false},"excerpt":{"rendered":"<p>Ciudad Ju\u00e1rez, Chih.- La Secretar\u00eda General de Gobierno, a trav\u00e9s de la Operadora de Transporte (OTV), inform\u00f3 a los usuarios del sistema Ju\u00e1rezBus sobre los horarios especiales de operaci\u00f3n del BRT-1, BRT-2 y BRT-3 durante los d\u00edas 31 de diciembre y 1 de enero de 2025, con motivo de las festividades de A\u00f1o Nuevo. La [&hellip;]<\/p>\n","protected":false},"author":6,"featured_media":50395,"comment_status":"open","ping_status":"open","sticky":false,"template":"","format":"standard","meta":{"_acf_changed":false,"_monsterinsights_skip_tracking":false,"_monsterinsights_sitenote_active":false,"_monsterinsights_sitenote_note":"","_monsterinsights_sitenote_category":0,"slim_seo":{"title":"Anuncia Ju\u00e1rezBus horarios especiales para fin de 2024 y primer d\u00eda del A\u00f1o Nuevo - Opini\u00f3n P\u00fablica","description":"Ciudad Ju\u00e1rez, Chih .- La Secretar\u00eda General de Gobierno, a trav\u00e9s de la Operadora de Transporte (OTV), inform\u00f3 a los usuarios del sistema Ju\u00e1rezBus sobre los h"},"footnotes":""},"categories":[11],"tags":[],"class_list":["post-50391","post","type-post","status-publish","format-standard","has-post-thumbnail","hentry","category-tendencias"],"acf":[],"_links":{"self":[{"href":"https:\/\/www.opinionpublica.tv\/portada\/wp-json\/wp\/v2\/posts\/50391","targetHints":{"allow":["GET"]}}],"collection":[{"href":"https:\/\/www.opinionpublica.tv\/portada\/wp-json\/wp\/v2\/posts"}],"about":[{"href":"https:\/\/www.opinionpublica.tv\/portada\/wp-json\/wp\/v2\/types\/post"}],"author":[{"embeddable":true,"href":"https:\/\/www.opinionpublica.tv\/portada\/wp-json\/wp\/v2\/users\/6"}],"replies":[{"embeddable":true,"href":"https:\/\/www.opinionpublica.tv\/portada\/wp-json\/wp\/v2\/comments?post=50391"}],"version-history":[{"count":4,"href":"https:\/\/www.opinionpublica.tv\/portada\/wp-json\/wp\/v2\/posts\/50391\/revisions"}],"predecessor-version":[{"id":50396,"href":"https:\/\/www.opinionpublica.tv\/portada\/wp-json\/wp\/v2\/posts\/50391\/revisions\/50396"}],"wp:featuredmedia":[{"embeddable":true,"href":"https:\/\/www.opinionpublica.tv\/portada\/wp-json\/wp\/v2\/media\/50395"}],"wp:attachment":[{"href":"https:\/\/www.opinionpublica.tv\/portada\/wp-json\/wp\/v2\/media?parent=50391"}],"wp:term":[{"taxonomy":"category","embeddable":true,"href":"https:\/\/www.opinionpublica.tv\/portada\/wp-json\/wp\/v2\/categories?post=50391"},{"taxonomy":"post_tag","embeddable":true,"href":"https:\/\/www.opinionpublica.tv\/portada\/wp-json\/wp\/v2\/tags?post=50391"}],"curies":[{"name":"wp","href":"https:\/\/api.w.org\/{rel}","templated":true}]}}