{"id":50335,"date":"2024-12-30T00:01:00","date_gmt":"2024-12-30T07:01:00","guid":{"rendered":"https:\/\/www.opinionpublica.tv\/portada\/?p=50335"},"modified":"2024-12-29T18:02:37","modified_gmt":"2024-12-30T01:02:37","slug":"efemerides-30-de-diciembre-8","status":"publish","type":"post","link":"https:\/\/www.opinionpublica.tv\/portada\/efemerides-30-de-diciembre-8\/","title":{"rendered":"Efem\u00e9rides 30 de diciembre"},"content":{"rendered":"\n<p class=\"wp-block-paragraph\"><em>Un d\u00eda 30 de diciembre como hoy, pero de 1953, se ponen a la venta los primeros televisores en color en Estados Unidos.<\/em><\/p>\n\n\n\n<figure class=\"wp-block-image size-full\"><img fetchpriority=\"high\" decoding=\"async\" width=\"600\" height=\"365\" src=\"https:\/\/www.opinionpublica.tv\/portada\/wp-content\/uploads\/2024\/12\/1953-se-ponen-a-la-venta-los-primeros-televisores-en-color-en-Estados-Unidos.jpeg\" alt=\"1953, Se Ponen A La Venta Los Primeros Televisores En Color En Estados Unidos\" class=\"wp-image-50336\" srcset=\"https:\/\/www.opinionpublica.tv\/portada\/wp-content\/uploads\/2024\/12\/1953-se-ponen-a-la-venta-los-primeros-televisores-en-color-en-Estados-Unidos.jpeg 600w, https:\/\/www.opinionpublica.tv\/portada\/wp-content\/uploads\/2024\/12\/1953-se-ponen-a-la-venta-los-primeros-televisores-en-color-en-Estados-Unidos-300x183.jpeg 300w\" sizes=\"(max-width: 600px) 100vw, 600px\" \/><\/figure>\n\n\n\n<p class=\"wp-block-paragraph\"><strong>Otras efem\u00e9rides<\/strong><\/p>\n\n\n\n<p class=\"wp-block-paragraph\">1814.- En Argentina se proh\u00edbe el duelo bajo pena de muerte.<\/p>\n\n\n\n<p class=\"wp-block-paragraph\">1896.- Ejecuci\u00f3n en Manila del patriota filipino Jos\u00e9 Rizal.<\/p>\n\n\n\n<p class=\"wp-block-paragraph\">1903.- Incendio del teatro \u00abIroquois\u00bb de Chicago, en el que mueren m\u00e1s de 600 personas.<\/p>\n\n\n\n<p class=\"wp-block-paragraph\">1922.- El Congreso de los Soviets, reunido en Mosc\u00fa, aprueba la creaci\u00f3n de la Uni\u00f3n de Rep\u00fablicas Socialistas Sovi\u00e9ticas (URSS).<\/p>\n\n\n\n<p class=\"wp-block-paragraph\">1923.- Inauguraci\u00f3n del primer servicio p\u00fablico a\u00e9reo en Argentina: de Buenos Aires a Montevideo.<\/p>\n\n\n\n<p class=\"wp-block-paragraph\">1924.- El astr\u00f3nomo estadounidense Edwin Hubble anuncia que hay otras galaxias m\u00e1s all\u00e1 de la V\u00eda L\u00e1ctea.<\/p>\n\n\n\n<p class=\"wp-block-paragraph\">1947.- Abdicaci\u00f3n del rey Miguel de Ruman\u00eda, pa\u00eds que se convierte en Rep\u00fablica, dominada por los comunistas.<\/p>\n\n\n\n<p class=\"wp-block-paragraph\">1948.- Se estrena en Broadway (Nueva York) el musical \u201cKiss me, Kate\u201d de Cole Porter. Tuvo m\u00e1s de 1.000 representaciones y gan\u00f3 el primer premio Tony al mejor musical.<\/p>\n\n\n\n<p class=\"wp-block-paragraph\">1954.- En Argentina, el Gobierno de Juan Domingo Per\u00f3n legaliza la prostituci\u00f3n.<\/p>\n\n\n\n<p class=\"wp-block-paragraph\">1960.- Alrededor de 20 personas mueren en la ciudad de Chilpancingo (Guerrero, M\u00e9xico), despu\u00e9s de que el ej\u00e9rcito mexicano abriera fuego contra estudiantes en huelga.<\/p>\n\n\n\n<p class=\"wp-block-paragraph\">1965.- Ferdinand Marcos asume como presidente de Filipinas.<\/p>\n\n\n\n<p class=\"wp-block-paragraph\">1992.- El nuevo Congreso Constituyente peruano sustituye al Parlamento bicameral, disuelto tras el golpe de Fujimori del 5 de abril.<\/p>\n\n\n\n<p class=\"wp-block-paragraph\">1993.- Israel y el Vaticano firman en Jerusal\u00e9n un acuerdo de reconocimiento mutuo.<\/p>\n\n\n\n<p class=\"wp-block-paragraph\">1997.- La reina Isabel II nombra Caballero del Imperio Brit\u00e1nico al m\u00fasico Elton John.<\/p>\n\n\n\n<p class=\"wp-block-paragraph\">2004.- Mueren 193 personas y m\u00e1s de 700 resultan heridas en el incendio de la discoteca Rep\u00fablica Croma\u00f1\u00f3n, de Buenos Aires.<\/p>\n\n\n\n<p class=\"wp-block-paragraph\">2005.- El Gobierno espa\u00f1ol retira la condici\u00f3n de refugiado pol\u00edtico al l\u00edder opositor de Guinea Ecuatorial Severo Moto.<\/p>\n\n\n\n<p class=\"wp-block-paragraph\">2006.- El expresidente de Irak, Sadam Husein, es ejecutado en la horca en Bagdad.<\/p>\n\n\n\n<p class=\"wp-block-paragraph\">2009.- Siete agentes de la CIA mueren y otros seis resultan heridos en un atentado suicida en Afganist\u00e1n.<\/p>\n\n\n\n<p class=\"wp-block-paragraph\">2010.- El expresidente de Israel Mosh\u00e9 Katsav es declarado culpable de dos delitos de violaci\u00f3n y acoso sexual.<\/p>\n\n\n\n<p class=\"wp-block-paragraph\">2011.- Samoa y el territorio neozeland\u00e9s de Tokelau, en el Pac\u00edfico Sur, adelantan su horario y saltan del 29 al 31 de diciembre.<\/p>\n\n\n\n<p class=\"wp-block-paragraph\">2013.- Un atentado suicida en un troleb\u00fas de Volgogrado (Rusia) causa 15 muertos. Es el segundo ataque terrorista que sufre la ciudad en menos de 24 horas, con un balance total de m\u00e1s de 30 v\u00edctimas mortales.<\/p>\n\n\n\n<p class=\"wp-block-paragraph\">2020.- El Senado de Argentina aprueba la legalizaci\u00f3n del aborto hasta la semana 14.<\/p>\n\n\n\n<p class=\"wp-block-paragraph\">2020.- Becky Hammon se convierte en la primera mujer en dirigir a un equipo de la NBA, los San Antonio Spurs, en un partido oficial.<\/p>\n\n\n\n<p class=\"wp-block-paragraph\">2020.- El Congreso de la Rep\u00fablica Dominicana proh\u00edbe el matrimonio de menores de edad.<\/p>\n\n\n\n<p class=\"wp-block-paragraph\"><strong>Nacimientos<\/strong><\/p>\n\n\n\n<p class=\"wp-block-paragraph\">1865.- Rudyard Kipling, escritor brit\u00e1nico, Premio Nobel 1907.<\/p>\n\n\n\n<p class=\"wp-block-paragraph\">1895.- Jos\u00e9 Bergam\u00edn, escritor espa\u00f1ol.<\/p>\n\n\n\n<p class=\"wp-block-paragraph\">1910.- Paul Bowles, escritor estadounidense.<\/p>\n\n\n\n<p class=\"wp-block-paragraph\">1924.- Yvonne Brill, ingeniera aeroespacial canadiense-estadounidense.<\/p>\n\n\n\n<p class=\"wp-block-paragraph\">1927.- Robert Hossein, actor y director de cine franc\u00e9s.<\/p>\n\n\n\n<p class=\"wp-block-paragraph\">1930.- Tu Youyou, cient\u00edfica china, Nobel de Medicina en 2015.<\/p>\n\n\n\n<p class=\"wp-block-paragraph\">1946.- Patti Smith, cantante y poeta estadounidense.<\/p>\n\n\n\n<p class=\"wp-block-paragraph\">1961.- Ben Johnson, atleta canadiense.<\/p>\n\n\n\n<p class=\"wp-block-paragraph\">1962.- Donato Gama da Silva, exfutbolista brasile\u00f1o nacionalizado espa\u00f1ol.<\/p>\n\n\n\n<p class=\"wp-block-paragraph\">1966.- Bennett Miller, director de cine estadounidense.<\/p>\n\n\n\n<p class=\"wp-block-paragraph\">1975.- Eldrick \u00abTiger\u00bb Woods, golfista estadounidense.<\/p>\n\n\n\n<p class=\"wp-block-paragraph\">1984.- LeBron James, jugador de baloncesto estadounidense.<\/p>\n\n\n\n<p class=\"wp-block-paragraph\">1984.- Andra Day, cantante, compositora y actriz estadounidense.<\/p>\n\n\n\n<p class=\"wp-block-paragraph\">1986.- Ellie Goulding, cantante brit\u00e1nica.<\/p>\n\n\n\n<p class=\"wp-block-paragraph\">1986.- Caity Lotz, actriz estadounidense.<\/p>\n\n\n\n<p class=\"wp-block-paragraph\">1988.- Paulina Flores, escritora chilena.<\/p>\n\n\n\n<p class=\"wp-block-paragraph\"><strong>Defunciones<\/strong><\/p>\n\n\n\n<p class=\"wp-block-paragraph\">1940.- Romain Rolland, escritor franc\u00e9s, Premio Nobel 1915.<\/p>\n\n\n\n<p class=\"wp-block-paragraph\">1995.- Heiner Muller, dramaturgo alem\u00e1n.<\/p>\n\n\n\n<p class=\"wp-block-paragraph\">1998.- Joan Brossa, poeta, dramaturgo y artista pl\u00e1stico espa\u00f1ol.<\/p>\n\n\n\n<p class=\"wp-block-paragraph\">2002.- Mary Wesley, novelista brit\u00e1nica.<\/p>\n\n\n\n<p class=\"wp-block-paragraph\">2002.- Mary Brian, actriz estadounidense de cine mudo y sonoro.<\/p>\n\n\n\n<p class=\"wp-block-paragraph\">2003.- Anita Mui, actriz y cantante de Hong Kong.<\/p>\n\n\n\n<p class=\"wp-block-paragraph\">2007.- Xaime Quesada, pintor espa\u00f1ol.<\/p>\n\n\n\n<p class=\"wp-block-paragraph\">2009.- Iv\u00e1n Zulueta, director de cine espa\u00f1ol.<\/p>\n\n\n\n<p class=\"wp-block-paragraph\">2010.- Bobby Farrell, cantante neerland\u00e9s, del grupo Boney M.<\/p>\n\n\n\n<p class=\"wp-block-paragraph\">2012.- Rita Levi-Montalcini, neur\u00f3loga italiana, Premio Nobel de Medicina 1986.<\/p>\n\n\n\n<p class=\"wp-block-paragraph\">2014.- Luise Rainer, actriz de origen jud\u00edo-alem\u00e1n nacionalizada estadounidense.<\/p>\n\n\n\n<p class=\"wp-block-paragraph\">2017.- Erica Garner, activista estadounidense.<\/p>\n\n\n\n<p class=\"wp-block-paragraph\">2018.- H\u00e9ctor Timerman, ex canciller argentino.<\/p>\n\n\n\n<p class=\"wp-block-paragraph\">2019.- Syd Mead, dise\u00f1ador industrial estadounidense.<\/p>\n\n\n\n<p class=\"wp-block-paragraph\">2020.- Jos\u00e9 Agust\u00edn Aranzabal, \u00abGaztelu\u00bb, futbolista espa\u00f1ol.<\/p>\n\n\n\n<p class=\"wp-block-paragraph\">2021.- Sam Jones, jugador de baloncesto estadounidense.<\/p>\n","protected":false},"excerpt":{"rendered":"<p>Un d\u00eda 30 de diciembre como hoy, pero de 1953, se ponen a la venta los primeros televisores en color en Estados Unidos. Otras efem\u00e9rides 1814.- En Argentina se proh\u00edbe el duelo bajo pena de muerte. 1896.- Ejecuci\u00f3n en Manila del patriota filipino Jos\u00e9 Rizal. 1903.- Incendio del teatro \u00abIroquois\u00bb de Chicago, en el que [&hellip;]<\/p>\n","protected":false},"author":6,"featured_media":50336,"comment_status":"open","ping_status":"open","sticky":false,"template":"","format":"standard","meta":{"_acf_changed":false,"_monsterinsights_skip_tracking":false,"slim_seo":{"title":"Efem\u00e9rides 30 de diciembre - Opini\u00f3n P\u00fablica","description":"Un d\u00eda 30 de diciembre como hoy, pero de 1953, se ponen a la venta los primeros televisores en color en Estados Unidos. Otras efem\u00e9rides 1814.- En Argentina se"},"footnotes":""},"categories":[27],"tags":[],"class_list":["post-50335","post","type-post","status-publish","format-standard","has-post-thumbnail","hentry","category-un-dia-como-hoy"],"acf":[],"_links":{"self":[{"href":"https:\/\/www.opinionpublica.tv\/portada\/wp-json\/wp\/v2\/posts\/50335","targetHints":{"allow":["GET"]}}],"collection":[{"href":"https:\/\/www.opinionpublica.tv\/portada\/wp-json\/wp\/v2\/posts"}],"about":[{"href":"https:\/\/www.opinionpublica.tv\/portada\/wp-json\/wp\/v2\/types\/post"}],"author":[{"embeddable":true,"href":"https:\/\/www.opinionpublica.tv\/portada\/wp-json\/wp\/v2\/users\/6"}],"replies":[{"embeddable":true,"href":"https:\/\/www.opinionpublica.tv\/portada\/wp-json\/wp\/v2\/comments?post=50335"}],"version-history":[{"count":1,"href":"https:\/\/www.opinionpublica.tv\/portada\/wp-json\/wp\/v2\/posts\/50335\/revisions"}],"predecessor-version":[{"id":50337,"href":"https:\/\/www.opinionpublica.tv\/portada\/wp-json\/wp\/v2\/posts\/50335\/revisions\/50337"}],"wp:featuredmedia":[{"embeddable":true,"href":"https:\/\/www.opinionpublica.tv\/portada\/wp-json\/wp\/v2\/media\/50336"}],"wp:attachment":[{"href":"https:\/\/www.opinionpublica.tv\/portada\/wp-json\/wp\/v2\/media?parent=50335"}],"wp:term":[{"taxonomy":"category","embeddable":true,"href":"https:\/\/www.opinionpublica.tv\/portada\/wp-json\/wp\/v2\/categories?post=50335"},{"taxonomy":"post_tag","embeddable":true,"href":"https:\/\/www.opinionpublica.tv\/portada\/wp-json\/wp\/v2\/tags?post=50335"}],"curies":[{"name":"wp","href":"https:\/\/api.w.org\/{rel}","templated":true}]}}