{"id":5033,"date":"2016-09-27T06:00:00","date_gmt":"2016-09-27T04:00:00","guid":{"rendered":"https:\/\/www.opinionpublica.tv\/portada\/2016\/09\/27\/video-ejercito-sirio-ataca-alepo\/"},"modified":"2016-09-27T06:00:00","modified_gmt":"2016-09-27T04:00:00","slug":"video-ejercito-sirio-ataca-alepo","status":"publish","type":"post","link":"https:\/\/www.opinionpublica.tv\/portada\/video-ejercito-sirio-ataca-alepo\/","title":{"rendered":"Video: Ej\u00e9rcito sirio ataca Alepo"},"content":{"rendered":"<p><img fetchpriority=\"high\" decoding=\"async\" class=\" size-full wp-image-5032\" src=\"https:\/\/www.opinionpublica.tv\/portada\/wp-content\/uploads\/2016\/09\/b122114e22db7e95bb57ed5003533146.jpg\" alt=\"\" width=\"506\" height=\"320\" srcset=\"https:\/\/www.opinionpublica.tv\/portada\/wp-content\/uploads\/2016\/09\/b122114e22db7e95bb57ed5003533146.jpg 506w, https:\/\/www.opinionpublica.tv\/portada\/wp-content\/uploads\/2016\/09\/b122114e22db7e95bb57ed5003533146-300x190.jpg 300w\" sizes=\"(max-width: 506px) 100vw, 506px\" \/><\/p>\n<p style=\"text-align: justify;\">Las fuerzas de Bachar al Asad contin\u00faan su ofensiva sobre Alepo.<\/p>\n<p style=\"text-align: justify;\">Ayudado por Rusia y sus aliados regionales, el Ej\u00e9rcito sirio ha emprendido el mayor ataque de los \u00faltimos d\u00edas sobre las zonas urbanas controladas por las facciones rebeldes.<\/p>\n<p style=\"text-align: justify;\">Uno de esos barrios, Al Farafira, situado en el casco antiguo de la ciudad, ya est\u00e1 en manos de las fuerzas gubernamentales.<\/p>\n<p style=\"text-align: justify;\">La situaci\u00f3n para los habitantes de Alepo es cr\u00edtica. Se calcula que hay unos 250.000 civiles atrapados y amenazados por los continuos bombardeos.<\/p>\n<p style=\"text-align: justify;\">\u201cLa escalada de violencia en Alepo est\u00e1 haciendo m\u00e1s victimas cada d\u00eda. La Organizaci\u00f3n Mundial de la Salud hace un llamamiento para que se restablezcan los corredores humanitarios y se puedan evacuar a los enfermos y heridos del este de la ciudad. Estamos hablando de que solo quedan 35 m\u00e9dicos en esa parte de Alepo para atender a cientos de heridos y el n\u00famero no deja de crecer\u201d, dec\u00eda Fadela Chaib, portavoz de la<span class=\"caps\">OMS<\/span>.<\/p>\n<p style=\"text-align: justify;\">El Observatorio Sirio de Derechos Humanos calcula que desde que empez\u00f3 la ofensiva el jueves, los bombardeos habr\u00edan acabado con la vida de unas 150 personas. Estados Unidos acusa a Mosc\u00fa de ser c\u00f3mplice de la barbarie y de haber provocado la ruptura del alto el fuego acordado hace apenas 15 d\u00edas.<\/p>\n<p style=\"text-align: justify;\">EuroNews<\/p>\n<div class=\"k2_video\"><iframe title=\"El Ej\u00e9rcito sirio ataca Alepo en varios frentes diferentes\" width=\"800\" height=\"450\" src=\"https:\/\/www.youtube.com\/embed\/yrKbyBTk6xo?feature=oembed\" frameborder=\"0\" allow=\"accelerometer; autoplay; clipboard-write; encrypted-media; gyroscope; picture-in-picture; web-share\" referrerpolicy=\"strict-origin-when-cross-origin\" allowfullscreen><\/iframe>\n<\/div>\n","protected":false},"excerpt":{"rendered":"<p>Las fuerzas de Bachar al Asad contin\u00faan su ofensiva sobre Alepo. Ayudado por Rusia y sus aliados regionales, el Ej\u00e9rcito sirio ha emprendido el mayor ataque de los \u00faltimos d\u00edas sobre las zonas urbanas controladas por las facciones rebeldes. Uno de esos barrios, Al Farafira, situado en el casco antiguo de la ciudad, ya est\u00e1 [&hellip;]<\/p>\n","protected":false},"author":1,"featured_media":5032,"comment_status":"open","ping_status":"open","sticky":false,"template":"","format":"standard","meta":{"_acf_changed":false,"_monsterinsights_skip_tracking":false,"slim_seo":{"title":"Video: Ej\u00e9rcito sirio ataca Alepo - Opini\u00f3n P\u00fablica","description":"Las fuerzas de Bachar al Asad contin\u00faan su ofensiva sobre Alepo. Ayudado por Rusia y sus aliados regionales, el Ej\u00e9rcito sirio ha emprendido el mayor ataque de"},"footnotes":""},"categories":[13],"tags":[],"class_list":["post-5033","post","type-post","status-publish","format-standard","has-post-thumbnail","hentry","category-videos-destacados-contenido"],"acf":[],"_links":{"self":[{"href":"https:\/\/www.opinionpublica.tv\/portada\/wp-json\/wp\/v2\/posts\/5033","targetHints":{"allow":["GET"]}}],"collection":[{"href":"https:\/\/www.opinionpublica.tv\/portada\/wp-json\/wp\/v2\/posts"}],"about":[{"href":"https:\/\/www.opinionpublica.tv\/portada\/wp-json\/wp\/v2\/types\/post"}],"author":[{"embeddable":true,"href":"https:\/\/www.opinionpublica.tv\/portada\/wp-json\/wp\/v2\/users\/1"}],"replies":[{"embeddable":true,"href":"https:\/\/www.opinionpublica.tv\/portada\/wp-json\/wp\/v2\/comments?post=5033"}],"version-history":[{"count":0,"href":"https:\/\/www.opinionpublica.tv\/portada\/wp-json\/wp\/v2\/posts\/5033\/revisions"}],"wp:featuredmedia":[{"embeddable":true,"href":"https:\/\/www.opinionpublica.tv\/portada\/wp-json\/wp\/v2\/media\/5032"}],"wp:attachment":[{"href":"https:\/\/www.opinionpublica.tv\/portada\/wp-json\/wp\/v2\/media?parent=5033"}],"wp:term":[{"taxonomy":"category","embeddable":true,"href":"https:\/\/www.opinionpublica.tv\/portada\/wp-json\/wp\/v2\/categories?post=5033"},{"taxonomy":"post_tag","embeddable":true,"href":"https:\/\/www.opinionpublica.tv\/portada\/wp-json\/wp\/v2\/tags?post=5033"}],"curies":[{"name":"wp","href":"https:\/\/api.w.org\/{rel}","templated":true}]}}