{"id":50324,"date":"2024-12-29T12:33:49","date_gmt":"2024-12-29T19:33:49","guid":{"rendered":"https:\/\/www.opinionpublica.tv\/portada\/?p=50324"},"modified":"2024-12-29T12:34:20","modified_gmt":"2024-12-29T19:34:20","slug":"video-angelus-papa-francisco-domingo-29-de-diciembre-de-2024","status":"publish","type":"post","link":"https:\/\/www.opinionpublica.tv\/portada\/video-angelus-papa-francisco-domingo-29-de-diciembre-de-2024\/","title":{"rendered":"Video: \u00c1ngelus Papa Francisco, domingo 29 de diciembre de 2024"},"content":{"rendered":"\n<figure class=\"wp-block-embed is-type-video is-provider-youtube wp-block-embed-youtube wp-embed-aspect-16-9 wp-has-aspect-ratio\"><div class=\"wp-block-embed__wrapper\">\n<iframe title=\"\u00c1ngelus 29 de diciembre de 2024 - Papa Francisco\" width=\"800\" height=\"450\" src=\"https:\/\/www.youtube.com\/embed\/E_GJSjHyvCU?feature=oembed\" frameborder=\"0\" allow=\"accelerometer; autoplay; clipboard-write; encrypted-media; gyroscope; picture-in-picture; web-share\" referrerpolicy=\"strict-origin-when-cross-origin\" allowfullscreen><\/iframe>\n<\/div><\/figure>\n\n\n\n<p class=\"wp-block-paragraph\"><em>Ciudad del Vaticano<\/em>.- Desde la Plaza de San Pedro, el rezo de la oraci\u00f3n del \u00c1ngelus, dirigido por el Papa Francisco en la fiesta de la Sagrada Familia.<br><a href=\"https:\/\/www.youtube.com\/@VaticanNewsES\"><\/a><\/p>\n","protected":false},"excerpt":{"rendered":"<p>Ciudad del Vaticano.- Desde la Plaza de San Pedro, el rezo de la oraci\u00f3n del \u00c1ngelus, dirigido por el Papa Francisco en la fiesta de la Sagrada Familia.<\/p>\n","protected":false},"author":6,"featured_media":50326,"comment_status":"open","ping_status":"open","sticky":false,"template":"","format":"standard","meta":{"_acf_changed":false,"_monsterinsights_skip_tracking":false,"slim_seo":{"title":"Video: \u00c1ngelus Papa Francisco, domingo 29 de diciembre de 2024 - Opini\u00f3n P\u00fablica","description":"https:\/\/youtu.be\/E_GJSjHyvCU?si=q5NjoaPRsPzqLd3r Ciudad del Vaticano .- Desde la Plaza de San Pedro, el rezo de la oraci\u00f3n del \u00c1ngelus, dirigido por el Papa Fra"},"footnotes":""},"categories":[2,13,8],"tags":[],"class_list":["post-50324","post","type-post","status-publish","format-standard","has-post-thumbnail","hentry","category-videos-destacados","category-videos-destacados-contenido","category-videos"],"acf":[],"_links":{"self":[{"href":"https:\/\/www.opinionpublica.tv\/portada\/wp-json\/wp\/v2\/posts\/50324","targetHints":{"allow":["GET"]}}],"collection":[{"href":"https:\/\/www.opinionpublica.tv\/portada\/wp-json\/wp\/v2\/posts"}],"about":[{"href":"https:\/\/www.opinionpublica.tv\/portada\/wp-json\/wp\/v2\/types\/post"}],"author":[{"embeddable":true,"href":"https:\/\/www.opinionpublica.tv\/portada\/wp-json\/wp\/v2\/users\/6"}],"replies":[{"embeddable":true,"href":"https:\/\/www.opinionpublica.tv\/portada\/wp-json\/wp\/v2\/comments?post=50324"}],"version-history":[{"count":1,"href":"https:\/\/www.opinionpublica.tv\/portada\/wp-json\/wp\/v2\/posts\/50324\/revisions"}],"predecessor-version":[{"id":50325,"href":"https:\/\/www.opinionpublica.tv\/portada\/wp-json\/wp\/v2\/posts\/50324\/revisions\/50325"}],"wp:featuredmedia":[{"embeddable":true,"href":"https:\/\/www.opinionpublica.tv\/portada\/wp-json\/wp\/v2\/media\/50326"}],"wp:attachment":[{"href":"https:\/\/www.opinionpublica.tv\/portada\/wp-json\/wp\/v2\/media?parent=50324"}],"wp:term":[{"taxonomy":"category","embeddable":true,"href":"https:\/\/www.opinionpublica.tv\/portada\/wp-json\/wp\/v2\/categories?post=50324"},{"taxonomy":"post_tag","embeddable":true,"href":"https:\/\/www.opinionpublica.tv\/portada\/wp-json\/wp\/v2\/tags?post=50324"}],"curies":[{"name":"wp","href":"https:\/\/api.w.org\/{rel}","templated":true}]}}