{"id":5031,"date":"2016-09-27T06:00:00","date_gmt":"2016-09-27T04:00:00","guid":{"rendered":"https:\/\/www.opinionpublica.tv\/portada\/2016\/09\/27\/atiende-profepa-varamientos-de-ballena-de-bryde-en-la-paz-b-c-s\/"},"modified":"2016-09-27T06:00:00","modified_gmt":"2016-09-27T04:00:00","slug":"atiende-profepa-varamientos-de-ballena-de-bryde-en-la-paz-b-c-s","status":"publish","type":"post","link":"https:\/\/www.opinionpublica.tv\/portada\/atiende-profepa-varamientos-de-ballena-de-bryde-en-la-paz-b-c-s\/","title":{"rendered":"Atiende PROFEPA varamientos de ballena de Bryde en La Paz, B.C.S."},"content":{"rendered":"<p><img fetchpriority=\"high\" decoding=\"async\" class=\" size-full wp-image-5030\" src=\"https:\/\/www.opinionpublica.tv\/portada\/wp-content\/uploads\/2016\/09\/f1de7f83255ed833853ae2fd5dd02af0.jpg\" alt=\"\" width=\"515\" height=\"324\" srcset=\"https:\/\/www.opinionpublica.tv\/portada\/wp-content\/uploads\/2016\/09\/f1de7f83255ed833853ae2fd5dd02af0.jpg 515w, https:\/\/www.opinionpublica.tv\/portada\/wp-content\/uploads\/2016\/09\/f1de7f83255ed833853ae2fd5dd02af0-300x189.jpg 300w\" sizes=\"(max-width: 515px) 100vw, 515px\" \/><\/p>\n<p style=\"text-align: justify;\">La Procuradur\u00eda Federal de Protecci\u00f3n al Ambiente (PROFEPA) atendi\u00f3 en tres ocasiones el varamiento de una Ballena de Bryde (Balaenoptera edeni) en la Bah\u00eda de La Paz, B.C.S., mediante la activaci\u00f3n de la Red de Atenci\u00f3n para Varamientos de Mam\u00edferos Marinos para las Costas de Baja California Sur.<\/p>\n<p>La PROFEPA activ\u00f3 en tres ocasiones la Red de Atenci\u00f3n para Varamientos de Mam\u00edferos Marinos de B.C.S.<\/p>\n<p>Se logr\u00f3 evitar el deceso del ejemplar, sac\u00e1ndola de la zona intermareal en tres ocasiones y llev\u00e1ndola a aguas profundas.<\/p>\n","protected":false},"excerpt":{"rendered":"<p>La Procuradur\u00eda Federal de Protecci\u00f3n al Ambiente (PROFEPA) atendi\u00f3 en tres ocasiones el varamiento de una Ballena de Bryde (Balaenoptera edeni) en la Bah\u00eda de La Paz, B.C.S., mediante la activaci\u00f3n de la Red de Atenci\u00f3n para Varamientos de Mam\u00edferos Marinos para las Costas de Baja California Sur. La PROFEPA activ\u00f3 en tres ocasiones la [&hellip;]<\/p>\n","protected":false},"author":1,"featured_media":5030,"comment_status":"open","ping_status":"open","sticky":false,"template":"","format":"standard","meta":{"_acf_changed":false,"_monsterinsights_skip_tracking":false,"slim_seo":{"title":"Atiende PROFEPA varamientos de ballena de Bryde en La Paz, B.C.S. - Opini\u00f3n P\u00fablica","description":"La Procuradur\u00eda Federal de Protecci\u00f3n al Ambiente (PROFEPA) atendi\u00f3 en tres ocasiones el varamiento de una Ballena de Bryde (Balaenoptera edeni) en la Bah\u00eda de"},"footnotes":""},"categories":[8],"tags":[],"class_list":["post-5031","post","type-post","status-publish","format-standard","has-post-thumbnail","hentry","category-videos"],"acf":[],"_links":{"self":[{"href":"https:\/\/www.opinionpublica.tv\/portada\/wp-json\/wp\/v2\/posts\/5031","targetHints":{"allow":["GET"]}}],"collection":[{"href":"https:\/\/www.opinionpublica.tv\/portada\/wp-json\/wp\/v2\/posts"}],"about":[{"href":"https:\/\/www.opinionpublica.tv\/portada\/wp-json\/wp\/v2\/types\/post"}],"author":[{"embeddable":true,"href":"https:\/\/www.opinionpublica.tv\/portada\/wp-json\/wp\/v2\/users\/1"}],"replies":[{"embeddable":true,"href":"https:\/\/www.opinionpublica.tv\/portada\/wp-json\/wp\/v2\/comments?post=5031"}],"version-history":[{"count":0,"href":"https:\/\/www.opinionpublica.tv\/portada\/wp-json\/wp\/v2\/posts\/5031\/revisions"}],"wp:featuredmedia":[{"embeddable":true,"href":"https:\/\/www.opinionpublica.tv\/portada\/wp-json\/wp\/v2\/media\/5030"}],"wp:attachment":[{"href":"https:\/\/www.opinionpublica.tv\/portada\/wp-json\/wp\/v2\/media?parent=5031"}],"wp:term":[{"taxonomy":"category","embeddable":true,"href":"https:\/\/www.opinionpublica.tv\/portada\/wp-json\/wp\/v2\/categories?post=5031"},{"taxonomy":"post_tag","embeddable":true,"href":"https:\/\/www.opinionpublica.tv\/portada\/wp-json\/wp\/v2\/tags?post=5031"}],"curies":[{"name":"wp","href":"https:\/\/api.w.org\/{rel}","templated":true}]}}