{"id":50286,"date":"2024-12-29T00:01:00","date_gmt":"2024-12-29T07:01:00","guid":{"rendered":"https:\/\/www.opinionpublica.tv\/portada\/?p=50286"},"modified":"2024-12-28T18:38:14","modified_gmt":"2024-12-29T01:38:14","slug":"efemerides-29-de-diciembre-7","status":"publish","type":"post","link":"https:\/\/www.opinionpublica.tv\/portada\/efemerides-29-de-diciembre-7\/","title":{"rendered":"Efem\u00e9rides 29 de diciembre"},"content":{"rendered":"\n<p class=\"wp-block-paragraph\"><em>Un d\u00eda 29 de diciembre como hoy, pero de 2013, el piloto alem\u00e1n Michael Schumacher, siete veces campe\u00f3n del mundo de F\u00f3rmula Uno, tiene un accidente de esqu\u00ed en la estaci\u00f3n de M\u00e9ribel, en los Alpes franceses, y sufre graves da\u00f1os en el cerebro. Tras dos cirug\u00edas y seis meses de coma inducido, fue tratado en Francia y Suiza para su rehabilitaci\u00f3n, pero se desconoce su estado actual puesto que su vida transcurre en las m\u00e1s estrictas condiciones de privacidad.<\/em><\/p>\n\n\n\n<figure class=\"wp-block-image size-full\"><img fetchpriority=\"high\" decoding=\"async\" width=\"1280\" height=\"720\" src=\"https:\/\/www.opinionpublica.tv\/portada\/wp-content\/uploads\/2024\/12\/el-piloto-aleman-Michael-Schumacher-siete-veces-campeon-del-mundo-de-Formula-Uno-tiene-un-accidente-de-esqui-en-la-estacion-de-Meribel.avif\" alt=\"El Piloto Alema\u0301n Michael Schumacher, Siete Veces Campeo\u0301n Del Mundo De Fo\u0301rmula Uno, Tiene Un Accidente De Esqui\u0301 En La Estacio\u0301n De Me\u0301ribel\" class=\"wp-image-50287\"\/><\/figure>\n\n\n\n<p class=\"wp-block-paragraph\"><strong>Otras efem\u00e9rides<\/strong><\/p>\n\n\n\n<p class=\"wp-block-paragraph\">1845.- La Rep\u00fablica de Texas se convierte en el 28 estado de la Uni\u00f3n norteamericana, nueve a\u00f1os despu\u00e9s de haberse independizado de M\u00e9xico.<\/p>\n\n\n\n<p class=\"wp-block-paragraph\">1863.- Tiene lugar la apertura del primer tramo del Canal de Suez: el agua del Mediterr\u00e1neo se une a la del Mar Rojo.<\/p>\n\n\n\n<p class=\"wp-block-paragraph\">1931.- Debuta Alicia Alonso con once a\u00f1os en el antiguo Auditorium de La Habana como solista en \u00abLa bella durmiente\u00bb de Tchaikovski.<\/p>\n\n\n\n<p class=\"wp-block-paragraph\">1983.- La princesa Carolina de M\u00f3naco contrae matrimonio en segundas nupcias con el multimillonario italiano Stefano Casiraghi.<\/p>\n\n\n\n<p class=\"wp-block-paragraph\">1987.- El cosmonauta sovi\u00e9tico Yuri Romanenko toma tierra a bordo de la nave \u00abSoyuz TM-3\u00bb, en el desierto de Kazajist\u00e1n, tras permanecer 326 d\u00edas en la estaci\u00f3n espacial Mir.<\/p>\n\n\n\n<p class=\"wp-block-paragraph\">1989.- El escritor checo Vaclav Havel, que lider\u00f3 el proceso de transici\u00f3n democr\u00e1tico conocido como Revoluci\u00f3n de Terciopelo, jura su cargo como nuevo presidente de la Rep\u00fablica Socialista de Checoslovaquia.<\/p>\n\n\n\n<p class=\"wp-block-paragraph\">1990.- El presidente argentino Carlos Menem indulta a los excomandantes de las Juntas Militares Jorge Rafael Videla, Emilio Eduardo Massera y Roberto Eduardo Viola, condenados en 1985 por cr\u00edmenes y violaciones de los derechos humanos.<\/p>\n\n\n\n<p class=\"wp-block-paragraph\">1991.- Entra en vigor la ley que permite a cualquier ciudadano revisar los archivos de la \u00abStasi\u00bb, la polic\u00eda pol\u00edtica de la antigua Rep\u00fablica Democr\u00e1tica Alemana (RDA).<\/p>\n\n\n\n<p class=\"wp-block-paragraph\">1992.- Estados Unidos y Rusia acuerdan el Tratado de Reducci\u00f3n de Armas Nucleares Estrat\u00e9gicas (START II), que se firm\u00f3 un a\u00f1o despu\u00e9s.<\/p>\n\n\n\n<p class=\"wp-block-paragraph\">1992.- Fernando Collor de Melo dimite como presidente de Brasil, un d\u00eda antes de que el Senado inicie el procedimiento para su destituci\u00f3n por corrupci\u00f3n, y le sustituye Itamar Franco.<\/p>\n\n\n\n<p class=\"wp-block-paragraph\">1993.- Se promulga en Per\u00fa la duod\u00e9cima Constituci\u00f3n, la primera ratificada mediante voto popular.<\/p>\n\n\n\n<p class=\"wp-block-paragraph\">1996.- En Guatemala, Gobierno y guerrilla (URNG) suscriben un hist\u00f3rico acuerdo de paz que supone el fin de una guerra civil no declarada de 36 a\u00f1os de duraci\u00f3n.<\/p>\n\n\n\n<p class=\"wp-block-paragraph\">2005.- El Ej\u00e9rcito indonesio retira sus \u00faltimos soldados de Aceh, en virtud del acuerdo de paz alcanzado con el Movimiento para la Liberaci\u00f3n de Aceh, GAM.<\/p>\n\n\n\n<p class=\"wp-block-paragraph\">2011.- El \u00faltimo dictador de Argentina el general Reinaldo Bignone es condenado a 15 a\u00f1os de prisi\u00f3n por delitos de lesa humanidad.<\/p>\n\n\n\n<p class=\"wp-block-paragraph\">2016.- El gobierno de Estados Unidos ordena la expulsi\u00f3n de 35 diplom\u00e1ticos e impone sanciones a Rusia por los ataques cibern\u00e9ticos atribuidos a ese pa\u00eds durante la campa\u00f1a electoral.<\/p>\n\n\n\n<p class=\"wp-block-paragraph\">2020.- En Argentina, el Senado comienza a debatir el proyecto para legalizar el aborto hasta la semana 14 de embarazo, que fue aprobado al d\u00eda siguiente. El Congreso ya lo hab\u00eda revalidado el 11 de diciembre anterior.<\/p>\n\n\n\n<p class=\"wp-block-paragraph\">2021.- Investigadores localizan en la cordillera andina de Ecuador, la denominada Rana Noble de Mindo (Noblella mindo), el anfibio considerado entre los vertebrados m\u00e1s peque\u00f1o del mundo.<\/p>\n\n\n\n<p class=\"wp-block-paragraph\">2021.- En Rusia, el Tribunal Supremo ordena la liquidaci\u00f3n de Memorial, la principal organizaci\u00f3n de defensa de los derechos humanos del pa\u00eds.<\/p>\n\n\n\n<p class=\"wp-block-paragraph\">2022.- En Israel, Benjam\u00edn Netanyahu jura de nuevo como primer ministro al frente de su nuevo gobierno junto a ultraortodoxos y por primera vez con formaciones de la extrema derecha supremacista jud\u00eda como socios, conformando el gobierno m\u00e1s derechista desde 1948, cuando se fund\u00f3 el pa\u00eds.<\/p>\n\n\n\n<p class=\"wp-block-paragraph\"><strong>Nacimientos<\/strong><\/p>\n\n\n\n<p class=\"wp-block-paragraph\">1850.- Tom\u00e1s Bret\u00f3n, compositor espa\u00f1ol.<\/p>\n\n\n\n<p class=\"wp-block-paragraph\">1876.- Pau Casals, m\u00fasico espa\u00f1ol.<\/p>\n\n\n\n<p class=\"wp-block-paragraph\">1896.- David Alfaro Siqueiros, pintor mexicano.<\/p>\n\n\n\n<p class=\"wp-block-paragraph\">1924.- Francisco Nieva, dramaturgo, escen\u00f3grafo y director teatral espa\u00f1ol.<\/p>\n\n\n\n<p class=\"wp-block-paragraph\">1938.- Jonathan Vincent \u00abJon Voight\u00bb, actor estadounidense.<\/p>\n\n\n\n<p class=\"wp-block-paragraph\">1972.- Jude Law, actor brit\u00e1nico.<\/p>\n\n\n\n<p class=\"wp-block-paragraph\"><strong>Defunciones<\/strong><\/p>\n\n\n\n<p class=\"wp-block-paragraph\">1743.- Hyacinthe Rigaud, pintor franc\u00e9s.<\/p>\n\n\n\n<p class=\"wp-block-paragraph\">1834.- Thomas Robert Malthus, economista ingl\u00e9s.<\/p>\n\n\n\n<p class=\"wp-block-paragraph\">1926.- Rainer Mar\u00eda Rilke, escritor en alem\u00e1n, nacido en la Rep\u00fablica Checa (entonces Imperio Austroh\u00fangaro).<\/p>\n\n\n\n<p class=\"wp-block-paragraph\">2002.- Fallece Lorenzo Miguel, l\u00edder sindicalista (metal\u00fargicos) de Argentina y pol\u00edtico del Partido Justicialista (peronista).<\/p>\n\n\n\n<p class=\"wp-block-paragraph\">2008.- Freddie Hubbard, trompetista estadounidense.<\/p>\n\n\n\n<p class=\"wp-block-paragraph\">2011.- Miguel Barn\u00e9s, pintor.<\/p>\n\n\n\n<p class=\"wp-block-paragraph\">2020.- Pierre Cardin, dise\u00f1ador de moda franc\u00e9s.<\/p>\n\n\n\n<p class=\"wp-block-paragraph\">2022.- Edson Arantes do Nascimento, \u00abPel\u00e9\u00bb, futbolista brasile\u00f1o.<\/p>\n\n\n\n<p class=\"wp-block-paragraph\">2022.- Arata Isozaki, arquitecto japon\u00e9s.<\/p>\n","protected":false},"excerpt":{"rendered":"<p>Un d\u00eda 29 de diciembre como hoy, pero de 2013, el piloto alem\u00e1n Michael Schumacher, siete veces campe\u00f3n del mundo de F\u00f3rmula Uno, tiene un accidente de esqu\u00ed en la estaci\u00f3n de M\u00e9ribel, en los Alpes franceses, y sufre graves da\u00f1os en el cerebro. Tras dos cirug\u00edas y seis meses de coma inducido, fue tratado [&hellip;]<\/p>\n","protected":false},"author":6,"featured_media":50287,"comment_status":"open","ping_status":"open","sticky":false,"template":"","format":"standard","meta":{"_acf_changed":false,"_monsterinsights_skip_tracking":false,"slim_seo":{"title":"Efem\u00e9rides 29 de diciembre - Opini\u00f3n P\u00fablica","description":"Un d\u00eda 29 de diciembre como hoy, pero de 2013, el piloto alem\u00e1n Michael Schumacher, siete veces campe\u00f3n del mundo de F\u00f3rmula Uno, tiene un accidente de esqu\u00ed en"},"footnotes":""},"categories":[27],"tags":[],"class_list":["post-50286","post","type-post","status-publish","format-standard","has-post-thumbnail","hentry","category-un-dia-como-hoy"],"acf":[],"_links":{"self":[{"href":"https:\/\/www.opinionpublica.tv\/portada\/wp-json\/wp\/v2\/posts\/50286","targetHints":{"allow":["GET"]}}],"collection":[{"href":"https:\/\/www.opinionpublica.tv\/portada\/wp-json\/wp\/v2\/posts"}],"about":[{"href":"https:\/\/www.opinionpublica.tv\/portada\/wp-json\/wp\/v2\/types\/post"}],"author":[{"embeddable":true,"href":"https:\/\/www.opinionpublica.tv\/portada\/wp-json\/wp\/v2\/users\/6"}],"replies":[{"embeddable":true,"href":"https:\/\/www.opinionpublica.tv\/portada\/wp-json\/wp\/v2\/comments?post=50286"}],"version-history":[{"count":1,"href":"https:\/\/www.opinionpublica.tv\/portada\/wp-json\/wp\/v2\/posts\/50286\/revisions"}],"predecessor-version":[{"id":50288,"href":"https:\/\/www.opinionpublica.tv\/portada\/wp-json\/wp\/v2\/posts\/50286\/revisions\/50288"}],"wp:featuredmedia":[{"embeddable":true,"href":"https:\/\/www.opinionpublica.tv\/portada\/wp-json\/wp\/v2\/media\/50287"}],"wp:attachment":[{"href":"https:\/\/www.opinionpublica.tv\/portada\/wp-json\/wp\/v2\/media?parent=50286"}],"wp:term":[{"taxonomy":"category","embeddable":true,"href":"https:\/\/www.opinionpublica.tv\/portada\/wp-json\/wp\/v2\/categories?post=50286"},{"taxonomy":"post_tag","embeddable":true,"href":"https:\/\/www.opinionpublica.tv\/portada\/wp-json\/wp\/v2\/tags?post=50286"}],"curies":[{"name":"wp","href":"https:\/\/api.w.org\/{rel}","templated":true}]}}