{"id":50282,"date":"2024-12-28T00:01:00","date_gmt":"2024-12-28T07:01:00","guid":{"rendered":"https:\/\/www.opinionpublica.tv\/portada\/?p=50282"},"modified":"2024-12-27T21:35:54","modified_gmt":"2024-12-28T04:35:54","slug":"exhorta-cepc-a-tomar-precauciones-en-el-uso-de-aparatos-calefactores","status":"publish","type":"post","link":"https:\/\/www.opinionpublica.tv\/portada\/exhorta-cepc-a-tomar-precauciones-en-el-uso-de-aparatos-calefactores\/","title":{"rendered":"Exhorta CEPC a tomar precauciones en el uso de aparatos calefactores"},"content":{"rendered":"\n<figure class=\"wp-block-image size-large\"><img fetchpriority=\"high\" decoding=\"async\" width=\"1024\" height=\"569\" src=\"https:\/\/www.opinionpublica.tv\/portada\/wp-content\/uploads\/2024\/12\/Exhorta-CEPC-a-tomar-precauciones-en-el-uso-de-aparatos-calefactores-1024x569.webp\" alt=\"Exhorta Cepc A Tomar Precauciones En El Uso De Aparatos Calefactores\" class=\"wp-image-50284\" srcset=\"https:\/\/www.opinionpublica.tv\/portada\/wp-content\/uploads\/2024\/12\/Exhorta-CEPC-a-tomar-precauciones-en-el-uso-de-aparatos-calefactores-1024x569.webp 1024w, https:\/\/www.opinionpublica.tv\/portada\/wp-content\/uploads\/2024\/12\/Exhorta-CEPC-a-tomar-precauciones-en-el-uso-de-aparatos-calefactores-300x167.webp 300w, https:\/\/www.opinionpublica.tv\/portada\/wp-content\/uploads\/2024\/12\/Exhorta-CEPC-a-tomar-precauciones-en-el-uso-de-aparatos-calefactores-768x427.webp 768w, https:\/\/www.opinionpublica.tv\/portada\/wp-content\/uploads\/2024\/12\/Exhorta-CEPC-a-tomar-precauciones-en-el-uso-de-aparatos-calefactores-1536x853.webp 1536w, https:\/\/www.opinionpublica.tv\/portada\/wp-content\/uploads\/2024\/12\/Exhorta-CEPC-a-tomar-precauciones-en-el-uso-de-aparatos-calefactores.webp 1800w\" sizes=\"(max-width: 1024px) 100vw, 1024px\" \/><\/figure>\n\n\n\n<p class=\"wp-block-paragraph\"><em>Chihuahua, Chih<\/em>.- La Coordinaci\u00f3n Estatal de Protecci\u00f3n Civil (CEPC) emiti\u00f3 una serie de recomendaciones para prevenir accidentes en el hogar durante la presente temporada invernal, especialmente relacionados con el uso de aparatos calefactores.<\/p>\n\n\n\n<p class=\"wp-block-paragraph\">Entre las principales acciones preventivas se encuentran colocar los calentones en lugares seguros, alejados de cortinas, muebles y materiales inflamables, as\u00ed como nunca dejarlos encendidos al dormir o al salir de casa.<\/p>\n\n\n\n<p class=\"wp-block-paragraph\">En el caso de calentones de gas, es fundamental asegurarse de que las habitaciones est\u00e9n ventiladas con una ventana ligeramente abierta (10 a 15 cent\u00edmetros), para evitar la acumulaci\u00f3n de mon\u00f3xido de carbono.<\/p>\n\n\n\n<p class=\"wp-block-paragraph\">Adem\u00e1s, la CEPC advierte sobre la importancia de no dejar los aparatos sin supervisi\u00f3n, y mantener a las ni\u00f1as y ni\u00f1os alejados de los mismos.<\/p>\n\n\n\n<p class=\"wp-block-paragraph\">Tambi\u00e9n recalca la necesidad de proteger adecuadamente las instalaciones el\u00e9ctricas, supervisar a las y los menores de edad al usar calentones el\u00e9ctricos, as\u00ed como no cubrirlos con objetos que puedan generar incendios, como cobijas o ropa.<\/p>\n\n\n\n<p class=\"wp-block-paragraph\">Es importante, en la medida de lo posible, instalar en los hogares detectores de humo y mon\u00f3xido de carbono, los cuales pueden salvar vidas ya que son \u00fatiles para alertar ante la presencia de dichos gases, lo que brinda minutos de ventaja para actuar de manera oportuna.<\/p>\n\n\n\n<p class=\"wp-block-paragraph\">La dependencia recuerda a la ciudadan\u00eda que la seguridad es prioridad, por lo cual exhorta a mantener todas las precauciones necesarias para protegerse. En caso de emergencia, llamar de inmediato al 9-1-1 para recibir asistencia.<\/p>\n","protected":false},"excerpt":{"rendered":"<p>Chihuahua, Chih.- La Coordinaci\u00f3n Estatal de Protecci\u00f3n Civil (CEPC) emiti\u00f3 una serie de recomendaciones para prevenir accidentes en el hogar durante la presente temporada invernal, especialmente relacionados con el uso de aparatos calefactores. Entre las principales acciones preventivas se encuentran colocar los calentones en lugares seguros, alejados de cortinas, muebles y materiales inflamables, as\u00ed como [&hellip;]<\/p>\n","protected":false},"author":6,"featured_media":50284,"comment_status":"open","ping_status":"open","sticky":false,"template":"","format":"standard","meta":{"_acf_changed":false,"_monsterinsights_skip_tracking":false,"slim_seo":{"title":"Exhorta CEPC a tomar precauciones en el uso de aparatos calefactores - Opini\u00f3n P\u00fablica","description":"Chihuahua, Chih .- La Coordinaci\u00f3n Estatal de Protecci\u00f3n Civil (CEPC) emiti\u00f3 una serie de recomendaciones para prevenir accidentes en el hogar durante la presen"},"footnotes":""},"categories":[11],"tags":[],"class_list":["post-50282","post","type-post","status-publish","format-standard","has-post-thumbnail","hentry","category-tendencias"],"acf":[],"_links":{"self":[{"href":"https:\/\/www.opinionpublica.tv\/portada\/wp-json\/wp\/v2\/posts\/50282","targetHints":{"allow":["GET"]}}],"collection":[{"href":"https:\/\/www.opinionpublica.tv\/portada\/wp-json\/wp\/v2\/posts"}],"about":[{"href":"https:\/\/www.opinionpublica.tv\/portada\/wp-json\/wp\/v2\/types\/post"}],"author":[{"embeddable":true,"href":"https:\/\/www.opinionpublica.tv\/portada\/wp-json\/wp\/v2\/users\/6"}],"replies":[{"embeddable":true,"href":"https:\/\/www.opinionpublica.tv\/portada\/wp-json\/wp\/v2\/comments?post=50282"}],"version-history":[{"count":2,"href":"https:\/\/www.opinionpublica.tv\/portada\/wp-json\/wp\/v2\/posts\/50282\/revisions"}],"predecessor-version":[{"id":50285,"href":"https:\/\/www.opinionpublica.tv\/portada\/wp-json\/wp\/v2\/posts\/50282\/revisions\/50285"}],"wp:featuredmedia":[{"embeddable":true,"href":"https:\/\/www.opinionpublica.tv\/portada\/wp-json\/wp\/v2\/media\/50284"}],"wp:attachment":[{"href":"https:\/\/www.opinionpublica.tv\/portada\/wp-json\/wp\/v2\/media?parent=50282"}],"wp:term":[{"taxonomy":"category","embeddable":true,"href":"https:\/\/www.opinionpublica.tv\/portada\/wp-json\/wp\/v2\/categories?post=50282"},{"taxonomy":"post_tag","embeddable":true,"href":"https:\/\/www.opinionpublica.tv\/portada\/wp-json\/wp\/v2\/tags?post=50282"}],"curies":[{"name":"wp","href":"https:\/\/api.w.org\/{rel}","templated":true}]}}