{"id":50259,"date":"2024-12-28T00:01:00","date_gmt":"2024-12-28T07:01:00","guid":{"rendered":"https:\/\/www.opinionpublica.tv\/portada\/?p=50259"},"modified":"2024-12-27T21:15:53","modified_gmt":"2024-12-28T04:15:53","slug":"plantea-ine-recortar-aun-mas-el-presupuesto-para-eleccion-judicial-quita-110-mdp","status":"publish","type":"post","link":"https:\/\/www.opinionpublica.tv\/portada\/plantea-ine-recortar-aun-mas-el-presupuesto-para-eleccion-judicial-quita-110-mdp\/","title":{"rendered":"Plantea INE recortar a\u00fan m\u00e1s el presupuesto para elecci\u00f3n judicial; reduce otros 110 mdp"},"content":{"rendered":"\n<figure class=\"wp-block-image size-large\"><img fetchpriority=\"high\" decoding=\"async\" width=\"1024\" height=\"687\" src=\"https:\/\/www.opinionpublica.tv\/portada\/wp-content\/uploads\/2024\/12\/Plantea-INE-recortar-aun-mas-el-presupuesto-para-eleccion-judicial-reduce-otros-110-mdp-1024x687.png\" alt=\"Plantea Ine Recortar Au\u0301n Ma\u0301s El Presupuesto Para Eleccio\u0301n Judicial; Reduce Otros 110 Mdp\" class=\"wp-image-50264\" srcset=\"https:\/\/www.opinionpublica.tv\/portada\/wp-content\/uploads\/2024\/12\/Plantea-INE-recortar-aun-mas-el-presupuesto-para-eleccion-judicial-reduce-otros-110-mdp-1024x687.png 1024w, https:\/\/www.opinionpublica.tv\/portada\/wp-content\/uploads\/2024\/12\/Plantea-INE-recortar-aun-mas-el-presupuesto-para-eleccion-judicial-reduce-otros-110-mdp-300x201.png 300w, https:\/\/www.opinionpublica.tv\/portada\/wp-content\/uploads\/2024\/12\/Plantea-INE-recortar-aun-mas-el-presupuesto-para-eleccion-judicial-reduce-otros-110-mdp-768x515.png 768w, https:\/\/www.opinionpublica.tv\/portada\/wp-content\/uploads\/2024\/12\/Plantea-INE-recortar-aun-mas-el-presupuesto-para-eleccion-judicial-reduce-otros-110-mdp-1536x1030.png 1536w, https:\/\/www.opinionpublica.tv\/portada\/wp-content\/uploads\/2024\/12\/Plantea-INE-recortar-aun-mas-el-presupuesto-para-eleccion-judicial-reduce-otros-110-mdp.png 1592w\" sizes=\"(max-width: 1024px) 100vw, 1024px\" \/><\/figure>\n\n\n\n<p class=\"wp-block-paragraph\"><em>Ciudad de M\u00e9xico<\/em>.- La junta general ejecutiva del Instituto Nacional Electoral (INE), en la que convergen los principales directivos del \u00f3rgano, aprob\u00f3 un nuevo ajuste al presupuesto para la organizaci\u00f3n de la elecci\u00f3n judicial, al fijarla en 6 mil 219 millones de pesos, esto es, 110 millones menos que la cifra aprobada la v\u00edspera en su comisi\u00f3n temporal de presupuesto.<\/p>\n\n\n\n<p class=\"wp-block-paragraph\">En una carrera contra el tiempo \u2013y en medio de una persistente divisi\u00f3n entre los miembros\u2013, la consejera presidenta, Guadalupe Taddei, dijo que no fue tarea f\u00e1cil construir este ajuste, y algunos cambios se hicieron con dolor de algunas \u00e1reas, aunque ratific\u00f3 que solicitar\u00e1n una ampliaci\u00f3n presupuestal apenas inicie enero.<\/p>\n\n\n\n<p class=\"wp-block-paragraph\">\u201cSi esto funciona estaremos mucho mejor en t\u00e9rminos de calidad y resultados que debemos dar al pa\u00eds. Estoy convencida de que es el camino al que ten\u00edamos que llegar y segura de que saldremos adelante con algunas medidas de racionalidad y austeridad para que esto pueda complementarse e ir redireccionando recursos en el camino.<\/p>\n\n\n\n<p class=\"wp-block-paragraph\">No ser\u00e1 la primera vez que el INE implemente este tipo de medidas y hoy lo haremos de nuevo, garantizando los grandes proyectos que tenemos enfrente, las elecciones locales en Durango y Veracruz, y la elecci\u00f3n del Poder Judicial a nivel federal; la constituci\u00f3n de nuevos partidos pol\u00edticos, y la salvaguarda de los derechos laborales de todo el personal del instituto, se\u00f1al\u00f3.<\/p>\n\n\n\n<p class=\"wp-block-paragraph\">No obstante, fue pospuesta para el lunes pr\u00f3ximo la sesi\u00f3n del Consejo General en el que previsiblemente se dar\u00e1 la definitividad al ajuste presupuestal para el a\u00f1o entrante, luego del recorte aplicado por la C\u00e1mara de Diputados, de 13 mil millones de una petici\u00f3n general de 40 mil millones.<\/p>\n\n\n\n<p class=\"wp-block-paragraph\">El mi\u00e9rcoles, en comisi\u00f3n, se indic\u00f3 que del monto total disponible para el pr\u00f3ximo a\u00f1o, de 27 mil millones, 12 mil 325 millones ser\u00edan para la operaci\u00f3n del INE; 990 millones para la denominada cartera institucional de proyectos (CIP); 6 mil 329 millones para la elecci\u00f3n judicial (de una previsi\u00f3n original de 13 mil 205 millones) y 7 mil 354 millones de financiamiento p\u00fablico a los partidos pol\u00edticos nacionales.<\/p>\n\n\n\n<p class=\"wp-block-paragraph\">Anoche, en los proyectos votados por la junta, hay dos nuevas cifras: 6 mil 219 millones para la elecci\u00f3n de personas juzgadoras y mil 127 millones para la CIP.<\/p>\n\n\n\n<p class=\"wp-block-paragraph\">En ese \u00faltimo punto (de la cartera), 59 rubros aparecen en cero pesos, bajo la aclaraci\u00f3n de que dichos proyectos podr\u00edan ser financiados con las econom\u00edas o ahorros de cada \u00e1rea, mientras 97 ya traen el correspondiente ajuste a la baja.<\/p>\n\n\n\n<p class=\"wp-block-paragraph\">Entre los planes afectados est\u00e1n algunos relacionados con la promoci\u00f3n de la participaci\u00f3n ciudadana en los comicios; estudios, an\u00e1lisis y diagn\u00f3sticos en distintas direcciones; algunas actividades vinculadas con la modernizaci\u00f3n de sistemas de inform\u00e1tica y geograf\u00eda electoral, e incluso la campa\u00f1a anual para la actualizaci\u00f3n del padr\u00f3n.<\/p>\n\n\n\n<p class=\"wp-block-paragraph\">Se estima que 219 m\u00f3dulos de atenci\u00f3n ciudadana de la infraestructura permanente enfrentar\u00e1n saturaci\u00f3n en su operaci\u00f3n, resultando en largos tiempos de espera de la ciudadan\u00eda en la tramitaci\u00f3n de credenciales, lo que podr\u00eda afectar su derecho a la identidad, se advierte.<\/p>\n\n\n\n<p class=\"wp-block-paragraph\">Sin embargo, en la presentaci\u00f3n del proyecto, que todav\u00eda deber\u00e1 ser ratificado por el Consejo General, se dijo que los ajustes se aplicaron en operaciones no sustantivas.<\/p>\n\n\n\n<p class=\"wp-block-paragraph\">Aunque el anteproyecto de ajuste o armonizaci\u00f3n tuvo luz verde antier en la citada comisi\u00f3n y la votaci\u00f3n en Consejo General fue prevista para este jueves, finalmente esta sesi\u00f3n de la m\u00e1xima instancia de decisi\u00f3n fue diferida.<\/p>\n\n\n\n<p class=\"wp-block-paragraph\">Fuentes del instituto dijeron que los documentos en los que se detallaba la armonizaci\u00f3n \u2013as\u00ed como del modelo de las boletas para la elecci\u00f3n judicial\u2013 empezaron a ser circulados a las 5 de la tarde de ayer, as\u00ed que algunos consejeros pidieron tiempo para analizarlos porque con esta premura habr\u00edan citado a sesi\u00f3n hasta la media noche. (La Jornada)<\/p>\n","protected":false},"excerpt":{"rendered":"<p>Ciudad de M\u00e9xico.- La junta general ejecutiva del Instituto Nacional Electoral (INE), en la que convergen los principales directivos del \u00f3rgano, aprob\u00f3 un nuevo ajuste al presupuesto para la organizaci\u00f3n de la elecci\u00f3n judicial, al fijarla en 6 mil 219 millones de pesos, esto es, 110 millones menos que la cifra aprobada la v\u00edspera en [&hellip;]<\/p>\n","protected":false},"author":6,"featured_media":50264,"comment_status":"open","ping_status":"open","sticky":false,"template":"","format":"standard","meta":{"_acf_changed":false,"_monsterinsights_skip_tracking":false,"slim_seo":{"title":"Plantea INE recortar a\u00fan m\u00e1s el presupuesto para elecci\u00f3n judicial; reduce otros 110 mdp - Opini\u00f3n P\u00fablica","description":"Ciudad de M\u00e9xico .- La junta general ejecutiva del Instituto Nacional Electoral (INE), en la que convergen los principales directivos del \u00f3rgano, aprob\u00f3 un nuev"},"footnotes":""},"categories":[4],"tags":[],"class_list":["post-50259","post","type-post","status-publish","format-standard","has-post-thumbnail","hentry","category-pulsopolitico"],"acf":[],"_links":{"self":[{"href":"https:\/\/www.opinionpublica.tv\/portada\/wp-json\/wp\/v2\/posts\/50259","targetHints":{"allow":["GET"]}}],"collection":[{"href":"https:\/\/www.opinionpublica.tv\/portada\/wp-json\/wp\/v2\/posts"}],"about":[{"href":"https:\/\/www.opinionpublica.tv\/portada\/wp-json\/wp\/v2\/types\/post"}],"author":[{"embeddable":true,"href":"https:\/\/www.opinionpublica.tv\/portada\/wp-json\/wp\/v2\/users\/6"}],"replies":[{"embeddable":true,"href":"https:\/\/www.opinionpublica.tv\/portada\/wp-json\/wp\/v2\/comments?post=50259"}],"version-history":[{"count":3,"href":"https:\/\/www.opinionpublica.tv\/portada\/wp-json\/wp\/v2\/posts\/50259\/revisions"}],"predecessor-version":[{"id":50265,"href":"https:\/\/www.opinionpublica.tv\/portada\/wp-json\/wp\/v2\/posts\/50259\/revisions\/50265"}],"wp:featuredmedia":[{"embeddable":true,"href":"https:\/\/www.opinionpublica.tv\/portada\/wp-json\/wp\/v2\/media\/50264"}],"wp:attachment":[{"href":"https:\/\/www.opinionpublica.tv\/portada\/wp-json\/wp\/v2\/media?parent=50259"}],"wp:term":[{"taxonomy":"category","embeddable":true,"href":"https:\/\/www.opinionpublica.tv\/portada\/wp-json\/wp\/v2\/categories?post=50259"},{"taxonomy":"post_tag","embeddable":true,"href":"https:\/\/www.opinionpublica.tv\/portada\/wp-json\/wp\/v2\/tags?post=50259"}],"curies":[{"name":"wp","href":"https:\/\/api.w.org\/{rel}","templated":true}]}}