{"id":50249,"date":"2024-12-28T00:01:00","date_gmt":"2024-12-28T07:01:00","guid":{"rendered":"https:\/\/www.opinionpublica.tv\/portada\/?p=50249"},"modified":"2024-12-27T21:02:05","modified_gmt":"2024-12-28T04:02:05","slug":"50249-2","status":"publish","type":"post","link":"https:\/\/www.opinionpublica.tv\/portada\/50249-2\/","title":{"rendered":"Efem\u00e9rides 28 de septiembre"},"content":{"rendered":"\n<p class=\"wp-block-paragraph\"><em>Un d\u00eda 28 de diciembre como hoy, pero de 1895, por primera vez se proyecta ante el gran p\u00fablico en Par\u00eds una pel\u00edcula: \u00abSalida de los obreros de la f\u00e1brica Lumi\u00e8re en Lyon Monplaisir\u00bb, un cortometraje de 46 segundos rodado por los hermanos Auguste y Louis Lumi\u00e8re, quienes el 22 de marzo de ese a\u00f1o lo hab\u00edan presentado ante un grupo de cient\u00edficos y empresarios.<\/em><\/p>\n\n\n\n<figure class=\"wp-block-image size-full\"><img fetchpriority=\"high\" decoding=\"async\" width=\"800\" height=\"450\" src=\"https:\/\/www.opinionpublica.tv\/portada\/wp-content\/uploads\/2024\/12\/por-primera-vez-se-proyecta-ante-el-gran-publico-en-Paris-una-pelicula-22Salida-de-los-obreros-de-la-fabrica-Lumiere-en-Lyon-Monplaisir.jpg\" alt=\"Por Primera Vez Se Proyecta Ante El Gran Pu\u0301blico En Pari\u0301s Una Peli\u0301cula %22salida De Los Obreros De La Fa\u0301brica Lumie\u0300re En Lyon Monplaisir\" class=\"wp-image-50250\" srcset=\"https:\/\/www.opinionpublica.tv\/portada\/wp-content\/uploads\/2024\/12\/por-primera-vez-se-proyecta-ante-el-gran-publico-en-Paris-una-pelicula-22Salida-de-los-obreros-de-la-fabrica-Lumiere-en-Lyon-Monplaisir.jpg 800w, https:\/\/www.opinionpublica.tv\/portada\/wp-content\/uploads\/2024\/12\/por-primera-vez-se-proyecta-ante-el-gran-publico-en-Paris-una-pelicula-22Salida-de-los-obreros-de-la-fabrica-Lumiere-en-Lyon-Monplaisir-300x169.jpg 300w, https:\/\/www.opinionpublica.tv\/portada\/wp-content\/uploads\/2024\/12\/por-primera-vez-se-proyecta-ante-el-gran-publico-en-Paris-una-pelicula-22Salida-de-los-obreros-de-la-fabrica-Lumiere-en-Lyon-Monplaisir-768x432.jpg 768w\" sizes=\"(max-width: 800px) 100vw, 800px\" \/><\/figure>\n\n\n\n<p class=\"wp-block-paragraph\"><strong>Otras efem\u00e9rides<\/strong><\/p>\n\n\n\n<p class=\"wp-block-paragraph\">1065.- Se funda en Londres la Abad\u00eda de Westminster, lugar de coronaci\u00f3n de los monarcas ingleses y pante\u00f3n real.<\/p>\n\n\n\n<p class=\"wp-block-paragraph\">1833.- La reina regente Mar\u00eda Cristina contrae matrimonio morgan\u00e1tico y secreto con Fernando Mu\u00f1oz, guardia de corps.<\/p>\n\n\n\n<p class=\"wp-block-paragraph\">1836.- Espa\u00f1a reconoce la independencia de M\u00e9xico mediante el Tratado Santa Mar\u00eda-Calatrava.<\/p>\n\n\n\n<p class=\"wp-block-paragraph\">1846.- Iowa se convierte en el 29 estado de la Uni\u00f3n norteamericana.<\/p>\n\n\n\n<p class=\"wp-block-paragraph\">1885.- Se funda en Bombay el Congreso Nacional de la India, tambi\u00e9n llamado Partido del Congreso, como rama india del partido liberal brit\u00e1nico.<\/p>\n\n\n\n<p class=\"wp-block-paragraph\">1895.- Guerra de Independencia de Cuba del imperio espa\u00f1ol. Tiene lugar el combate de Managuaco, tambi\u00e9n conocido como combate de Ventas de Casanova entre espa\u00f1oles y cubanos.<\/p>\n\n\n\n<p class=\"wp-block-paragraph\">1895.- El f\u00edsico alem\u00e1n Wilhelm R\u00f6ntgen presenta en Wurtzburgo (Alemania) su primera comunicaci\u00f3n sobre los rayos que llevan su nombre, conocidos tambi\u00e9n como Rayos X.<\/p>\n\n\n\n<p class=\"wp-block-paragraph\">1909.- El f\u00edsico estadounidense Robert Goddard publica los primeros trabajos te\u00f3ricos sobre la propulsi\u00f3n mediante cohetes.<\/p>\n\n\n\n<p class=\"wp-block-paragraph\">1979.- El presidente de la Rep\u00fablica Argentina, general Videla, destituye al general Viola de la Jefatura Superior del Ej\u00e9rcito y nombra al general Fortunato Galtieri.<\/p>\n\n\n\n<p class=\"wp-block-paragraph\">1999.- Portugal e Indonesia reanudan las relaciones diplom\u00e1ticas, rotas en 1975.<\/p>\n\n\n\n<p class=\"wp-block-paragraph\">2005.- La polic\u00eda chilena ficha por primera vez y toma sus huellas dactilares al ex dictador Augusto Pinochet como presunto delincuente.<\/p>\n\n\n\n<p class=\"wp-block-paragraph\">2005.- El sat\u00e9lite Giove-A, el primero del sistema europeo de localizaci\u00f3n Galileo, es colocado en \u00f3rbita.<\/p>\n\n\n\n<p class=\"wp-block-paragraph\">2012.- Un juez chileno procesa a siete exoficiales del Ej\u00e9rcito como responsables del asesinato del cantautor Victor Jara en 1973, tras el golpe de Pinochet.<\/p>\n\n\n\n<p class=\"wp-block-paragraph\">2014.- La Fuerza Internacional de Asistencia para la Seguridad en Afganist\u00e1n de la OTAN (ISAF) pone fin a su misi\u00f3n militar en Afganist\u00e1n despu\u00e9s de 13 a\u00f1os de operaciones.<\/p>\n\n\n\n<p class=\"wp-block-paragraph\">2015.- El ej\u00e9rcito de Irak anuncia la liberaci\u00f3n total de la ciudad de Ramadi, en manos del Estado Isl\u00e1mico (EI).<\/p>\n\n\n\n<p class=\"wp-block-paragraph\">2016.- La C\u00e1mara de Representantes de Colombia aprueba la Ley de Amnist\u00eda para dar seguridad jur\u00eddica a los miembros de las FARC que entreguen las armas.<\/p>\n\n\n\n<p class=\"wp-block-paragraph\">2017.- El presidente de Italia, Sergio Mattarella, disuelve el Parlamento y convoca elecciones.<\/p>\n\n\n\n<p class=\"wp-block-paragraph\">2019.- La astronauta estadounidense de la NASA Christina Koch establece un r\u00e9cord hist\u00f3rico femenino de permanencia en el espacio de 289 d\u00edas continuados. Su compatriota Peggy Whitson estuvo 288 d\u00edas consecutivos en \u00f3rbita, entre noviembre de 2016 y septiembre de 2017.<\/p>\n\n\n\n<p class=\"wp-block-paragraph\">2019.- Muere la actriz Sue Lyon, la ic\u00f3nica int\u00e9rprete de la pel\u00edcula \u00abLolita\u00bb dirigida por Stanley Kubrick.<\/p>\n\n\n\n<p class=\"wp-block-paragraph\">2020.- Muere por covid-19 el cantante y compositor Armando Manzanero, leyenda de la m\u00fasica mexicana y del mundo.<\/p>\n\n\n\n<p class=\"wp-block-paragraph\">2022.- Se exhuman los restos de Blanca Ara\u00faz Pineda, esposa del h\u00e9roe nacional de Nicaragua Augusto C. Sandino, para ser enterrados junto a los de su hija en la Casa Museo Ej\u00e9rcito Defensor de la Soberan\u00eda Nacional, en San Rafael del Norte.<\/p>\n\n\n\n<p class=\"wp-block-paragraph\">2022.- En Colombia, el Ministerio de Trabajo ordena la prohibici\u00f3n \u00abinmediata\u00bb de actividades en la plaza de toros de Ca\u00f1averalejo, donde se celebran las corridas de la tradicional Feria de Cali, por la inclusi\u00f3n en el cartel de menores de edad.<\/p>\n\n\n\n<p class=\"wp-block-paragraph\">2022.- Abre sus puertas en Nueva York (EEUU) el primer dispensario legal de marihuana con fines recreativos.<\/p>\n\n\n\n<p class=\"wp-block-paragraph\"><strong>Nacimientos<\/strong><\/p>\n\n\n\n<p class=\"wp-block-paragraph\">1872.- P\u00edo Baroja, novelista espa\u00f1ol.<\/p>\n\n\n\n<p class=\"wp-block-paragraph\">1874.- Mar\u00eda de la O Lej\u00e1rraga, escritora, figura del feminismo espa\u00f1ol.<\/p>\n\n\n\n<p class=\"wp-block-paragraph\">1899.- Edgar Neville, escritor y diplom\u00e1tico espa\u00f1ol.<\/p>\n\n\n\n<p class=\"wp-block-paragraph\">1945.- Birendra, rey de Nepal.<\/p>\n\n\n\n<p class=\"wp-block-paragraph\">1949.- Yasmina Khan, princesa ismael\u00ed.<\/p>\n\n\n\n<p class=\"wp-block-paragraph\">1953.- Richard Clayderman, pianista franc\u00e9s.<\/p>\n\n\n\n<p class=\"wp-block-paragraph\">1954.- Denzel Washington, actor estadounidense.<\/p>\n\n\n\n<p class=\"wp-block-paragraph\">1959.- Ana Torroja, cantante espa\u00f1ola.<\/p>\n\n\n\n<p class=\"wp-block-paragraph\">1969.- Linus B. Torvalds, inform\u00e1tico finland\u00e9s creador del software LINUX.<\/p>\n\n\n\n<p class=\"wp-block-paragraph\">1989.- Salvador Sobral, cantante y m\u00fasico portugu\u00e9s.<\/p>\n\n\n\n<p class=\"wp-block-paragraph\"><strong>Defunciones<\/strong><\/p>\n\n\n\n<p class=\"wp-block-paragraph\">1937.- Maurice Ravel, compositor franc\u00e9s.<\/p>\n\n\n\n<p class=\"wp-block-paragraph\">1947.- V\u00edctor Manuel III, \u00faltimo monarca reinante en Italia.<\/p>\n\n\n\n<p class=\"wp-block-paragraph\">1984.- Sam Peckinpah, cineasta estadounidense.<\/p>\n\n\n\n<p class=\"wp-block-paragraph\">1997.- Iris Marga, actriz, conocida como \u00abLa gran dama del teatro argentino\u00bb.<\/p>\n\n\n\n<p class=\"wp-block-paragraph\">2004.- Susan Sontag, escritora y directora de cine estadounidense.<\/p>\n\n\n\n<p class=\"wp-block-paragraph\">2007.- Joaqu\u00edn Rubio Cam\u00edn, escultor y pintor espa\u00f1ol.<\/p>\n\n\n\n<p class=\"wp-block-paragraph\">2014.- M\u00e1ximo San Juan, dibujante y vi\u00f1etista espa\u00f1ol.<\/p>\n\n\n\n<p class=\"wp-block-paragraph\">2015.- Lemmy Kilmister, m\u00fasico brit\u00e1nico.<\/p>\n\n\n\n<p class=\"wp-block-paragraph\">2016.- Debbie Reynolds, actriz estadounidense.<\/p>\n\n\n\n<p class=\"wp-block-paragraph\">2017.- Sue Grafton, escritora estadounidense.<\/p>\n\n\n\n<p class=\"wp-block-paragraph\">2018.- Amos Oz, escritor y pacifista israel\u00ed.<\/p>\n\n\n\n<p class=\"wp-block-paragraph\">2019.- Amelia Riera, pintora espa\u00f1ola.<\/p>\n\n\n\n<p class=\"wp-block-paragraph\">2019.- Sue Lyon, actriz estadounidense.<\/p>\n\n\n\n<p class=\"wp-block-paragraph\">2022.- Linda de Suza, cantante de origen portugu\u00e9s.<\/p>\n","protected":false},"excerpt":{"rendered":"<p>Un d\u00eda 28 de diciembre como hoy, pero de 1895, por primera vez se proyecta ante el gran p\u00fablico en Par\u00eds una pel\u00edcula: \u00abSalida de los obreros de la f\u00e1brica Lumi\u00e8re en Lyon Monplaisir\u00bb, un cortometraje de 46 segundos rodado por los hermanos Auguste y Louis Lumi\u00e8re, quienes el 22 de marzo de ese a\u00f1o [&hellip;]<\/p>\n","protected":false},"author":6,"featured_media":50250,"comment_status":"open","ping_status":"open","sticky":false,"template":"","format":"standard","meta":{"_acf_changed":false,"_monsterinsights_skip_tracking":false,"slim_seo":{"title":"Efem\u00e9rides 28 de septiembre - Opini\u00f3n P\u00fablica","description":"Un d\u00eda 28 de diciembre como hoy, pero de 1895, por primera vez se proyecta ante el gran p\u00fablico en Par\u00eds una pel\u00edcula: \"Salida de los obreros de la f\u00e1brica Lumi"},"footnotes":""},"categories":[27],"tags":[],"class_list":["post-50249","post","type-post","status-publish","format-standard","has-post-thumbnail","hentry","category-un-dia-como-hoy"],"acf":[],"_links":{"self":[{"href":"https:\/\/www.opinionpublica.tv\/portada\/wp-json\/wp\/v2\/posts\/50249","targetHints":{"allow":["GET"]}}],"collection":[{"href":"https:\/\/www.opinionpublica.tv\/portada\/wp-json\/wp\/v2\/posts"}],"about":[{"href":"https:\/\/www.opinionpublica.tv\/portada\/wp-json\/wp\/v2\/types\/post"}],"author":[{"embeddable":true,"href":"https:\/\/www.opinionpublica.tv\/portada\/wp-json\/wp\/v2\/users\/6"}],"replies":[{"embeddable":true,"href":"https:\/\/www.opinionpublica.tv\/portada\/wp-json\/wp\/v2\/comments?post=50249"}],"version-history":[{"count":2,"href":"https:\/\/www.opinionpublica.tv\/portada\/wp-json\/wp\/v2\/posts\/50249\/revisions"}],"predecessor-version":[{"id":50253,"href":"https:\/\/www.opinionpublica.tv\/portada\/wp-json\/wp\/v2\/posts\/50249\/revisions\/50253"}],"wp:featuredmedia":[{"embeddable":true,"href":"https:\/\/www.opinionpublica.tv\/portada\/wp-json\/wp\/v2\/media\/50250"}],"wp:attachment":[{"href":"https:\/\/www.opinionpublica.tv\/portada\/wp-json\/wp\/v2\/media?parent=50249"}],"wp:term":[{"taxonomy":"category","embeddable":true,"href":"https:\/\/www.opinionpublica.tv\/portada\/wp-json\/wp\/v2\/categories?post=50249"},{"taxonomy":"post_tag","embeddable":true,"href":"https:\/\/www.opinionpublica.tv\/portada\/wp-json\/wp\/v2\/tags?post=50249"}],"curies":[{"name":"wp","href":"https:\/\/api.w.org\/{rel}","templated":true}]}}