{"id":5017,"date":"2016-09-27T06:00:00","date_gmt":"2016-09-27T04:00:00","guid":{"rendered":"https:\/\/www.opinionpublica.tv\/portada\/2016\/09\/27\/jose-cuervo-presenta-solicitud-para-vender-acciones-en-mexico\/"},"modified":"2016-09-27T06:00:00","modified_gmt":"2016-09-27T04:00:00","slug":"jose-cuervo-presenta-solicitud-para-vender-acciones-en-mexico","status":"publish","type":"post","link":"https:\/\/www.opinionpublica.tv\/portada\/jose-cuervo-presenta-solicitud-para-vender-acciones-en-mexico\/","title":{"rendered":"Jos\u00e9 Cuervo presenta solicitud para vender acciones en M\u00e9xico"},"content":{"rendered":"<p><img fetchpriority=\"high\" decoding=\"async\" class=\" size-full wp-image-5016\" src=\"https:\/\/www.opinionpublica.tv\/portada\/wp-content\/uploads\/2016\/09\/932b3f3e1cf57455c9e37caf7e59dca2.jpg\" alt=\"\" width=\"635\" height=\"388\" srcset=\"https:\/\/www.opinionpublica.tv\/portada\/wp-content\/uploads\/2016\/09\/932b3f3e1cf57455c9e37caf7e59dca2.jpg 635w, https:\/\/www.opinionpublica.tv\/portada\/wp-content\/uploads\/2016\/09\/932b3f3e1cf57455c9e37caf7e59dca2-300x183.jpg 300w\" sizes=\"(max-width: 635px) 100vw, 635px\" \/><\/p>\n<p style=\"text-align: justify;\">Jos\u00e9 Cuervo, la mayor productora de tequila en el mundo y controlada por la familia mexicana Beckmann, present\u00f3 a la Bolsa Mexicana de Valores una solicitud para lanzar una oferta p\u00fablica inicial de acciones por un monto no divulgado.<\/p>\n<p style=\"text-align: justify;\">La compa\u00f1\u00eda, registrada como Becle, planea vender acciones p\u00fablicamente en M\u00e9xico y en una oferta privada en Estados Unidos, seg\u00fan el prospecto preliminar de la operaci\u00f3n divulgado.<\/p>\n<p style=\"text-align: justify;\">A inicios de a\u00f1o, reportes de prensa no confirmados dijeron que la oferta de la compa\u00f1\u00eda -que produce, comercializa y distribuye un amplio portafolio de bebidas alcoh\u00f3licas y no alcoh\u00f3licas, propias y de terceros- ser\u00eda por unos 750 millones de d\u00f3lares.<\/p>\n<p style=\"text-align: justify;\">Los fondos levantados en la operaci\u00f3n ser\u00edan usados para fines corporativos generales, incluyendo inversiones enfocadas en el crecimiento de la firma, seg\u00fan el prospecto.<\/p>\n<p style=\"text-align: justify;\">Jos\u00e9 Cuervo report\u00f3 ventas netas combinadas de 19,817 millones de pesos en el 2015 y de 12,192 millones de pesos en el primer semestre del 2016. En tanto, su utilidad neta fue de 1,770 millones de pesos.<\/p>\n<p style=\"text-align: justify;\">En los primeros seis meses de este a\u00f1o, Estados Unidos y Canad\u00e1 representaron un 75% de sus ventas, M\u00e9xico un 15% y el resto del mundo un 11%.<\/p>\n<p style=\"text-align: justify;\">Los coordinadores globales de la oferta son los bancos Morgan Stanley y JP Morgan y los intermediarios colocadores son Santander y GBM.\u00a0<\/p>\n<p>Informaci\u00f3n de Forbes<\/p>\n","protected":false},"excerpt":{"rendered":"<p>Jos\u00e9 Cuervo, la mayor productora de tequila en el mundo y controlada por la familia mexicana Beckmann, present\u00f3 a la Bolsa Mexicana de Valores una solicitud para lanzar una oferta p\u00fablica inicial de acciones por un monto no divulgado. La compa\u00f1\u00eda, registrada como Becle, planea vender acciones p\u00fablicamente en M\u00e9xico y en una oferta privada [&hellip;]<\/p>\n","protected":false},"author":1,"featured_media":5016,"comment_status":"open","ping_status":"open","sticky":false,"template":"","format":"standard","meta":{"_acf_changed":false,"_monsterinsights_skip_tracking":false,"slim_seo":{"title":"Jos\u00e9 Cuervo presenta solicitud para vender acciones en M\u00e9xico - Opini\u00f3n P\u00fablica","description":"Jos\u00e9 Cuervo, la mayor productora de tequila en el mundo y controlada por la familia mexicana Beckmann, present\u00f3 a la Bolsa Mexicana de Valores una solicitud par"},"footnotes":""},"categories":[11],"tags":[],"class_list":["post-5017","post","type-post","status-publish","format-standard","has-post-thumbnail","hentry","category-tendencias"],"acf":[],"_links":{"self":[{"href":"https:\/\/www.opinionpublica.tv\/portada\/wp-json\/wp\/v2\/posts\/5017","targetHints":{"allow":["GET"]}}],"collection":[{"href":"https:\/\/www.opinionpublica.tv\/portada\/wp-json\/wp\/v2\/posts"}],"about":[{"href":"https:\/\/www.opinionpublica.tv\/portada\/wp-json\/wp\/v2\/types\/post"}],"author":[{"embeddable":true,"href":"https:\/\/www.opinionpublica.tv\/portada\/wp-json\/wp\/v2\/users\/1"}],"replies":[{"embeddable":true,"href":"https:\/\/www.opinionpublica.tv\/portada\/wp-json\/wp\/v2\/comments?post=5017"}],"version-history":[{"count":0,"href":"https:\/\/www.opinionpublica.tv\/portada\/wp-json\/wp\/v2\/posts\/5017\/revisions"}],"wp:featuredmedia":[{"embeddable":true,"href":"https:\/\/www.opinionpublica.tv\/portada\/wp-json\/wp\/v2\/media\/5016"}],"wp:attachment":[{"href":"https:\/\/www.opinionpublica.tv\/portada\/wp-json\/wp\/v2\/media?parent=5017"}],"wp:term":[{"taxonomy":"category","embeddable":true,"href":"https:\/\/www.opinionpublica.tv\/portada\/wp-json\/wp\/v2\/categories?post=5017"},{"taxonomy":"post_tag","embeddable":true,"href":"https:\/\/www.opinionpublica.tv\/portada\/wp-json\/wp\/v2\/tags?post=5017"}],"curies":[{"name":"wp","href":"https:\/\/api.w.org\/{rel}","templated":true}]}}