{"id":50100,"date":"2024-12-27T00:01:00","date_gmt":"2024-12-27T07:01:00","guid":{"rendered":"https:\/\/www.opinionpublica.tv\/portada\/?p=50100"},"modified":"2024-12-25T16:09:26","modified_gmt":"2024-12-25T23:09:26","slug":"efemerides-27-de-diciembre-6","status":"publish","type":"post","link":"https:\/\/www.opinionpublica.tv\/portada\/efemerides-27-de-diciembre-6\/","title":{"rendered":"Efem\u00e9rides 27 de diciembre"},"content":{"rendered":"\n<p class=\"wp-block-paragraph\"><em>Un d\u00eda 27 de diciembre como hoy, pero de 1979, las tropas de la Uni\u00f3n Sovi\u00e9tica pisan oficialmente Afganist\u00e1n, que abandonaron en 1989, meses antes de la ca\u00edda del muro de Berl\u00edn.<\/em><\/p>\n\n\n\n<figure class=\"wp-block-image size-full\"><img fetchpriority=\"high\" decoding=\"async\" width=\"976\" height=\"549\" src=\"https:\/\/www.opinionpublica.tv\/portada\/wp-content\/uploads\/2024\/12\/las-tropas-de-la-Union-Sovietica-pisan-oficialmente-Afganistan.jpg\" alt=\"Las Tropas De La Unio\u0301n Sovie\u0301tica Pisan Oficialmente Afganista\u0301n\" class=\"wp-image-50101\" srcset=\"https:\/\/www.opinionpublica.tv\/portada\/wp-content\/uploads\/2024\/12\/las-tropas-de-la-Union-Sovietica-pisan-oficialmente-Afganistan.jpg 976w, https:\/\/www.opinionpublica.tv\/portada\/wp-content\/uploads\/2024\/12\/las-tropas-de-la-Union-Sovietica-pisan-oficialmente-Afganistan-300x169.jpg 300w, https:\/\/www.opinionpublica.tv\/portada\/wp-content\/uploads\/2024\/12\/las-tropas-de-la-Union-Sovietica-pisan-oficialmente-Afganistan-768x432.jpg 768w\" sizes=\"(max-width: 976px) 100vw, 976px\" \/><\/figure>\n\n\n\n<p class=\"wp-block-paragraph\"><strong>Otras efem\u00e9rides<\/strong><\/p>\n\n\n\n<p class=\"wp-block-paragraph\">537.- Se inaugura en Constantinopla &#8211; Estambul en la actualidad &#8211; la bas\u00edlica de Santa Sof\u00eda.<\/p>\n\n\n\n<p class=\"wp-block-paragraph\">1827.- En Argentina, en la provincia de Buenos Aires, se funda el Fuerte Federaci\u00f3n, m\u00e1s tarde ciudad de Jun\u00edn.<\/p>\n\n\n\n<p class=\"wp-block-paragraph\">1917.- En la Uni\u00f3n Sovi\u00e9tica se firma el decreto de nacionalizaci\u00f3n de los bancos privados y su fusi\u00f3n en un banco estatal.<\/p>\n\n\n\n<p class=\"wp-block-paragraph\">1928.- Ejecutado Maximiliano Vigueras, el jefe de bandidos m\u00e1s famoso de M\u00e9xico.<\/p>\n\n\n\n<p class=\"wp-block-paragraph\">1945.- Es creado oficialmente el Fondo Monetario Internacional (FMI).<\/p>\n\n\n\n<p class=\"wp-block-paragraph\">1968.- Regresa a la Tierra el Apolo-8, la primera misi\u00f3n tripulada de la NASA que orbit\u00f3 la Luna.<\/p>\n\n\n\n<p class=\"wp-block-paragraph\">1989.- En Panam\u00e1, el Tribunal Electoral proclama presidente a Guillermo Endara.<\/p>\n\n\n\n<p class=\"wp-block-paragraph\">1991.- El Parlamento de Cuba aprueba la reforma de la Constituci\u00f3n y las leyes electorales para posibilitar la elecci\u00f3n de diputados, mediante el voto secreto y directo, pero seguir\u00e1 siendo un r\u00e9gimen monopartidista.<\/p>\n\n\n\n<p class=\"wp-block-paragraph\">1995.- Tras casi 30 a\u00f1os de ocupaci\u00f3n, el Ej\u00e9rcito israel\u00ed abandona Ramala (norte de Jerusal\u00e9n), sexta localidad de Cisjordania donde entra en vigor la autonom\u00eda palestina.<\/p>\n\n\n\n<p class=\"wp-block-paragraph\">1997.- Es asesinado a tiros en la prisi\u00f3n de alta seguridad de Maze (Irlanda del Norte) Bill Wright, un destacado paramilitar protestante.<\/p>\n\n\n\n<p class=\"wp-block-paragraph\">2002.- Tras 26 d\u00edas de huelga general contra el presidente venezolano Hugo Ch\u00e1vez, el quinto pa\u00eds exportador mundial de crudo se ve obligado a importar gasolina.<\/p>\n\n\n\n<p class=\"wp-block-paragraph\">2004.- Se produce el estallido de energ\u00eda m\u00e1s potente observado de la historia en una estrella de neutrones (Magnetar) a 50 mil a\u00f1os luz.<\/p>\n\n\n\n<p class=\"wp-block-paragraph\">2007.- En Pakist\u00e1n, un terrorista suicida mata a la ex primera ministra Benazir Bhutto despu\u00e9s de un mitin en Rawalpindi. El atentado caus\u00f3, al menos, 20 muertes m\u00e1s.<\/p>\n\n\n\n<p class=\"wp-block-paragraph\">2014.- En M\u00e9xico, Hip\u00f3lito Mora Ch\u00e1vez, fundador de los grupos civiles de autodefensa del estado de Michoac\u00e1n, y 26 de sus hombres se entregan a las autoridades.<\/p>\n\n\n\n<p class=\"wp-block-paragraph\">2016.- En Argentina, la expresidenta Cristina Fern\u00e1ndez, es procesada por presunto fraude en obra p\u00fablica durante su mandato.<\/p>\n\n\n\n<p class=\"wp-block-paragraph\">2018.- Rafael Merch\u00e1n, exsecretario de Transparencia de la Presidencia de Colombia y testigo del caso de la constructora brasile\u00f1a Odebrecht, la supuesta trama de pago de sobornos que afecta a varios pa\u00edses latinoamericanos, es hallado muerto en su casa de Bogot\u00e1.<\/p>\n\n\n\n<p class=\"wp-block-paragraph\">2020.- Se inicia oficialmente en todos los pa\u00edses de la Uni\u00f3n Europea (UE) la campa\u00f1a de vacunaci\u00f3n masiva contra la covid-19, la estrategia de mayores dimensiones desplegada en Europa contra una pandemia.<\/p>\n\n\n\n<p class=\"wp-block-paragraph\">2021.- Se pone en marcha en Guatemala el proyecto \u00abInnovamos: Cosechando redes de conocimientos en Centroam\u00e9rica\u00bb, para mejorar la alimentaci\u00f3n a partir de la producci\u00f3n sostenible de hortalizas.<\/p>\n\n\n\n<p class=\"wp-block-paragraph\">2022.- En Chile se promulga la ley que tipifica el delito de explotaci\u00f3n sexual comercial de ni\u00f1os, ni\u00f1as y adolescentes.<\/p>\n\n\n\n<p class=\"wp-block-paragraph\"><strong>Nacimientos<\/strong><\/p>\n\n\n\n<p class=\"wp-block-paragraph\">1571.- Johannes Kepler, astr\u00f3nomo alem\u00e1n.<\/p>\n\n\n\n<p class=\"wp-block-paragraph\">1822.- Louis Pasteur, bi\u00f3logo franc\u00e9s.<\/p>\n\n\n\n<p class=\"wp-block-paragraph\">1901.- Marlene Dietrich, actriz alemana.<\/p>\n\n\n\n<p class=\"wp-block-paragraph\">1943.- Joan Manuel Serrat, cantautor espa\u00f1ol.<\/p>\n\n\n\n<p class=\"wp-block-paragraph\">1948.- Gerard Depardieu, actor franc\u00e9s.<\/p>\n\n\n\n<p class=\"wp-block-paragraph\">1952.- David Knopler, m\u00fasico brit\u00e1nico del grupo Dire Straits.<\/p>\n\n\n\n<p class=\"wp-block-paragraph\">1968.- Diego Ram\u00f3n Jim\u00e9nez Salazar, conocido como Diego el Cigala, cantaor de flamenco espa\u00f1ol.<\/p>\n\n\n\n<p class=\"wp-block-paragraph\">1981.- Javine Hylton, conocida como \u00abJavine\u00bb, cantante brit\u00e1nica.<\/p>\n\n\n\n<p class=\"wp-block-paragraph\"><strong>Defunciones<\/strong><\/p>\n\n\n\n<p class=\"wp-block-paragraph\">1585.- Pierre de Ronsard, poeta franc\u00e9s.<\/p>\n\n\n\n<p class=\"wp-block-paragraph\">1978.- Huari Bumedian, expresidente argelino.<\/p>\n\n\n\n<p class=\"wp-block-paragraph\">2002.- George Roy Hill, cineasta estadounidense.<\/p>\n\n\n\n<p class=\"wp-block-paragraph\">2003.- Alan Bates, actor brit\u00e1nico.<\/p>\n\n\n\n<p class=\"wp-block-paragraph\">2008.- Robert Graham, escultor mexicano.<\/p>\n\n\n\n<p class=\"wp-block-paragraph\">2015.- Haskell Wexler, director de fotograf\u00eda estadounidense.<\/p>\n\n\n\n<p class=\"wp-block-paragraph\">2016.- Carrie Fisher, actriz estadounidense.<\/p>\n\n\n\n<p class=\"wp-block-paragraph\">2018.- Helo\u00edsa Mar\u00eda Buarque de Hollanda, \u00abMi\u00facha\u00bb, cantante y compositora brasile\u00f1a de Bossa Nova.<\/p>\n","protected":false},"excerpt":{"rendered":"<p>Un d\u00eda 27 de diciembre como hoy, pero de 1979, las tropas de la Uni\u00f3n Sovi\u00e9tica pisan oficialmente Afganist\u00e1n, que abandonaron en 1989, meses antes de la ca\u00edda del muro de Berl\u00edn. Otras efem\u00e9rides 537.- Se inaugura en Constantinopla &#8211; Estambul en la actualidad &#8211; la bas\u00edlica de Santa Sof\u00eda. 1827.- En Argentina, en la [&hellip;]<\/p>\n","protected":false},"author":6,"featured_media":50101,"comment_status":"open","ping_status":"open","sticky":false,"template":"","format":"standard","meta":{"_acf_changed":false,"_monsterinsights_skip_tracking":false,"slim_seo":{"title":"Efem\u00e9rides 27 de diciembre - Opini\u00f3n P\u00fablica","description":"Un d\u00eda 27 de diciembre como hoy, pero de 1979, las tropas de la Uni\u00f3n Sovi\u00e9tica pisan oficialmente Afganist\u00e1n, que abandonaron en 1989, meses antes de la ca\u00edda"},"footnotes":""},"categories":[27],"tags":[],"class_list":["post-50100","post","type-post","status-publish","format-standard","has-post-thumbnail","hentry","category-un-dia-como-hoy"],"acf":[],"_links":{"self":[{"href":"https:\/\/www.opinionpublica.tv\/portada\/wp-json\/wp\/v2\/posts\/50100","targetHints":{"allow":["GET"]}}],"collection":[{"href":"https:\/\/www.opinionpublica.tv\/portada\/wp-json\/wp\/v2\/posts"}],"about":[{"href":"https:\/\/www.opinionpublica.tv\/portada\/wp-json\/wp\/v2\/types\/post"}],"author":[{"embeddable":true,"href":"https:\/\/www.opinionpublica.tv\/portada\/wp-json\/wp\/v2\/users\/6"}],"replies":[{"embeddable":true,"href":"https:\/\/www.opinionpublica.tv\/portada\/wp-json\/wp\/v2\/comments?post=50100"}],"version-history":[{"count":1,"href":"https:\/\/www.opinionpublica.tv\/portada\/wp-json\/wp\/v2\/posts\/50100\/revisions"}],"predecessor-version":[{"id":50102,"href":"https:\/\/www.opinionpublica.tv\/portada\/wp-json\/wp\/v2\/posts\/50100\/revisions\/50102"}],"wp:featuredmedia":[{"embeddable":true,"href":"https:\/\/www.opinionpublica.tv\/portada\/wp-json\/wp\/v2\/media\/50101"}],"wp:attachment":[{"href":"https:\/\/www.opinionpublica.tv\/portada\/wp-json\/wp\/v2\/media?parent=50100"}],"wp:term":[{"taxonomy":"category","embeddable":true,"href":"https:\/\/www.opinionpublica.tv\/portada\/wp-json\/wp\/v2\/categories?post=50100"},{"taxonomy":"post_tag","embeddable":true,"href":"https:\/\/www.opinionpublica.tv\/portada\/wp-json\/wp\/v2\/tags?post=50100"}],"curies":[{"name":"wp","href":"https:\/\/api.w.org\/{rel}","templated":true}]}}