{"id":5002,"date":"2016-09-26T06:00:00","date_gmt":"2016-09-26T04:00:00","guid":{"rendered":"https:\/\/www.opinionpublica.tv\/portada\/2016\/09\/26\/nada-del-otro-mundo\/"},"modified":"2016-09-26T06:00:00","modified_gmt":"2016-09-26T04:00:00","slug":"nada-del-otro-mundo","status":"publish","type":"post","link":"https:\/\/www.opinionpublica.tv\/portada\/nada-del-otro-mundo\/","title":{"rendered":"Nada del otro mundo"},"content":{"rendered":"<p style=\"text-align: justify;\">Dos cosas vienen a la mente horas antes del debate del lunes en la noche entre los dos candidatos a la presidencia de Estados Unidos. Ambas tienen que ver con lo que ha sido la actitud mexicana, tanto de la sociedad como del gobierno, ante la figura de Trump, desde hace m\u00e1s de un a\u00f1o.<\/p>\n<p><!--more--><\/p>\n<p style=\"text-align: justify;\">En primer t\u00e9rmino, convendr\u00eda recordar a quienes desde el verano del 2015 sosten\u00edan que no conven\u00eda responderle a Trump en sus ataques antimexicanos. Dec\u00edan que cualquier respuesta solo le har\u00eda el juego, ya que le dar\u00eda foro que no ten\u00eda y publicidad que tampoco lograr\u00eda conquistar.<\/p>\n<p style=\"text-align: justify;\">Se estima que para el debate de hoy en la noche, habr\u00e1 m\u00e1s de 100 millones de televidentes tan solo en EU y que romper\u00e1 el r\u00e9cord de audiencia del debate m\u00e1s visto, a saber, el de Reagan y Carter en 1980. Espero que hoy por lo menos, quienes argumentaban esto, tengan la decencia de reconocer que se equivocaron.<\/p>\n<p style=\"text-align: justify;\">La segunda reflexi\u00f3n tiene que ver con el fallido intento de Pe\u00f1a Nieto para reunirse con Hillary Clinton en NY la semana pasada. Seg\u00fan todas las versiones que escuch\u00e9, los funcionarios federales buscaron desesperadamente un encuentro con la ex secretaria de Estado, sin lograrlo.<\/p>\n<p style=\"text-align: justify;\">Sin embargo, casi como para demostrar que no era algo imposible para otro pa\u00eds, el primer ministro de Israel, Benjam\u00edn Netanyahu, se reuni\u00f3 con ambos por separado en Nueva York ayer domingo.<\/p>\n<p style=\"text-align: justify;\">Netanyahu hizo lo que suelen hacer los presidentes de pa\u00edses para los cuales el desenlace electoral norteamericano es decisivo: ir a Estados Unidos y ah\u00ed buscar c\u00f3mo reunirse con los dos principales candidatos.<\/p>\n<p style=\"text-align: justify;\">Es lo que Fox hizo en agosto del a\u00f1o 2000 cuando viaj\u00f3 a Estados Unidos y pudo reunirse con el vicepresidente Al Gore y con el gobernador George Bush. Nada del otro mundo.<\/p>\n<p style=\"text-align: justify;\">Si Fox y Netanyahu pudieron, Pe\u00f1a debi\u00f3 haber podido. Pero para eso ten\u00eda que haberse evitado el error de invitar a Trump a M\u00e9xico y el error de luego tratar de corregir las cosas con Clinton en NY.<\/p>\n","protected":false},"excerpt":{"rendered":"<p>Dos cosas vienen a la mente horas antes del debate del lunes en la noche entre los dos candidatos a la presidencia de Estados Unidos. Ambas tienen que ver con lo que ha sido la actitud mexicana, tanto de la sociedad como del gobierno, ante la figura de Trump, desde hace m\u00e1s de un a\u00f1o.<\/p>\n","protected":false},"author":5,"featured_media":0,"comment_status":"open","ping_status":"open","sticky":false,"template":"","format":"standard","meta":{"_acf_changed":false,"_monsterinsights_skip_tracking":false,"slim_seo":{"title":"Nada del otro mundo - Opini\u00f3n P\u00fablica","description":"Dos cosas vienen a la mente horas antes del debate del lunes en la noche entre los dos candidatos a la presidencia de Estados Unidos. Ambas tienen que ver con l"},"footnotes":""},"categories":[18],"tags":[],"class_list":["post-5002","post","type-post","status-publish","format-standard","hentry","category-castaneda-opina"],"acf":[],"_links":{"self":[{"href":"https:\/\/www.opinionpublica.tv\/portada\/wp-json\/wp\/v2\/posts\/5002","targetHints":{"allow":["GET"]}}],"collection":[{"href":"https:\/\/www.opinionpublica.tv\/portada\/wp-json\/wp\/v2\/posts"}],"about":[{"href":"https:\/\/www.opinionpublica.tv\/portada\/wp-json\/wp\/v2\/types\/post"}],"author":[{"embeddable":true,"href":"https:\/\/www.opinionpublica.tv\/portada\/wp-json\/wp\/v2\/users\/5"}],"replies":[{"embeddable":true,"href":"https:\/\/www.opinionpublica.tv\/portada\/wp-json\/wp\/v2\/comments?post=5002"}],"version-history":[{"count":0,"href":"https:\/\/www.opinionpublica.tv\/portada\/wp-json\/wp\/v2\/posts\/5002\/revisions"}],"wp:attachment":[{"href":"https:\/\/www.opinionpublica.tv\/portada\/wp-json\/wp\/v2\/media?parent=5002"}],"wp:term":[{"taxonomy":"category","embeddable":true,"href":"https:\/\/www.opinionpublica.tv\/portada\/wp-json\/wp\/v2\/categories?post=5002"},{"taxonomy":"post_tag","embeddable":true,"href":"https:\/\/www.opinionpublica.tv\/portada\/wp-json\/wp\/v2\/tags?post=5002"}],"curies":[{"name":"wp","href":"https:\/\/api.w.org\/{rel}","templated":true}]}}