{"id":50,"date":"2016-07-14T00:00:00","date_gmt":"2016-07-13T22:00:00","guid":{"rendered":"https:\/\/www.opinionpublica.tv\/portada\/2016\/07\/14\/daniela-campuzano-a-rio-2016\/"},"modified":"2016-07-14T00:00:00","modified_gmt":"2016-07-13T22:00:00","slug":"daniela-campuzano-a-rio-2016","status":"publish","type":"post","link":"https:\/\/www.opinionpublica.tv\/portada\/daniela-campuzano-a-rio-2016\/","title":{"rendered":"Daniela Campuzano a R\u00edo 2016"},"content":{"rendered":"<p><img fetchpriority=\"high\" decoding=\"async\" class=\" size-full wp-image-49\" src=\"https:\/\/www.opinionpublica.tv\/portada\/wp-content\/uploads\/2016\/07\/e17bf28887a04e7713039bc3ae638d41.jpg\" alt=\"\" width=\"664\" height=\"499\" srcset=\"https:\/\/www.opinionpublica.tv\/portada\/wp-content\/uploads\/2016\/07\/e17bf28887a04e7713039bc3ae638d41.jpg 664w, https:\/\/www.opinionpublica.tv\/portada\/wp-content\/uploads\/2016\/07\/e17bf28887a04e7713039bc3ae638d41-300x225.jpg 300w\" sizes=\"(max-width: 664px) 100vw, 664px\" \/><\/p>\n<p>La ciclista mexicana Daniela Campuzano, nombrada abanderada de la delegaci\u00f3n mexicana para Juegos Ol\u00edmpicos, se sincer\u00f3 al tener su primer evento p\u00fablico en M\u00e9xico tras recibir el nombramiento y reiter\u00f3 que su meta es terminar entre las diez mejores, a diferencia de los \u00faltimos 20 a\u00f1os en que un abanderado nacional era candidato a medalla.<\/p>\n<blockquote>\n<p>No puedo asegurarles que voy a estar peleando por una medalla, mi sue\u00f1o es un top 10 y les agradezco mucho que lo entiendan\u201d, dijo Campuzano, que ser\u00e1 en R\u00edo la primera mexicana que compite en una prueba del ciclismo de monta\u00f1a en Juegos Ol\u00edmpicos. \u201cLes agradezco que apoyen a mi deporte, esta es una gran oportunidad para que el ciclismo de monta\u00f1a se conozca m\u00e1s\u201d, a\u00f1adi\u00f3.<\/p>\n<\/blockquote>\n<p>Campuzano termin\u00f3 el pasado fin de semana una gira por Europa, que incluy\u00f3 el lugar 11 en la Copa del Mundo, y que le ha redituado avance en el ranking internacional. \u201cHa sido una preparaci\u00f3n ideal, me posiciona para arrancar en la segunda fila en la competencia en R\u00edo que es algo que ten\u00eda pensado, es algo muy bueno para m\u00ed\u201d, afirm\u00f3.<\/p>\n<p>Daniela Campuzano viajar\u00e1 a R\u00edo de Janeiro el 3 de agosto, dos d\u00edas despu\u00e9s estar\u00e1 en la ceremonia de inauguraci\u00f3n portando el l\u00e1baro patrio en el estadio Maracan\u00e1, por lo que tuvo que modificar su calendario de preparaci\u00f3n. \u201cYa no ir\u00e9 a la \u00faltima Copa del Mundo, a cambio tendr\u00e9 m\u00e1s tiempo para aclimatarme, con entrenamientos como de hora y media bajo el calor haciendo el m\u00e1ximo esfuerzo\u201d, explic\u00f3.<\/p>\n<p>\u00abEstas semanas har\u00e9 la \u00faltima fase de preparaci\u00f3n en Hidalgo, voy a competir el siguiente fin de semana en Amealco, Quer\u00e9taro, en el Campeonato Nacional, de ah\u00ed estar\u00e9 una semana m\u00e1s en Santa Elena, que es donde entreno, y de ah\u00ed ya salir a R\u00edo\u00bb, revel\u00f3 su itinerario de las pr\u00f3ximas semanas.<\/p>\n<p><em>ald<\/em><\/p>\n","protected":false},"excerpt":{"rendered":"<p>La ciclista mexicana Daniela Campuzano, nombrada abanderada de la delegaci\u00f3n mexicana para Juegos Ol\u00edmpicos, se sincer\u00f3 al tener su primer evento p\u00fablico en M\u00e9xico tras recibir el nombramiento y reiter\u00f3 que su meta es terminar entre las diez mejores, a diferencia de los \u00faltimos 20 a\u00f1os en que un abanderado nacional era candidato a medalla. [&hellip;]<\/p>\n","protected":false},"author":1,"featured_media":49,"comment_status":"open","ping_status":"open","sticky":false,"template":"","format":"standard","meta":{"_acf_changed":false,"_monsterinsights_skip_tracking":false,"slim_seo":{"title":"Daniela Campuzano a R\u00edo 2016 - Opini\u00f3n P\u00fablica","description":"La ciclista mexicana Daniela Campuzano, nombrada abanderada de la delegaci\u00f3n mexicana para Juegos Ol\u00edmpicos, se sincer\u00f3 al tener su primer evento p\u00fablico en M\u00e9x"},"footnotes":""},"categories":[6],"tags":[],"class_list":["post-50","post","type-post","status-publish","format-standard","has-post-thumbnail","hentry","category-rio-2016"],"acf":[],"_links":{"self":[{"href":"https:\/\/www.opinionpublica.tv\/portada\/wp-json\/wp\/v2\/posts\/50","targetHints":{"allow":["GET"]}}],"collection":[{"href":"https:\/\/www.opinionpublica.tv\/portada\/wp-json\/wp\/v2\/posts"}],"about":[{"href":"https:\/\/www.opinionpublica.tv\/portada\/wp-json\/wp\/v2\/types\/post"}],"author":[{"embeddable":true,"href":"https:\/\/www.opinionpublica.tv\/portada\/wp-json\/wp\/v2\/users\/1"}],"replies":[{"embeddable":true,"href":"https:\/\/www.opinionpublica.tv\/portada\/wp-json\/wp\/v2\/comments?post=50"}],"version-history":[{"count":0,"href":"https:\/\/www.opinionpublica.tv\/portada\/wp-json\/wp\/v2\/posts\/50\/revisions"}],"wp:featuredmedia":[{"embeddable":true,"href":"https:\/\/www.opinionpublica.tv\/portada\/wp-json\/wp\/v2\/media\/49"}],"wp:attachment":[{"href":"https:\/\/www.opinionpublica.tv\/portada\/wp-json\/wp\/v2\/media?parent=50"}],"wp:term":[{"taxonomy":"category","embeddable":true,"href":"https:\/\/www.opinionpublica.tv\/portada\/wp-json\/wp\/v2\/categories?post=50"},{"taxonomy":"post_tag","embeddable":true,"href":"https:\/\/www.opinionpublica.tv\/portada\/wp-json\/wp\/v2\/tags?post=50"}],"curies":[{"name":"wp","href":"https:\/\/api.w.org\/{rel}","templated":true}]}}