{"id":4997,"date":"2016-09-26T06:00:00","date_gmt":"2016-09-26T04:00:00","guid":{"rendered":"https:\/\/www.opinionpublica.tv\/portada\/2016\/09\/26\/convocan-a-premio-estatal-del-deporte-2016\/"},"modified":"2016-09-26T06:00:00","modified_gmt":"2016-09-26T04:00:00","slug":"convocan-a-premio-estatal-del-deporte-2016","status":"publish","type":"post","link":"https:\/\/www.opinionpublica.tv\/portada\/convocan-a-premio-estatal-del-deporte-2016\/","title":{"rendered":"Convocan a Premio Estatal del Deporte 2016"},"content":{"rendered":"<p><img fetchpriority=\"high\" decoding=\"async\" class=\" size-full wp-image-4996\" src=\"https:\/\/www.opinionpublica.tv\/portada\/wp-content\/uploads\/2016\/09\/e76b19068b8a7b62bcd7955ba4e97874.jpg\" alt=\"\" width=\"2191\" height=\"1671\" srcset=\"https:\/\/www.opinionpublica.tv\/portada\/wp-content\/uploads\/2016\/09\/e76b19068b8a7b62bcd7955ba4e97874.jpg 2191w, https:\/\/www.opinionpublica.tv\/portada\/wp-content\/uploads\/2016\/09\/e76b19068b8a7b62bcd7955ba4e97874-300x229.jpg 300w, https:\/\/www.opinionpublica.tv\/portada\/wp-content\/uploads\/2016\/09\/e76b19068b8a7b62bcd7955ba4e97874-1024x781.jpg 1024w, https:\/\/www.opinionpublica.tv\/portada\/wp-content\/uploads\/2016\/09\/e76b19068b8a7b62bcd7955ba4e97874-768x586.jpg 768w, https:\/\/www.opinionpublica.tv\/portada\/wp-content\/uploads\/2016\/09\/e76b19068b8a7b62bcd7955ba4e97874-1536x1171.jpg 1536w, https:\/\/www.opinionpublica.tv\/portada\/wp-content\/uploads\/2016\/09\/e76b19068b8a7b62bcd7955ba4e97874-2048x1562.jpg 2048w\" sizes=\"(max-width: 2191px) 100vw, 2191px\" \/><\/p>\n<p style=\"text-align: justify;\">El pr\u00f3ximo lunes 10 de octubre termina el plazo de registro para el Premio Estatal del Deporte 2016, que en esta ocasi\u00f3n repartir\u00e1 en partes iguales una bolsa de 110 mil pesos en premios, divididos entre el mejor deportista y mejor entrenador chihuahuense.<\/p>\n<p style=\"text-align: justify;\">En d\u00edas pasados qued\u00f3 definido, mediante insaculaci\u00f3n, el jurado elector que designar\u00e1 al deportista ganador, por mayores logros obtenidos en el periodo del 11 de octubre del 2015 al 10 de octubre del 2016, as\u00ed como al entrenador que sus atletas hayan obtenido el mayor avance en resultados, durante el mismo periodo.<\/p>\n<p style=\"text-align: justify;\">El Premio Estatal del Deporte se ha otorgado a los deportistas y entrenadores chihuahuenses durante 24 a\u00f1os consecutivos, siendo \u00e9stos figuras de relevancia para el Estado en el \u00e1mbito deportivo.<\/p>\n<p style=\"text-align: justify;\">La premiaci\u00f3n se realizar\u00e1 en el marco de los festejos, de la Revoluci\u00f3n Mexicana, el pr\u00f3ximo 20 de noviembre, donde adem\u00e1s del incentivo econ\u00f3mico, se otorgar\u00e1 una medalla alusiva al evento.<\/p>\n<p style=\"text-align: justify;\">Para mayor informaci\u00f3n se puede acceder a la convocatoria en el portal www.deportechihuahua.com.mx o bien comunicarse al tel\u00e9fono 4293300 extensi\u00f3n 17809.<\/p>\n","protected":false},"excerpt":{"rendered":"<p>El pr\u00f3ximo lunes 10 de octubre termina el plazo de registro para el Premio Estatal del Deporte 2016, que en esta ocasi\u00f3n repartir\u00e1 en partes iguales una bolsa de 110 mil pesos en premios, divididos entre el mejor deportista y mejor entrenador chihuahuense. En d\u00edas pasados qued\u00f3 definido, mediante insaculaci\u00f3n, el jurado elector que designar\u00e1 [&hellip;]<\/p>\n","protected":false},"author":4,"featured_media":4996,"comment_status":"open","ping_status":"open","sticky":false,"template":"","format":"standard","meta":{"_acf_changed":false,"_monsterinsights_skip_tracking":false,"slim_seo":{"title":"Convocan a Premio Estatal del Deporte 2016 - Opini\u00f3n P\u00fablica","description":"El pr\u00f3ximo lunes 10 de octubre termina el plazo de registro para el Premio Estatal del Deporte 2016, que en esta ocasi\u00f3n repartir\u00e1 en partes iguales una bolsa d"},"footnotes":""},"categories":[4],"tags":[],"class_list":["post-4997","post","type-post","status-publish","format-standard","has-post-thumbnail","hentry","category-pulsopolitico"],"acf":[],"_links":{"self":[{"href":"https:\/\/www.opinionpublica.tv\/portada\/wp-json\/wp\/v2\/posts\/4997","targetHints":{"allow":["GET"]}}],"collection":[{"href":"https:\/\/www.opinionpublica.tv\/portada\/wp-json\/wp\/v2\/posts"}],"about":[{"href":"https:\/\/www.opinionpublica.tv\/portada\/wp-json\/wp\/v2\/types\/post"}],"author":[{"embeddable":true,"href":"https:\/\/www.opinionpublica.tv\/portada\/wp-json\/wp\/v2\/users\/4"}],"replies":[{"embeddable":true,"href":"https:\/\/www.opinionpublica.tv\/portada\/wp-json\/wp\/v2\/comments?post=4997"}],"version-history":[{"count":0,"href":"https:\/\/www.opinionpublica.tv\/portada\/wp-json\/wp\/v2\/posts\/4997\/revisions"}],"wp:featuredmedia":[{"embeddable":true,"href":"https:\/\/www.opinionpublica.tv\/portada\/wp-json\/wp\/v2\/media\/4996"}],"wp:attachment":[{"href":"https:\/\/www.opinionpublica.tv\/portada\/wp-json\/wp\/v2\/media?parent=4997"}],"wp:term":[{"taxonomy":"category","embeddable":true,"href":"https:\/\/www.opinionpublica.tv\/portada\/wp-json\/wp\/v2\/categories?post=4997"},{"taxonomy":"post_tag","embeddable":true,"href":"https:\/\/www.opinionpublica.tv\/portada\/wp-json\/wp\/v2\/tags?post=4997"}],"curies":[{"name":"wp","href":"https:\/\/api.w.org\/{rel}","templated":true}]}}