{"id":49961,"date":"2024-12-24T00:01:00","date_gmt":"2024-12-24T07:01:00","guid":{"rendered":"https:\/\/www.opinionpublica.tv\/portada\/?p=49961"},"modified":"2024-12-23T15:03:23","modified_gmt":"2024-12-23T22:03:23","slug":"video-evangelio-de-hoy-martes-24-de-diciembre-de-2024","status":"publish","type":"post","link":"https:\/\/www.opinionpublica.tv\/portada\/video-evangelio-de-hoy-martes-24-de-diciembre-de-2024\/","title":{"rendered":"Video: Evangelio de hoy, martes 24 de diciembre de 2024"},"content":{"rendered":"\n<figure class=\"wp-block-embed is-type-video is-provider-youtube wp-block-embed-youtube wp-embed-aspect-16-9 wp-has-aspect-ratio\"><div class=\"wp-block-embed__wrapper\">\n<iframe title=\"Evangelio de Hoy Martes 24 de Diciembre de 2024 | REFLEXI\u00d3N | Red Catolica\" width=\"800\" height=\"450\" src=\"https:\/\/www.youtube.com\/embed\/sg3Ln_evVhc?feature=oembed\" frameborder=\"0\" allow=\"accelerometer; autoplay; clipboard-write; encrypted-media; gyroscope; picture-in-picture; web-share\" referrerpolicy=\"strict-origin-when-cross-origin\" allowfullscreen><\/iframe>\n<\/div><\/figure>\n\n\n\n<p class=\"wp-block-paragraph\"><em>\u201cDesde la deportaci\u00f3n a Babilonia hasta Cristo, catorce generaciones.\u201d Mt 1, 1-17.<\/em><\/p>\n\n\n\n<p class=\"wp-block-paragraph\"><strong>Reflexiones para este martes<\/strong><\/p>\n\n\n\n<p class=\"wp-block-paragraph\">1. Se\u00f1or, dame la gracia de mantener siempre viva la disposici\u00f3n de reconocerte y seguirte, con totalidad y desinter\u00e9s.<\/p>\n\n\n\n<p class=\"wp-block-paragraph\">2. Hay que poner los relojes en \u00abhora\u00bb para celebrar en su justo momento el final de una cuenta atr\u00e1s.<\/p>\n\n\n\n<p class=\"wp-block-paragraph\">3. Dios se hace m\u00e1s presente en mi coraz\u00f3n si lo recibo con mejores disposiciones, si soy m\u00e1s consciente que \u00c9l viene esta Navidad, que sufre en su Pasi\u00f3n, y al fin Resucita glorioso.<\/p>\n","protected":false},"excerpt":{"rendered":"<p>\u201cDesde la deportaci\u00f3n a Babilonia hasta Cristo, catorce generaciones.\u201d Mt 1, 1-17. Reflexiones para este martes 1. Se\u00f1or, dame la gracia de mantener siempre viva la disposici\u00f3n de reconocerte y seguirte, con totalidad y desinter\u00e9s. 2. Hay que poner los relojes en \u00abhora\u00bb para celebrar en su justo momento el final de una cuenta atr\u00e1s. [&hellip;]<\/p>\n","protected":false},"author":6,"featured_media":49962,"comment_status":"open","ping_status":"open","sticky":false,"template":"","format":"standard","meta":{"_acf_changed":false,"_monsterinsights_skip_tracking":false,"slim_seo":{"title":"Video: Evangelio de hoy, martes 24 de diciembre de 2024 - Opini\u00f3n P\u00fablica","description":"https:\/\/youtu.be\/sg3Ln_evVhc?si=fuN-ATndGTHfkx3N \u201cDesde la deportaci\u00f3n a Babilonia hasta Cristo, catorce generaciones.\u201d Mt 1, 1-17. Reflexiones para este martes"},"footnotes":""},"categories":[2,13,8],"tags":[],"class_list":["post-49961","post","type-post","status-publish","format-standard","has-post-thumbnail","hentry","category-videos-destacados","category-videos-destacados-contenido","category-videos"],"acf":[],"_links":{"self":[{"href":"https:\/\/www.opinionpublica.tv\/portada\/wp-json\/wp\/v2\/posts\/49961","targetHints":{"allow":["GET"]}}],"collection":[{"href":"https:\/\/www.opinionpublica.tv\/portada\/wp-json\/wp\/v2\/posts"}],"about":[{"href":"https:\/\/www.opinionpublica.tv\/portada\/wp-json\/wp\/v2\/types\/post"}],"author":[{"embeddable":true,"href":"https:\/\/www.opinionpublica.tv\/portada\/wp-json\/wp\/v2\/users\/6"}],"replies":[{"embeddable":true,"href":"https:\/\/www.opinionpublica.tv\/portada\/wp-json\/wp\/v2\/comments?post=49961"}],"version-history":[{"count":1,"href":"https:\/\/www.opinionpublica.tv\/portada\/wp-json\/wp\/v2\/posts\/49961\/revisions"}],"predecessor-version":[{"id":49963,"href":"https:\/\/www.opinionpublica.tv\/portada\/wp-json\/wp\/v2\/posts\/49961\/revisions\/49963"}],"wp:featuredmedia":[{"embeddable":true,"href":"https:\/\/www.opinionpublica.tv\/portada\/wp-json\/wp\/v2\/media\/49962"}],"wp:attachment":[{"href":"https:\/\/www.opinionpublica.tv\/portada\/wp-json\/wp\/v2\/media?parent=49961"}],"wp:term":[{"taxonomy":"category","embeddable":true,"href":"https:\/\/www.opinionpublica.tv\/portada\/wp-json\/wp\/v2\/categories?post=49961"},{"taxonomy":"post_tag","embeddable":true,"href":"https:\/\/www.opinionpublica.tv\/portada\/wp-json\/wp\/v2\/tags?post=49961"}],"curies":[{"name":"wp","href":"https:\/\/api.w.org\/{rel}","templated":true}]}}