{"id":4995,"date":"2016-09-26T06:00:00","date_gmt":"2016-09-26T04:00:00","guid":{"rendered":"https:\/\/www.opinionpublica.tv\/portada\/2016\/09\/26\/lluvia-sorprende-a-diferentes-sectores-de-la-ciudad\/"},"modified":"2016-09-26T06:00:00","modified_gmt":"2016-09-26T04:00:00","slug":"lluvia-sorprende-a-diferentes-sectores-de-la-ciudad","status":"publish","type":"post","link":"https:\/\/www.opinionpublica.tv\/portada\/lluvia-sorprende-a-diferentes-sectores-de-la-ciudad\/","title":{"rendered":"Lluvia sorprende a diferentes sectores de la ciudad"},"content":{"rendered":"<p><img fetchpriority=\"high\" decoding=\"async\" class=\" size-full wp-image-4994\" src=\"https:\/\/www.opinionpublica.tv\/portada\/wp-content\/uploads\/2016\/09\/7af11f0818f11069c36aea151a232d38.jpg\" alt=\"\" width=\"770\" height=\"470\" srcset=\"https:\/\/www.opinionpublica.tv\/portada\/wp-content\/uploads\/2016\/09\/7af11f0818f11069c36aea151a232d38.jpg 770w, https:\/\/www.opinionpublica.tv\/portada\/wp-content\/uploads\/2016\/09\/7af11f0818f11069c36aea151a232d38-300x183.jpg 300w, https:\/\/www.opinionpublica.tv\/portada\/wp-content\/uploads\/2016\/09\/7af11f0818f11069c36aea151a232d38-768x469.jpg 768w\" sizes=\"(max-width: 770px) 100vw, 770px\" \/><\/p>\n<p style=\"text-align: justify;\">Como los pron\u00f3sticos lo hab\u00edan indicado este fin de semana, este lunes Ciudad Ju\u00e1rez recibi\u00f3 una gran lluvia en diferentes partes de la ciudad.<\/p>\n<p style=\"text-align: justify;\">El Sistema Meteorol\u00f3gico Nacional pron\u00f3stico 50% de probabilidad de lluvia con temperaturas m\u00e1ximas de 21\u00ba C y vientos fuertes, los cuales comenzaron alrededor de la 1:30 de la tarde y en cuesti\u00f3n de minutos, la precipitaci\u00f3n abarc\u00f3 la mayor parte de la mancha urbana.<\/p>\n<p style=\"text-align: justify;\">Esto oblig\u00f3 a los peatones a buscar refugio para que no los mojara alg\u00fan veh\u00edculo que salpicara el agua de los charcos mientras que los conductores redujeron la velocidad ante la poca visibilidad en las calles.<\/p>\n<p style=\"text-align: justify;\">Autoridades de esta frontera recomendaron a los ciudadanos extremar precauciones, especialmente a los guiadores para que manejen m\u00e1s despacio y no ocasionen alg\u00fan accidente.<\/p>\n","protected":false},"excerpt":{"rendered":"<p>Como los pron\u00f3sticos lo hab\u00edan indicado este fin de semana, este lunes Ciudad Ju\u00e1rez recibi\u00f3 una gran lluvia en diferentes partes de la ciudad. El Sistema Meteorol\u00f3gico Nacional pron\u00f3stico 50% de probabilidad de lluvia con temperaturas m\u00e1ximas de 21\u00ba C y vientos fuertes, los cuales comenzaron alrededor de la 1:30 de la tarde y en [&hellip;]<\/p>\n","protected":false},"author":4,"featured_media":4994,"comment_status":"open","ping_status":"open","sticky":false,"template":"","format":"standard","meta":{"_acf_changed":false,"_monsterinsights_skip_tracking":false,"slim_seo":{"title":"Lluvia sorprende a diferentes sectores de la ciudad - Opini\u00f3n P\u00fablica","description":"Como los pron\u00f3sticos lo hab\u00edan indicado este fin de semana, este lunes Ciudad Ju\u00e1rez recibi\u00f3 una gran lluvia en diferentes partes de la ciudad. El Sistema Meteo"},"footnotes":""},"categories":[5],"tags":[],"class_list":["post-4995","post","type-post","status-publish","format-standard","has-post-thumbnail","hentry","category-frontera"],"acf":[],"_links":{"self":[{"href":"https:\/\/www.opinionpublica.tv\/portada\/wp-json\/wp\/v2\/posts\/4995","targetHints":{"allow":["GET"]}}],"collection":[{"href":"https:\/\/www.opinionpublica.tv\/portada\/wp-json\/wp\/v2\/posts"}],"about":[{"href":"https:\/\/www.opinionpublica.tv\/portada\/wp-json\/wp\/v2\/types\/post"}],"author":[{"embeddable":true,"href":"https:\/\/www.opinionpublica.tv\/portada\/wp-json\/wp\/v2\/users\/4"}],"replies":[{"embeddable":true,"href":"https:\/\/www.opinionpublica.tv\/portada\/wp-json\/wp\/v2\/comments?post=4995"}],"version-history":[{"count":0,"href":"https:\/\/www.opinionpublica.tv\/portada\/wp-json\/wp\/v2\/posts\/4995\/revisions"}],"wp:featuredmedia":[{"embeddable":true,"href":"https:\/\/www.opinionpublica.tv\/portada\/wp-json\/wp\/v2\/media\/4994"}],"wp:attachment":[{"href":"https:\/\/www.opinionpublica.tv\/portada\/wp-json\/wp\/v2\/media?parent=4995"}],"wp:term":[{"taxonomy":"category","embeddable":true,"href":"https:\/\/www.opinionpublica.tv\/portada\/wp-json\/wp\/v2\/categories?post=4995"},{"taxonomy":"post_tag","embeddable":true,"href":"https:\/\/www.opinionpublica.tv\/portada\/wp-json\/wp\/v2\/tags?post=4995"}],"curies":[{"name":"wp","href":"https:\/\/api.w.org\/{rel}","templated":true}]}}