{"id":49947,"date":"2024-12-23T00:01:00","date_gmt":"2024-12-23T07:01:00","guid":{"rendered":"https:\/\/www.opinionpublica.tv\/portada\/?p=49947"},"modified":"2024-12-22T20:42:02","modified_gmt":"2024-12-23T03:42:02","slug":"senales-3","status":"publish","type":"post","link":"https:\/\/www.opinionpublica.tv\/portada\/senales-3\/","title":{"rendered":"Se\u00f1ales"},"content":{"rendered":"\n<h4 class=\"wp-block-heading\">Ra\u00fal Ruiz<\/h4>\n\n\n\n<p class=\"wp-block-paragraph\">__________________________<\/p>\n\n\n\n<p class=\"wp-block-paragraph\">En un cuento que tengo preparado para Navidad, veo una aldea poblada por seres cubiertos por el mal de la misantrop\u00eda.<\/p>\n\n\n\n<p class=\"wp-block-paragraph\">Personas arrastradas por la desconfianza, la negatividad, el descontento; con sentimientos de aversi\u00f3n a todo.<\/p>\n\n\n\n<p class=\"wp-block-paragraph\">Poseedores de un fuerte desprecio a lo que hacen sus cercanos.<\/p>\n\n\n\n<p class=\"wp-block-paragraph\">Incluso, abrigan terribles&nbsp; aborrecimientos hacia amigos, paisanos y por extensi\u00f3n, hasta a la especie humana.<\/p>\n\n\n\n<p class=\"wp-block-paragraph\">Como dir\u00eda aquel cl\u00e1sico&#8230; \u00abno hay chile que les embone\u00bb.<\/p>\n\n\n\n<p class=\"wp-block-paragraph\">No les contar\u00e9 m\u00e1s, tendr\u00e1n que leerlo.<\/p>\n\n\n\n<p class=\"wp-block-paragraph\">El punto es que&#8230; el comportamiento humano o la naturaleza humana son as\u00ed.<\/p>\n\n\n\n<p class=\"wp-block-paragraph\">Y necesitamos comprender los impulsos humanos, para descubrir \u00bfPor qu\u00e9 lo hacen? \u00bfS\u00f3lo por joder?<\/p>\n\n\n\n<p class=\"wp-block-paragraph\">Hablo del tema donde el senador Juan Carlos Loera de la Rosa, s\u00f3lo por joder, y a sus puros calzones, fren\u00f3 moment\u00e1neamente la construcci\u00f3n del puente elevado que ayudar\u00e1 a darle fluidez al tr\u00e1fico vehicular en las inmediaciones del centro hist\u00f3rico de Ciudad Ju\u00e1rez, cuando se atraviesa el tren a horas pico.<\/p>\n\n\n\n<p class=\"wp-block-paragraph\">Mientras cumple su capricho, una nueva v\u00edctima fatal sucumbe al problema que se trata de solucionar, y \u00e9l, tan orondo, salta de un tema a otro en sus ansias de protagonismo.<\/p>\n\n\n\n<p class=\"wp-block-paragraph\">Su egocentrismo llevado a estos t\u00e9rminos, es se\u00f1al de desesperaci\u00f3n por conseguir trepar en la carrera pol\u00edtica.<\/p>\n\n\n\n<p class=\"wp-block-paragraph\">Pero s\u00f3lo se evidencia como el antagonista de la pel\u00edcula.<\/p>\n\n\n\n<p class=\"wp-block-paragraph\">En este cap\u00edtulo dedicado a LAS SE\u00d1ALES pol\u00edticas, me cay\u00f3 buena carnita.<\/p>\n\n\n\n<p class=\"wp-block-paragraph\">Las primeras se\u00f1ales que deben tomarse en cuenta rumbo a las elecciones del 27 en Chihuahua, son las que proporciona la presidenta, Claudia Sheinbaum Pardo.<\/p>\n\n\n\n<p class=\"wp-block-paragraph\">As\u00ed es nuestra cultura pol\u00edtica y lo ser\u00e1 por siempre jam\u00e1s. Tlatoani mata todo. Y ella porta el bast\u00f3n de mando.<\/p>\n\n\n\n<p class=\"wp-block-paragraph\">La inauguraci\u00f3n del hospital regional, tercer nivel, del IMSS en Ciudad Ju\u00e1rez, fue el pretexto para descubrir algunas se\u00f1ales.<\/p>\n\n\n\n<p class=\"wp-block-paragraph\">La primera se\u00f1al que percib\u00ed, es el colmillo afilado de la presidenta, Claudia Sheinbaum, para desanudar entuertos y su habilidad para persuadir a los actores pol\u00edticos de conservar la calma en este arranque rumbo a la sucesi\u00f3n del 24 en la entidad.<\/p>\n\n\n\n<p class=\"wp-block-paragraph\">La segunda se\u00f1al que advert\u00ed, es que, el juego de LAS VENCIDAS, es entre la gobernadora y Cruz.<\/p>\n\n\n\n<p class=\"wp-block-paragraph\">No entre Cruz y Marco Bonilla, \u00e9ste \u00faltimo, personaje que se ha desinflado, mientras el alcalde de Ju\u00e1rez, inunda con su imagen el interior del estado.<\/p>\n\n\n\n<p class=\"wp-block-paragraph\">Pero las se\u00f1ales de apoyo presidencial hacia Cruz, han sido tan evidentes, que la gobernadora, no s\u00f3lo lo percibe as\u00ed, sino que siente muy pesada la fuerza gravitacional en contra, y no queda m\u00e1s remedio que plegarse a la inercia presidencial para evitar un topetazo fatal.<\/p>\n\n\n\n<p class=\"wp-block-paragraph\">La primera se\u00f1al se dio en la sierra Tarahumara, los ind\u00edgenas recibieron el calor presidencial y se entregaron a Claudia Sheinbaum sin reservas. Y no a la gobernadora.<\/p>\n\n\n\n<p class=\"wp-block-paragraph\">Reconocimiento que acepta la presidenta, con modestia, pero adem\u00e1s saca del morral un rasgo de bonhom\u00eda y acerca a la gobernadora como parte de este apapacho hacia los pueblos originarios de Chihuahua.<\/p>\n\n\n\n<p class=\"wp-block-paragraph\">Ah\u00ed, Claudia comenz\u00f3 con su c\u00e1tedra en el tema de la persuasi\u00f3n, pues como todos sabemos, hay rasgos que identifican el poder de la persuasi\u00f3n.<\/p>\n\n\n\n<p class=\"wp-block-paragraph\">1. Escuchar a profundidad.<\/p>\n\n\n\n<p class=\"wp-block-paragraph\">2. Contagiar el estado de \u00e1nimo.<\/p>\n\n\n\n<p class=\"wp-block-paragraph\">3. Mantener la mente flexible.<\/p>\n\n\n\n<p class=\"wp-block-paragraph\">4. Usar la inteligencia y bondad para convencer.<\/p>\n\n\n\n<p class=\"wp-block-paragraph\">5. Saber tranquilizar, apaciguar las inseguridades.<\/p>\n\n\n\n<p class=\"wp-block-paragraph\">Otra se\u00f1al fue la de mostrar uni\u00f3n y armon\u00eda entre el gobierno federal, estatal y municipal.<\/p>\n\n\n\n<p class=\"wp-block-paragraph\">Dejar que Gobierno del Estado acreditara la participaci\u00f3n de los medios, es se\u00f1al de concordia.<\/p>\n\n\n\n<p class=\"wp-block-paragraph\">Bien se vio Amparo Beltr\u00e1n en esta coordinaci\u00f3n.<\/p>\n\n\n\n<p class=\"wp-block-paragraph\">Y qu\u00e9 decir de este detalle, que es se\u00f1al.<\/p>\n\n\n\n<p class=\"wp-block-paragraph\">Cuando Claudia sub\u00eda al podio, de frente a \u00e9l, lo toc\u00f3 con las dos manos en el pecho. Como si lo quisiera abrazar. Pero no lo hizo.<\/p>\n\n\n\n<p class=\"wp-block-paragraph\">Como si quisiera decirle&#8230; \u00abt\u00fa calmao\u00bb.<\/p>\n\n\n\n<p class=\"wp-block-paragraph\">Dos manos en el pecho puede significar, AGUANTA, APECHUGA, TODO A SU TIEMPO.<\/p>\n\n\n\n<p class=\"wp-block-paragraph\">Y en el uso de la palabra, pidi\u00f3 respeto para la gobernadora, pues la perrada gritona hac\u00eda muy inc\u00f3moda su presencia.<\/p>\n\n\n\n<p class=\"wp-block-paragraph\">Pero dej\u00f3 que el aplauso fuera nutrido cuando present\u00f3 al alcalde, P\u00e9rez Cu\u00e9llar.<\/p>\n\n\n\n<p class=\"wp-block-paragraph\">Senadores, diputados, y dem\u00e1s fauna oficial de eventos similares, en su rol de aplaudidores.<\/p>\n\n\n\n<p class=\"wp-block-paragraph\">Y una se\u00f1al m\u00e1s en el presidium&#8230; la presencia de Ariadna Montiel.<\/p>\n\n\n\n<p class=\"wp-block-paragraph\">El discurso.<\/p>\n\n\n\n<p class=\"wp-block-paragraph\">Francamente fue un discurso repetitivo. Lo que escuchamos a diario en su ma\u00f1anera, y en todas sus giras.<\/p>\n\n\n\n<p class=\"wp-block-paragraph\">Pedagog\u00eda que aprendi\u00f3 de Andr\u00e9s Manuel, para martillar en el coco de los mexicanos, mexicanas y mexicanes.<\/p>\n\n\n\n<p class=\"wp-block-paragraph\">La develaci\u00f3n de la placa.<\/p>\n\n\n\n<p class=\"wp-block-paragraph\">Sin duda fue la se\u00f1al m\u00e1s significativa.<\/p>\n\n\n\n<p class=\"wp-block-paragraph\">En la foto, s\u00f3lo la presidenta y el alcalde.<\/p>\n\n\n\n<p class=\"wp-block-paragraph\">\u00bfAs\u00ed? O m\u00e1s claro.<\/p>\n\n\n\n<p class=\"wp-block-paragraph\">Los acuerdos encubiertos&#8230; llevemos la fiesta en paz.<\/p>\n\n\n\n<p class=\"wp-block-paragraph\">Es fin de a\u00f1o y todo debe ser armon\u00eda y Felicidad.<\/p>\n","protected":false},"excerpt":{"rendered":"<p>Ra\u00fal Ruiz __________________________ En un cuento que tengo preparado para Navidad, veo una aldea poblada por seres cubiertos por el mal de la misantrop\u00eda. Personas arrastradas por la desconfianza, la negatividad, el descontento; con sentimientos de aversi\u00f3n a todo. Poseedores de un fuerte desprecio a lo que hacen sus cercanos. Incluso, abrigan terribles&nbsp; aborrecimientos hacia [&hellip;]<\/p>\n","protected":false},"author":6,"featured_media":43347,"comment_status":"open","ping_status":"open","sticky":false,"template":"","format":"standard","meta":{"_acf_changed":false,"_monsterinsights_skip_tracking":false,"slim_seo":{"title":"Se\u00f1ales - Opini\u00f3n P\u00fablica","description":"Ra\u00fal Ruiz __________________________ En un cuento que tengo preparado para Navidad, veo una aldea poblada por seres cubiertos por el mal de la misantrop\u00eda. Pers"},"footnotes":""},"categories":[21],"tags":[593],"class_list":["post-49947","post","type-post","status-publish","format-standard","has-post-thumbnail","hentry","category-cartapacio","tag-cartapacio"],"acf":[],"_links":{"self":[{"href":"https:\/\/www.opinionpublica.tv\/portada\/wp-json\/wp\/v2\/posts\/49947","targetHints":{"allow":["GET"]}}],"collection":[{"href":"https:\/\/www.opinionpublica.tv\/portada\/wp-json\/wp\/v2\/posts"}],"about":[{"href":"https:\/\/www.opinionpublica.tv\/portada\/wp-json\/wp\/v2\/types\/post"}],"author":[{"embeddable":true,"href":"https:\/\/www.opinionpublica.tv\/portada\/wp-json\/wp\/v2\/users\/6"}],"replies":[{"embeddable":true,"href":"https:\/\/www.opinionpublica.tv\/portada\/wp-json\/wp\/v2\/comments?post=49947"}],"version-history":[{"count":3,"href":"https:\/\/www.opinionpublica.tv\/portada\/wp-json\/wp\/v2\/posts\/49947\/revisions"}],"predecessor-version":[{"id":49950,"href":"https:\/\/www.opinionpublica.tv\/portada\/wp-json\/wp\/v2\/posts\/49947\/revisions\/49950"}],"wp:featuredmedia":[{"embeddable":true,"href":"https:\/\/www.opinionpublica.tv\/portada\/wp-json\/wp\/v2\/media\/43347"}],"wp:attachment":[{"href":"https:\/\/www.opinionpublica.tv\/portada\/wp-json\/wp\/v2\/media?parent=49947"}],"wp:term":[{"taxonomy":"category","embeddable":true,"href":"https:\/\/www.opinionpublica.tv\/portada\/wp-json\/wp\/v2\/categories?post=49947"},{"taxonomy":"post_tag","embeddable":true,"href":"https:\/\/www.opinionpublica.tv\/portada\/wp-json\/wp\/v2\/tags?post=49947"}],"curies":[{"name":"wp","href":"https:\/\/api.w.org\/{rel}","templated":true}]}}