{"id":4993,"date":"2016-09-26T06:00:00","date_gmt":"2016-09-26T04:00:00","guid":{"rendered":"https:\/\/www.opinionpublica.tv\/portada\/2016\/09\/26\/secretaria-de-trabajo-entregara-apoyo-a-mujeres-emprendedoras\/"},"modified":"2016-09-26T06:00:00","modified_gmt":"2016-09-26T04:00:00","slug":"secretaria-de-trabajo-entregara-apoyo-a-mujeres-emprendedoras","status":"publish","type":"post","link":"https:\/\/www.opinionpublica.tv\/portada\/secretaria-de-trabajo-entregara-apoyo-a-mujeres-emprendedoras\/","title":{"rendered":"Secretar\u00eda de Trabajo entregar\u00e1 apoyo a mujeres emprendedoras"},"content":{"rendered":"<p><img fetchpriority=\"high\" decoding=\"async\" class=\" size-full wp-image-4992\" src=\"https:\/\/www.opinionpublica.tv\/portada\/wp-content\/uploads\/2016\/09\/8c42edabbb432b8d634ad0a8fb8f91ae.jpg\" alt=\"\" width=\"770\" height=\"470\" srcset=\"https:\/\/www.opinionpublica.tv\/portada\/wp-content\/uploads\/2016\/09\/8c42edabbb432b8d634ad0a8fb8f91ae.jpg 770w, https:\/\/www.opinionpublica.tv\/portada\/wp-content\/uploads\/2016\/09\/8c42edabbb432b8d634ad0a8fb8f91ae-300x183.jpg 300w, https:\/\/www.opinionpublica.tv\/portada\/wp-content\/uploads\/2016\/09\/8c42edabbb432b8d634ad0a8fb8f91ae-768x469.jpg 768w\" sizes=\"(max-width: 770px) 100vw, 770px\" \/><\/p>\n<p style=\"text-align: justify;\">Aproximadamente entre 20 y 30 mujeres due\u00f1as de microempresas solicitaron el apoyo del programa fomento al autoempleo emprendido por la Secretar\u00eda del Trabajo y Previsi\u00f3n Social (STPS). La \u00faltima entrega de este recurso ser\u00e1 el jueves 29 de septiembre en la Unidad Administrativa de Gobierno del Estado.<\/p>\n<p style=\"text-align: justify;\">La presidenta de Ju\u00e1rez Empresarial Mujeres, Gabriela Reyes Arzate, indic\u00f3 que estas microempresarias se agruparon para recibir esta ayuda ya que no ten\u00edan un negocio establecido.<\/p>\n<p style=\"text-align: justify;\">Reyes Arzate desconoce a\u00fan el n\u00famero de integrantes de su grupo que ser\u00e1n acreedoras a este apoyo. Sin embargo, todas har\u00e1n acto de presencia durante en el evento de entrega.<\/p>\n<p style=\"text-align: justify;\">A su vez, dijo que con motivo de esta premiaci\u00f3n la Expo Feria Negocios de la Mujer se extender\u00e1 desde este lunes 26 hasta el viernes 30 de septiembre.<\/p>\n<p style=\"text-align: justify;\">\u201cA muchas de las mujeres se les entregar\u00e1 el equipamiento necesario para su negocio, se unieron en grupos de hasta cinco personas para realizar esta solicitud\u201d, dijo Reyes Arzate.<\/p>\n<p style=\"text-align: justify;\">La presidenta de Ju\u00e1rez Empresarial Mujeres coment\u00f3 que sus compa\u00f1eras presentaron sus proyectos y ante proyectos a la Secretar\u00eda del Trabajo y Previsi\u00f3n Social en las oficinas ubicadas en el Eje vial Juan Gabriel, en la dependencia recibieron el acompa\u00f1amiento necesario para formar para realizar el tr\u00e1mite.<\/p>\n","protected":false},"excerpt":{"rendered":"<p>Aproximadamente entre 20 y 30 mujeres due\u00f1as de microempresas solicitaron el apoyo del programa fomento al autoempleo emprendido por la Secretar\u00eda del Trabajo y Previsi\u00f3n Social (STPS). La \u00faltima entrega de este recurso ser\u00e1 el jueves 29 de septiembre en la Unidad Administrativa de Gobierno del Estado. La presidenta de Ju\u00e1rez Empresarial Mujeres, Gabriela Reyes [&hellip;]<\/p>\n","protected":false},"author":4,"featured_media":4992,"comment_status":"open","ping_status":"open","sticky":false,"template":"","format":"standard","meta":{"_acf_changed":false,"_monsterinsights_skip_tracking":false,"slim_seo":{"title":"Secretar\u00eda de Trabajo entregar\u00e1 apoyo a mujeres emprendedoras - Opini\u00f3n P\u00fablica","description":"Aproximadamente entre 20 y 30 mujeres due\u00f1as de microempresas solicitaron el apoyo del programa fomento al autoempleo emprendido por la Secretar\u00eda del Trabajo y"},"footnotes":""},"categories":[5],"tags":[],"class_list":["post-4993","post","type-post","status-publish","format-standard","has-post-thumbnail","hentry","category-frontera"],"acf":[],"_links":{"self":[{"href":"https:\/\/www.opinionpublica.tv\/portada\/wp-json\/wp\/v2\/posts\/4993","targetHints":{"allow":["GET"]}}],"collection":[{"href":"https:\/\/www.opinionpublica.tv\/portada\/wp-json\/wp\/v2\/posts"}],"about":[{"href":"https:\/\/www.opinionpublica.tv\/portada\/wp-json\/wp\/v2\/types\/post"}],"author":[{"embeddable":true,"href":"https:\/\/www.opinionpublica.tv\/portada\/wp-json\/wp\/v2\/users\/4"}],"replies":[{"embeddable":true,"href":"https:\/\/www.opinionpublica.tv\/portada\/wp-json\/wp\/v2\/comments?post=4993"}],"version-history":[{"count":0,"href":"https:\/\/www.opinionpublica.tv\/portada\/wp-json\/wp\/v2\/posts\/4993\/revisions"}],"wp:featuredmedia":[{"embeddable":true,"href":"https:\/\/www.opinionpublica.tv\/portada\/wp-json\/wp\/v2\/media\/4992"}],"wp:attachment":[{"href":"https:\/\/www.opinionpublica.tv\/portada\/wp-json\/wp\/v2\/media?parent=4993"}],"wp:term":[{"taxonomy":"category","embeddable":true,"href":"https:\/\/www.opinionpublica.tv\/portada\/wp-json\/wp\/v2\/categories?post=4993"},{"taxonomy":"post_tag","embeddable":true,"href":"https:\/\/www.opinionpublica.tv\/portada\/wp-json\/wp\/v2\/tags?post=4993"}],"curies":[{"name":"wp","href":"https:\/\/api.w.org\/{rel}","templated":true}]}}