{"id":4991,"date":"2016-09-26T06:00:00","date_gmt":"2016-09-26T04:00:00","guid":{"rendered":"https:\/\/www.opinionpublica.tv\/portada\/2016\/09\/26\/luego-del-debate-presidencial-peso-se-fortalece-frente-al-dolar\/"},"modified":"2016-09-26T06:00:00","modified_gmt":"2016-09-26T04:00:00","slug":"luego-del-debate-presidencial-peso-se-fortalece-frente-al-dolar","status":"publish","type":"post","link":"https:\/\/www.opinionpublica.tv\/portada\/luego-del-debate-presidencial-peso-se-fortalece-frente-al-dolar\/","title":{"rendered":"Tras debate presidencial, peso se fortalece frente al d\u00f3lar"},"content":{"rendered":"<p><img fetchpriority=\"high\" decoding=\"async\" class=\" size-full wp-image-4990\" src=\"https:\/\/www.opinionpublica.tv\/portada\/wp-content\/uploads\/2016\/09\/1ca98d9c3a4a8177480757f1164fc28f.jpg\" alt=\"\" width=\"1920\" height=\"1080\" srcset=\"https:\/\/www.opinionpublica.tv\/portada\/wp-content\/uploads\/2016\/09\/1ca98d9c3a4a8177480757f1164fc28f.jpg 1920w, https:\/\/www.opinionpublica.tv\/portada\/wp-content\/uploads\/2016\/09\/1ca98d9c3a4a8177480757f1164fc28f-300x169.jpg 300w, https:\/\/www.opinionpublica.tv\/portada\/wp-content\/uploads\/2016\/09\/1ca98d9c3a4a8177480757f1164fc28f-1024x576.jpg 1024w, https:\/\/www.opinionpublica.tv\/portada\/wp-content\/uploads\/2016\/09\/1ca98d9c3a4a8177480757f1164fc28f-768x432.jpg 768w, https:\/\/www.opinionpublica.tv\/portada\/wp-content\/uploads\/2016\/09\/1ca98d9c3a4a8177480757f1164fc28f-1536x864.jpg 1536w\" sizes=\"(max-width: 1920px) 100vw, 1920px\" \/><\/p>\n<p style=\"text-align: justify;\">Luego del debate de esta noche de lunes entre la dem\u00f3crata Hillary Clinton y el republicano Donald Trump, el peso mexicano mostro un comportamiento favorable en el mercado, pues tuvo una ganancia de 1.9% para terminar la jornada con un tipo de cambio de 19.51 unidades por d\u00f3lar.<\/p>\n<p style=\"text-align: justify;\">Debido a esto, la moneda mexicana registro el mejor comportamiento entre las m\u00e1s de 140 monedas del mercado este d\u00eda, seguida por el rand sudafricano, que muestra un alza de 0.38 por ciento frente al d\u00f3lar.<\/p>\n<p style=\"text-align: justify;\">Las ganancias del peso comenzaron alrededor de las 20:30 horas, cuando el candidato republicano habl\u00f3 sobre la \u201cburbuja\u201d que viven en los mercados financieros.<\/p>\n<p style=\"text-align: justify;\">\u00abCuanto m\u00e1s fuerte es Hillary y m\u00e1s fuerte es la probabilidad de su victoria, es mejor para el peso\u00bb, se\u00f1al\u00f3 Eduardo Su\u00e1rez, estratega de Bank of Nova Scotia en Toronto<\/p>\n<p style=\"text-align: justify;\">Durante su participaci\u00f3n en el debate, Trump acus\u00f3 a la Reserva Federal de Estados Unidos de hacer trabajo pol\u00edtico y ser culpable de generar distorsiones en el mercado de acciones.<\/p>\n","protected":false},"excerpt":{"rendered":"<p>Luego del debate de esta noche de lunes entre la dem\u00f3crata Hillary Clinton y el republicano Donald Trump, el peso mexicano mostro un comportamiento favorable en el mercado, pues tuvo una ganancia de 1.9% para terminar la jornada con un tipo de cambio de 19.51 unidades por d\u00f3lar. Debido a esto, la moneda mexicana registro [&hellip;]<\/p>\n","protected":false},"author":4,"featured_media":4990,"comment_status":"open","ping_status":"open","sticky":false,"template":"","format":"standard","meta":{"_acf_changed":false,"_monsterinsights_skip_tracking":false,"slim_seo":{"title":"Tras debate presidencial, peso se fortalece frente al d\u00f3lar - Opini\u00f3n P\u00fablica","description":"Luego del debate de esta noche de lunes entre la dem\u00f3crata Hillary Clinton y el republicano Donald Trump, el peso mexicano mostro un comportamiento favorable en"},"footnotes":""},"categories":[3],"tags":[],"class_list":["post-4991","post","type-post","status-publish","format-standard","has-post-thumbnail","hentry","category-principal"],"acf":[],"_links":{"self":[{"href":"https:\/\/www.opinionpublica.tv\/portada\/wp-json\/wp\/v2\/posts\/4991","targetHints":{"allow":["GET"]}}],"collection":[{"href":"https:\/\/www.opinionpublica.tv\/portada\/wp-json\/wp\/v2\/posts"}],"about":[{"href":"https:\/\/www.opinionpublica.tv\/portada\/wp-json\/wp\/v2\/types\/post"}],"author":[{"embeddable":true,"href":"https:\/\/www.opinionpublica.tv\/portada\/wp-json\/wp\/v2\/users\/4"}],"replies":[{"embeddable":true,"href":"https:\/\/www.opinionpublica.tv\/portada\/wp-json\/wp\/v2\/comments?post=4991"}],"version-history":[{"count":0,"href":"https:\/\/www.opinionpublica.tv\/portada\/wp-json\/wp\/v2\/posts\/4991\/revisions"}],"wp:featuredmedia":[{"embeddable":true,"href":"https:\/\/www.opinionpublica.tv\/portada\/wp-json\/wp\/v2\/media\/4990"}],"wp:attachment":[{"href":"https:\/\/www.opinionpublica.tv\/portada\/wp-json\/wp\/v2\/media?parent=4991"}],"wp:term":[{"taxonomy":"category","embeddable":true,"href":"https:\/\/www.opinionpublica.tv\/portada\/wp-json\/wp\/v2\/categories?post=4991"},{"taxonomy":"post_tag","embeddable":true,"href":"https:\/\/www.opinionpublica.tv\/portada\/wp-json\/wp\/v2\/tags?post=4991"}],"curies":[{"name":"wp","href":"https:\/\/api.w.org\/{rel}","templated":true}]}}