{"id":49901,"date":"2024-12-23T00:01:00","date_gmt":"2024-12-23T07:01:00","guid":{"rendered":"https:\/\/www.opinionpublica.tv\/portada\/?p=49901"},"modified":"2024-12-22T14:03:14","modified_gmt":"2024-12-22T21:03:14","slug":"papa-francisco-pide-alto-al-fuego-en-todos-los-frentes-de-guerra-condena-crueldad-en-ucrania-y-gaza","status":"publish","type":"post","link":"https:\/\/www.opinionpublica.tv\/portada\/papa-francisco-pide-alto-al-fuego-en-todos-los-frentes-de-guerra-condena-crueldad-en-ucrania-y-gaza\/","title":{"rendered":"Papa Francisco pide alto al fuego en todos los frentes de guerra y condena la crueldad"},"content":{"rendered":"\n<figure class=\"wp-block-image size-full\"><img fetchpriority=\"high\" decoding=\"async\" width=\"1100\" height=\"666\" src=\"https:\/\/www.opinionpublica.tv\/portada\/wp-content\/uploads\/2024\/12\/Papa-Francisco-pide-alto-al-fuego-en-todos-los-frentes-de-guerra-y-condena-la-crueldad.avif\" alt=\"Papa Francisco Pide Alto Al Fuego En Todos Los Frentes De Guerra Y Condena La Crueldad\" class=\"wp-image-49903\"\/><\/figure>\n\n\n\n<p class=\"wp-block-paragraph\"><em>Ciudad del Vaticano<\/em>.- El papa Francisco pidi\u00f3 un alto al fuego en todos los frentes de guerra en su oraci\u00f3n del \u00c1ngelus dominical antes de Navidad, condenando la \u201ccrueldad\u201d de bombardear escuelas y hospitales en Ucrania y Gaza.<\/p>\n\n\n\n<p class=\"wp-block-paragraph\">\u201d\u00a1Que las armas callen y que resuenen los villancicos!\u201d, dijo el jerarca cat\u00f3lico, impartiendo su bendici\u00f3n dominical desde el interior debido a un resfriado y como precauci\u00f3n antes de un per\u00edodo navide\u00f1o ajetreado.<\/p>\n\n\n\n<p class=\"wp-block-paragraph\">\u201cOremos para que en Navidad haya un alto al fuego en todos los frentes de guerra, en Ucrania, en Tierra Santa, en todo Oriente Medio y en todo el mundo\u201d, pidi\u00f3 el l\u00edder religioso.<\/p>\n\n\n\n<p class=\"wp-block-paragraph\">Francisco record\u00f3, como suele hacer, la \u201cgolpeada Ucrania\u201d que sigue siendo atacada en ciudades, \u201clo que a veces da\u00f1a escuelas, hospitales e iglesias\u201d.<\/p>\n\n\n\n<p class=\"wp-block-paragraph\">Tambi\u00e9n expres\u00f3 su dolor al pensar en Gaza, \u201cde tanta crueldad, en el ametrallamiento de ni\u00f1os, en el bombardeo de escuelas y hospitales&#8230; \u00a1Cu\u00e1nta crueldad!\u201d<\/p>\n\n\n\n<p class=\"wp-block-paragraph\">Francisco el s\u00e1bado tambi\u00e9n critic\u00f3 las acciones de Israel en Gaza y dijo que su enviado no hab\u00eda podido entrar en el territorio debido al bombardeo israel\u00ed. Las autoridades israel\u00edes permitieron el domingo que el cardenal Pierbattista Pizzaballa, l\u00edder de la Iglesia Cat\u00f3lica en Tierra Santa, entrara en Gaza y celebrara una misa prenavide\u00f1a con miembros de la peque\u00f1a comunidad cristiana del territorio.<\/p>\n\n\n\n<p class=\"wp-block-paragraph\">Israel afirma que ha hecho grandes esfuerzos para evitar a los civiles y que solo est\u00e1 en guerra con Ham\u00e1s, al que acusa de violencia genocida en el ataque que desencaden\u00f3 la guerra.<\/p>\n\n\n\n<p class=\"wp-block-paragraph\">El pont\u00edfice, que cumpli\u00f3 88 a\u00f1os la semana pasada, parec\u00eda estar en buena forma el domingo, despu\u00e9s de verse resfriado y congestionado durante su saludo navide\u00f1o anual a los bur\u00f3cratas del Vaticano el s\u00e1bado.<\/p>\n\n\n\n<p class=\"wp-block-paragraph\">El Vaticano cit\u00f3 las bajas temperaturas exteriores y la intensa semana que le espera a Francisco al decidir impartir su bendici\u00f3n dominical desde el interior.<\/p>\n\n\n\n<p class=\"wp-block-paragraph\">Est\u00e1 previsto que el papa inaugure el martes su gran A\u00f1o Santo y presida las celebraciones de Nochebuena y Navidad en la Bas\u00edlica de San Pedro. El jueves, tiene programado viajar a la principal prisi\u00f3n de Roma para dar inicio al Jubileo all\u00ed.<\/p>\n\n\n\n<p class=\"wp-block-paragraph\">Francisco ha sufrido largos episodios de bronquitis, especialmente en invierno. En 2023, termin\u00f3 en el hospital para recibir antibi\u00f3ticos intravenosos. Le fue extirpada parte de un pulm\u00f3n cuando era joven y frecuentemente parece quedarse sin aliento, especialmente despu\u00e9s de caminar o esforzarse. (El Universal)<\/p>\n","protected":false},"excerpt":{"rendered":"<p>Ciudad del Vaticano.- El papa Francisco pidi\u00f3 un alto al fuego en todos los frentes de guerra en su oraci\u00f3n del \u00c1ngelus dominical antes de Navidad, condenando la \u201ccrueldad\u201d de bombardear escuelas y hospitales en Ucrania y Gaza. \u201d\u00a1Que las armas callen y que resuenen los villancicos!\u201d, dijo el jerarca cat\u00f3lico, impartiendo su bendici\u00f3n dominical [&hellip;]<\/p>\n","protected":false},"author":6,"featured_media":49903,"comment_status":"open","ping_status":"open","sticky":false,"template":"","format":"standard","meta":{"_acf_changed":false,"_monsterinsights_skip_tracking":false,"slim_seo":{"title":"Papa Francisco pide alto al fuego en todos los frentes de guerra y condena la crueldad - Opini\u00f3n P\u00fablica","description":"Ciudad del Vaticano .- El papa Francisco pidi\u00f3 un alto al fuego en todos los frentes de guerra en su oraci\u00f3n del \u00c1ngelus dominical antes de Navidad, condenando"},"footnotes":""},"categories":[4],"tags":[],"class_list":["post-49901","post","type-post","status-publish","format-standard","has-post-thumbnail","hentry","category-pulsopolitico"],"acf":[],"_links":{"self":[{"href":"https:\/\/www.opinionpublica.tv\/portada\/wp-json\/wp\/v2\/posts\/49901","targetHints":{"allow":["GET"]}}],"collection":[{"href":"https:\/\/www.opinionpublica.tv\/portada\/wp-json\/wp\/v2\/posts"}],"about":[{"href":"https:\/\/www.opinionpublica.tv\/portada\/wp-json\/wp\/v2\/types\/post"}],"author":[{"embeddable":true,"href":"https:\/\/www.opinionpublica.tv\/portada\/wp-json\/wp\/v2\/users\/6"}],"replies":[{"embeddable":true,"href":"https:\/\/www.opinionpublica.tv\/portada\/wp-json\/wp\/v2\/comments?post=49901"}],"version-history":[{"count":2,"href":"https:\/\/www.opinionpublica.tv\/portada\/wp-json\/wp\/v2\/posts\/49901\/revisions"}],"predecessor-version":[{"id":49904,"href":"https:\/\/www.opinionpublica.tv\/portada\/wp-json\/wp\/v2\/posts\/49901\/revisions\/49904"}],"wp:featuredmedia":[{"embeddable":true,"href":"https:\/\/www.opinionpublica.tv\/portada\/wp-json\/wp\/v2\/media\/49903"}],"wp:attachment":[{"href":"https:\/\/www.opinionpublica.tv\/portada\/wp-json\/wp\/v2\/media?parent=49901"}],"wp:term":[{"taxonomy":"category","embeddable":true,"href":"https:\/\/www.opinionpublica.tv\/portada\/wp-json\/wp\/v2\/categories?post=49901"},{"taxonomy":"post_tag","embeddable":true,"href":"https:\/\/www.opinionpublica.tv\/portada\/wp-json\/wp\/v2\/tags?post=49901"}],"curies":[{"name":"wp","href":"https:\/\/api.w.org\/{rel}","templated":true}]}}