{"id":49889,"date":"2024-12-23T00:01:00","date_gmt":"2024-12-23T07:01:00","guid":{"rendered":"https:\/\/www.opinionpublica.tv\/portada\/?p=49889"},"modified":"2024-12-22T13:54:51","modified_gmt":"2024-12-22T20:54:51","slug":"seis-meses-de-vida-al-instituto-chihuahuense-de-transparencia-y-acceso-a-la-informacion","status":"publish","type":"post","link":"https:\/\/www.opinionpublica.tv\/portada\/seis-meses-de-vida-al-instituto-chihuahuense-de-transparencia-y-acceso-a-la-informacion\/","title":{"rendered":"Le quedan 180 d\u00edas de vida al Instituto Chihuahuense de Transparencia"},"content":{"rendered":"\n<figure class=\"wp-block-image size-full\"><img fetchpriority=\"high\" decoding=\"async\" width=\"770\" height=\"423\" src=\"https:\/\/www.opinionpublica.tv\/portada\/wp-content\/uploads\/2024\/12\/Le-quedan-180-dias-de-vida-al-Instituto-Chihuahuense-de-Transparencia.jpg\" alt=\"Le Quedan 180 Di\u0301as De Vida Al Instituto Chihuahuense De Transparencia\" class=\"wp-image-49895\" srcset=\"https:\/\/www.opinionpublica.tv\/portada\/wp-content\/uploads\/2024\/12\/Le-quedan-180-dias-de-vida-al-Instituto-Chihuahuense-de-Transparencia.jpg 770w, https:\/\/www.opinionpublica.tv\/portada\/wp-content\/uploads\/2024\/12\/Le-quedan-180-dias-de-vida-al-Instituto-Chihuahuense-de-Transparencia-300x165.jpg 300w, https:\/\/www.opinionpublica.tv\/portada\/wp-content\/uploads\/2024\/12\/Le-quedan-180-dias-de-vida-al-Instituto-Chihuahuense-de-Transparencia-768x422.jpg 768w\" sizes=\"(max-width: 770px) 100vw, 770px\" \/><\/figure>\n\n\n\n<p class=\"wp-block-paragraph\"><em>Chihuahua, Chih<\/em>.- De acuerdo con la publicaci\u00f3n en el Diario Oficial de la Federaci\u00f3n, de la reforma en materia de simplificaci\u00f3n administrativa, el Instituto Chihuahuense de Transparencia y Acceso a la Informaci\u00f3n, tendr\u00eda solo seis meses de vida antes de su extinci\u00f3n.<\/p>\n\n\n\n<p class=\"wp-block-paragraph\">El decreto firmado por la presidenta Claudia Sheinbaum y la secretaria de Gobernaci\u00f3n, Rosa Icela Rodr\u00edguez, establece que el Congreso de la Uni\u00f3n tendr\u00e1 noventa d\u00edas naturales para realizar las adecuaciones necesarias al orden legal existente.<\/p>\n\n\n\n<p class=\"wp-block-paragraph\">Una vez realizado lo anterior, los congresos de los estados tendr\u00e1n otros noventa d\u00edas para armonizar su legislaci\u00f3n, con lo cual desaparecer\u00eda el organismo aut\u00f3nomo estatal responsable de asegurar la transparencia.<\/p>\n\n\n\n<p class=\"wp-block-paragraph\">En la entidad el Ichitaip est\u00e1 integrado por Sergio Facio como comisionado presidente, as\u00ed como por las comisionadas Karla Gabriela Fuentes Moreno y Mar\u00eda Selene Prieto Dom\u00ednguez.<\/p>\n\n\n\n<p class=\"wp-block-paragraph\">La publicaci\u00f3n en el Diario Oficial de la Federaci\u00f3n en su edici\u00f3n vespertina del viernes 20 indica que el decreto entrara en vigor al d\u00eda siguiente, es decir, el pr\u00f3ximo lunes 23 de diciembre.<\/p>\n","protected":false},"excerpt":{"rendered":"<p>Chihuahua, Chih.- De acuerdo con la publicaci\u00f3n en el Diario Oficial de la Federaci\u00f3n, de la reforma en materia de simplificaci\u00f3n administrativa, el Instituto Chihuahuense de Transparencia y Acceso a la Informaci\u00f3n, tendr\u00eda solo seis meses de vida antes de su extinci\u00f3n. El decreto firmado por la presidenta Claudia Sheinbaum y la secretaria de Gobernaci\u00f3n, [&hellip;]<\/p>\n","protected":false},"author":6,"featured_media":49895,"comment_status":"open","ping_status":"open","sticky":false,"template":"","format":"standard","meta":{"_acf_changed":false,"_monsterinsights_skip_tracking":false,"slim_seo":{"title":"Le quedan 180 d\u00edas de vida al Instituto Chihuahuense de Transparencia - Opini\u00f3n P\u00fablica","description":"Chihuahua, Chih .- De acuerdo con la publicaci\u00f3n en el Diario Oficial de la Federaci\u00f3n, de la reforma en materia de simplificaci\u00f3n administrativa, el Instituto"},"footnotes":""},"categories":[11],"tags":[],"class_list":["post-49889","post","type-post","status-publish","format-standard","has-post-thumbnail","hentry","category-tendencias"],"acf":[],"_links":{"self":[{"href":"https:\/\/www.opinionpublica.tv\/portada\/wp-json\/wp\/v2\/posts\/49889","targetHints":{"allow":["GET"]}}],"collection":[{"href":"https:\/\/www.opinionpublica.tv\/portada\/wp-json\/wp\/v2\/posts"}],"about":[{"href":"https:\/\/www.opinionpublica.tv\/portada\/wp-json\/wp\/v2\/types\/post"}],"author":[{"embeddable":true,"href":"https:\/\/www.opinionpublica.tv\/portada\/wp-json\/wp\/v2\/users\/6"}],"replies":[{"embeddable":true,"href":"https:\/\/www.opinionpublica.tv\/portada\/wp-json\/wp\/v2\/comments?post=49889"}],"version-history":[{"count":5,"href":"https:\/\/www.opinionpublica.tv\/portada\/wp-json\/wp\/v2\/posts\/49889\/revisions"}],"predecessor-version":[{"id":49896,"href":"https:\/\/www.opinionpublica.tv\/portada\/wp-json\/wp\/v2\/posts\/49889\/revisions\/49896"}],"wp:featuredmedia":[{"embeddable":true,"href":"https:\/\/www.opinionpublica.tv\/portada\/wp-json\/wp\/v2\/media\/49895"}],"wp:attachment":[{"href":"https:\/\/www.opinionpublica.tv\/portada\/wp-json\/wp\/v2\/media?parent=49889"}],"wp:term":[{"taxonomy":"category","embeddable":true,"href":"https:\/\/www.opinionpublica.tv\/portada\/wp-json\/wp\/v2\/categories?post=49889"},{"taxonomy":"post_tag","embeddable":true,"href":"https:\/\/www.opinionpublica.tv\/portada\/wp-json\/wp\/v2\/tags?post=49889"}],"curies":[{"name":"wp","href":"https:\/\/api.w.org\/{rel}","templated":true}]}}