{"id":4987,"date":"2016-09-26T06:00:00","date_gmt":"2016-09-26T04:00:00","guid":{"rendered":"https:\/\/www.opinionpublica.tv\/portada\/2016\/09\/26\/rinde-protesta-mesa-directiva-del-vigesimo-segundo-periodo-extraordinario-de-sesiones\/"},"modified":"2016-09-26T06:00:00","modified_gmt":"2016-09-26T04:00:00","slug":"rinde-protesta-mesa-directiva-del-vigesimo-segundo-periodo-extraordinario-de-sesiones","status":"publish","type":"post","link":"https:\/\/www.opinionpublica.tv\/portada\/rinde-protesta-mesa-directiva-del-vigesimo-segundo-periodo-extraordinario-de-sesiones\/","title":{"rendered":"Rinde Protesta Mesa Directiva del Vig\u00e9simo Segundo Periodo Extraordinario de Sesiones"},"content":{"rendered":"<p><img fetchpriority=\"high\" decoding=\"async\" class=\" size-full wp-image-4986\" src=\"https:\/\/www.opinionpublica.tv\/portada\/wp-content\/uploads\/2016\/09\/189b404e1cbecfe34e6292aec1397965.jpg\" alt=\"\" width=\"1156\" height=\"768\" srcset=\"https:\/\/www.opinionpublica.tv\/portada\/wp-content\/uploads\/2016\/09\/189b404e1cbecfe34e6292aec1397965.jpg 1156w, https:\/\/www.opinionpublica.tv\/portada\/wp-content\/uploads\/2016\/09\/189b404e1cbecfe34e6292aec1397965-300x199.jpg 300w, https:\/\/www.opinionpublica.tv\/portada\/wp-content\/uploads\/2016\/09\/189b404e1cbecfe34e6292aec1397965-1024x680.jpg 1024w, https:\/\/www.opinionpublica.tv\/portada\/wp-content\/uploads\/2016\/09\/189b404e1cbecfe34e6292aec1397965-768x510.jpg 768w\" sizes=\"(max-width: 1156px) 100vw, 1156px\" \/><\/p>\n<p style=\"text-align: justify;\">Los diputados del Congreso del Estado de Chihuahua eligieron al diputado Rodrigo De la Rosa Ram\u00edrez como Presidente del Vig\u00e9simo Segundo Periodo Extraordinario de Sesiones, del Tercer A\u00f1o Legislativo.<\/p>\n<p style=\"text-align: justify;\">Se cit\u00f3 a dicho Periodo Extraordinario, debido a que se requiere la votaci\u00f3n de los diputados de la LXIV Legislatura, para diversos asuntos que las comisiones de Justicia, Desarrollo Rural Integral y de Fiscalizaci\u00f3n; as\u00ed como la Junta de Coordinaci\u00f3n Parlamentaria, ten\u00edan preparados para su respectiva votaci\u00f3n.<\/p>\n<p style=\"text-align: justify;\">A De la Rosa, le acompa\u00f1aron en la Mesa Directiva los diputados: <br \/>1er. Vicepresidente: Gustavo Mart\u00ednez Aguirre<br \/>2do. Vicepresidente: Mayra Guadalupe Ch\u00e1vez Jim\u00e9nez<br \/>1er. Secretaria: Paloma De Jes\u00fas Aguirre Serna<br \/>2do. Secretario: Pedro Adalberto Villalobos Fragoso<br \/>Prosecretarios: Mar\u00eda Elvira Gonz\u00e1lez Anchondo y Fernando Reyes Ram\u00edrez.<\/p>\n","protected":false},"excerpt":{"rendered":"<p>Los diputados del Congreso del Estado de Chihuahua eligieron al diputado Rodrigo De la Rosa Ram\u00edrez como Presidente del Vig\u00e9simo Segundo Periodo Extraordinario de Sesiones, del Tercer A\u00f1o Legislativo. Se cit\u00f3 a dicho Periodo Extraordinario, debido a que se requiere la votaci\u00f3n de los diputados de la LXIV Legislatura, para diversos asuntos que las comisiones [&hellip;]<\/p>\n","protected":false},"author":1,"featured_media":4986,"comment_status":"open","ping_status":"open","sticky":false,"template":"","format":"standard","meta":{"_acf_changed":false,"_monsterinsights_skip_tracking":false,"slim_seo":{"title":"Rinde Protesta Mesa Directiva del Vig\u00e9simo Segundo Periodo Extraordinario de Sesiones - Opini\u00f3n P\u00fablica","description":"Los diputados del Congreso del Estado de Chihuahua eligieron al diputado Rodrigo De la Rosa Ram\u00edrez como Presidente del Vig\u00e9simo Segundo Periodo Extraordinario"},"footnotes":""},"categories":[4],"tags":[],"class_list":["post-4987","post","type-post","status-publish","format-standard","has-post-thumbnail","hentry","category-pulsopolitico"],"acf":[],"_links":{"self":[{"href":"https:\/\/www.opinionpublica.tv\/portada\/wp-json\/wp\/v2\/posts\/4987","targetHints":{"allow":["GET"]}}],"collection":[{"href":"https:\/\/www.opinionpublica.tv\/portada\/wp-json\/wp\/v2\/posts"}],"about":[{"href":"https:\/\/www.opinionpublica.tv\/portada\/wp-json\/wp\/v2\/types\/post"}],"author":[{"embeddable":true,"href":"https:\/\/www.opinionpublica.tv\/portada\/wp-json\/wp\/v2\/users\/1"}],"replies":[{"embeddable":true,"href":"https:\/\/www.opinionpublica.tv\/portada\/wp-json\/wp\/v2\/comments?post=4987"}],"version-history":[{"count":0,"href":"https:\/\/www.opinionpublica.tv\/portada\/wp-json\/wp\/v2\/posts\/4987\/revisions"}],"wp:featuredmedia":[{"embeddable":true,"href":"https:\/\/www.opinionpublica.tv\/portada\/wp-json\/wp\/v2\/media\/4986"}],"wp:attachment":[{"href":"https:\/\/www.opinionpublica.tv\/portada\/wp-json\/wp\/v2\/media?parent=4987"}],"wp:term":[{"taxonomy":"category","embeddable":true,"href":"https:\/\/www.opinionpublica.tv\/portada\/wp-json\/wp\/v2\/categories?post=4987"},{"taxonomy":"post_tag","embeddable":true,"href":"https:\/\/www.opinionpublica.tv\/portada\/wp-json\/wp\/v2\/tags?post=4987"}],"curies":[{"name":"wp","href":"https:\/\/api.w.org\/{rel}","templated":true}]}}