{"id":4985,"date":"2016-09-26T06:00:00","date_gmt":"2016-09-26T04:00:00","guid":{"rendered":"https:\/\/www.opinionpublica.tv\/portada\/2016\/09\/26\/declaran-gobernador-constitucional-electo-a-javier-corral-jurado\/"},"modified":"2016-09-26T06:00:00","modified_gmt":"2016-09-26T04:00:00","slug":"declaran-gobernador-constitucional-electo-a-javier-corral-jurado","status":"publish","type":"post","link":"https:\/\/www.opinionpublica.tv\/portada\/declaran-gobernador-constitucional-electo-a-javier-corral-jurado\/","title":{"rendered":"Declaran Gobernador Constitucional electo a Javier Corral Jurado"},"content":{"rendered":"<p><img fetchpriority=\"high\" decoding=\"async\" class=\" size-full wp-image-4984\" src=\"https:\/\/www.opinionpublica.tv\/portada\/wp-content\/uploads\/2016\/09\/45b7807994cebbc59595eea033fd8210.jpg\" alt=\"\" width=\"275\" height=\"183\" \/><\/p>\n<p style=\"text-align: justify;\">Los diputados de la LXIV Legislatura, aprobaron por unanimidad de votos el Decreto presentado por la Junta de Coordinaci\u00f3n Parlamentaria, en el cual se declara al Licenciado Javier Corral Jurado, electo como Gobernador Constitucional del Estado Libre y Soberano de Chihuahua.<\/p>\n<p style=\"text-align: justify;\">Cabe mencionar que dicho Decreto, surge en virtud de las notificaciones enviadas por el Tribunal Electoral del Poder Judicial de la Federaci\u00f3n, as\u00ed como del Tribunal Estatal Electoral, luego del resultado de la impugnaci\u00f3n y la validez de la elecci\u00f3n realizada el pasado 5 de junio del presente a\u00f1o.<\/p>\n<p style=\"text-align: justify;\">Lo anterior para el periodo comprendido del 04 de octubre del 2016 al 07 de septiembre del 2021.<\/p>\n<p style=\"text-align: justify;\">Por \u00faltimo es importante se\u00f1alar que el acto protocolario de Toma de Protesta, se efectuar\u00e1 el pr\u00f3ximo martes 4 de octubre del 2016, en punto de las once horas en Centro de Convenciones y Exposiciones de Chihuahua, declarado Recinto Oficial del Poder Legislativo, para llevar a cabo la Sesi\u00f3n Solemne correspondiente.<\/p>\n","protected":false},"excerpt":{"rendered":"<p>Los diputados de la LXIV Legislatura, aprobaron por unanimidad de votos el Decreto presentado por la Junta de Coordinaci\u00f3n Parlamentaria, en el cual se declara al Licenciado Javier Corral Jurado, electo como Gobernador Constitucional del Estado Libre y Soberano de Chihuahua. Cabe mencionar que dicho Decreto, surge en virtud de las notificaciones enviadas por el [&hellip;]<\/p>\n","protected":false},"author":1,"featured_media":4984,"comment_status":"open","ping_status":"open","sticky":false,"template":"","format":"standard","meta":{"_acf_changed":false,"_monsterinsights_skip_tracking":false,"slim_seo":{"title":"Declaran Gobernador Constitucional electo a Javier Corral Jurado - Opini\u00f3n P\u00fablica","description":"Los diputados de la LXIV Legislatura, aprobaron por unanimidad de votos el Decreto presentado por la Junta de Coordinaci\u00f3n Parlamentaria, en el cual se declara"},"footnotes":""},"categories":[4],"tags":[],"class_list":["post-4985","post","type-post","status-publish","format-standard","has-post-thumbnail","hentry","category-pulsopolitico"],"acf":[],"_links":{"self":[{"href":"https:\/\/www.opinionpublica.tv\/portada\/wp-json\/wp\/v2\/posts\/4985","targetHints":{"allow":["GET"]}}],"collection":[{"href":"https:\/\/www.opinionpublica.tv\/portada\/wp-json\/wp\/v2\/posts"}],"about":[{"href":"https:\/\/www.opinionpublica.tv\/portada\/wp-json\/wp\/v2\/types\/post"}],"author":[{"embeddable":true,"href":"https:\/\/www.opinionpublica.tv\/portada\/wp-json\/wp\/v2\/users\/1"}],"replies":[{"embeddable":true,"href":"https:\/\/www.opinionpublica.tv\/portada\/wp-json\/wp\/v2\/comments?post=4985"}],"version-history":[{"count":0,"href":"https:\/\/www.opinionpublica.tv\/portada\/wp-json\/wp\/v2\/posts\/4985\/revisions"}],"wp:featuredmedia":[{"embeddable":true,"href":"https:\/\/www.opinionpublica.tv\/portada\/wp-json\/wp\/v2\/media\/4984"}],"wp:attachment":[{"href":"https:\/\/www.opinionpublica.tv\/portada\/wp-json\/wp\/v2\/media?parent=4985"}],"wp:term":[{"taxonomy":"category","embeddable":true,"href":"https:\/\/www.opinionpublica.tv\/portada\/wp-json\/wp\/v2\/categories?post=4985"},{"taxonomy":"post_tag","embeddable":true,"href":"https:\/\/www.opinionpublica.tv\/portada\/wp-json\/wp\/v2\/tags?post=4985"}],"curies":[{"name":"wp","href":"https:\/\/api.w.org\/{rel}","templated":true}]}}