{"id":4983,"date":"2016-09-26T06:00:00","date_gmt":"2016-09-26T04:00:00","guid":{"rendered":"https:\/\/www.opinionpublica.tv\/portada\/2016\/09\/26\/convocan-a-crear-albergue-para-rescate-de-perros-2\/"},"modified":"2016-09-26T06:00:00","modified_gmt":"2016-09-26T04:00:00","slug":"convocan-a-crear-albergue-para-rescate-de-perros-2","status":"publish","type":"post","link":"https:\/\/www.opinionpublica.tv\/portada\/convocan-a-crear-albergue-para-rescate-de-perros-2\/","title":{"rendered":"Convocan a crear albergue para rescate de perros"},"content":{"rendered":"<p><img fetchpriority=\"high\" decoding=\"async\" class=\" size-full wp-image-4982\" src=\"https:\/\/www.opinionpublica.tv\/portada\/wp-content\/uploads\/2016\/09\/9ecbf1c8c26bc12f97f68f11d069a26f.jpg\" alt=\"\" width=\"990\" height=\"768\" srcset=\"https:\/\/www.opinionpublica.tv\/portada\/wp-content\/uploads\/2016\/09\/9ecbf1c8c26bc12f97f68f11d069a26f.jpg 990w, https:\/\/www.opinionpublica.tv\/portada\/wp-content\/uploads\/2016\/09\/9ecbf1c8c26bc12f97f68f11d069a26f-300x233.jpg 300w, https:\/\/www.opinionpublica.tv\/portada\/wp-content\/uploads\/2016\/09\/9ecbf1c8c26bc12f97f68f11d069a26f-768x596.jpg 768w\" sizes=\"(max-width: 990px) 100vw, 990px\" \/><\/p>\n<p style=\"text-align: justify;\">Con el fin de que haya un mejor trato para los perros\u00a0 en situaci\u00f3n de calle, el Municipio lanz\u00f3 hoy una convocatoria a las asociaciones especializadas en el ramo, para la creaci\u00f3n de un albergue especial para su rescate, donando para ello un terreno de entre 2\u00a0 mil y 3 mil 500 metros cuadrados en lugar por definir.\u00a0<\/p>\n<p style=\"text-align: justify;\">Los integrantes de la Comisi\u00f3n de Ecolog\u00eda y Protecci\u00f3n Civil, los regidores Manuel Lucero, Gabriela Guti\u00e9rrez , Rosario Delgado y el Director de Ecolog\u00eda Municipal, C\u00e9sar Ren\u00e9 D\u00edaz, dieron a conocer este proyecto en el que se espera se inscriban varias organizaciones interesadas.<\/p>\n<p style=\"text-align: justify;\">Indicaron que de acuerdo con las bases establecidas, para ser aspirante la asociaci\u00f3n deber\u00e1 encontrarse formalmente constituida ante Notario P\u00fablico, cumpliendo todos requisitos que la legislaci\u00f3n civil establece para tal efecto.<\/p>\n<p style=\"text-align: justify;\">La convocatoria ser\u00e1 publicada en breve.\u00a0<\/p>\n<p style=\"text-align: justify;\">Tambi\u00e9n establece que solo podr\u00e1n participar asociaciones civiles dedicadas al trabajo a favor del bienestar animal, constituidas en el Estado de Chihuahua, las que deber\u00e1n presentar su propuesta por conducto de sus directivos o representante legal.\u00a0<\/p>\n<p style=\"text-align: justify;\">No podr\u00e1n participar personas en car\u00e1cter individual\u00a0<\/p>\n<p style=\"text-align: justify;\">A\u00f1adieron que las personas morales interesadas deber\u00e1n destacar su labor en la defensa de los derechos y situaci\u00f3n de vida de los animales, de tal manera que su objetivo principal consista en la b\u00fasqueda y trabajo constante, para mejorar sus condiciones, procurando su bienestar integral.<\/p>\n<p style=\"text-align: justify;\">Las propuestas deben presentarse por escrito en la oficina del regidor Manuel Lucero Ram\u00edrez,\u00a0 ubicada en el tercer piso, ala sur de la Presidencia Municipal ubicada en Avenida\u00a0 Francisco Villa 950 Norte, en horario de 9 de la ma\u00f1ana a 3 de la tarde.<\/p>\n","protected":false},"excerpt":{"rendered":"<p>Con el fin de que haya un mejor trato para los perros\u00a0 en situaci\u00f3n de calle, el Municipio lanz\u00f3 hoy una convocatoria a las asociaciones especializadas en el ramo, para la creaci\u00f3n de un albergue especial para su rescate, donando para ello un terreno de entre 2\u00a0 mil y 3 mil 500 metros cuadrados en [&hellip;]<\/p>\n","protected":false},"author":1,"featured_media":4982,"comment_status":"open","ping_status":"open","sticky":false,"template":"","format":"standard","meta":{"_acf_changed":false,"_monsterinsights_skip_tracking":false,"slim_seo":{"title":"Convocan a crear albergue para rescate de perros - Opini\u00f3n P\u00fablica","description":"Con el fin de que haya un mejor trato para los perros\u00a0 en situaci\u00f3n de calle, el Municipio lanz\u00f3 hoy una convocatoria a las asociaciones especializadas en el ra"},"footnotes":""},"categories":[5],"tags":[],"class_list":["post-4983","post","type-post","status-publish","format-standard","has-post-thumbnail","hentry","category-frontera"],"acf":[],"_links":{"self":[{"href":"https:\/\/www.opinionpublica.tv\/portada\/wp-json\/wp\/v2\/posts\/4983","targetHints":{"allow":["GET"]}}],"collection":[{"href":"https:\/\/www.opinionpublica.tv\/portada\/wp-json\/wp\/v2\/posts"}],"about":[{"href":"https:\/\/www.opinionpublica.tv\/portada\/wp-json\/wp\/v2\/types\/post"}],"author":[{"embeddable":true,"href":"https:\/\/www.opinionpublica.tv\/portada\/wp-json\/wp\/v2\/users\/1"}],"replies":[{"embeddable":true,"href":"https:\/\/www.opinionpublica.tv\/portada\/wp-json\/wp\/v2\/comments?post=4983"}],"version-history":[{"count":0,"href":"https:\/\/www.opinionpublica.tv\/portada\/wp-json\/wp\/v2\/posts\/4983\/revisions"}],"wp:featuredmedia":[{"embeddable":true,"href":"https:\/\/www.opinionpublica.tv\/portada\/wp-json\/wp\/v2\/media\/4982"}],"wp:attachment":[{"href":"https:\/\/www.opinionpublica.tv\/portada\/wp-json\/wp\/v2\/media?parent=4983"}],"wp:term":[{"taxonomy":"category","embeddable":true,"href":"https:\/\/www.opinionpublica.tv\/portada\/wp-json\/wp\/v2\/categories?post=4983"},{"taxonomy":"post_tag","embeddable":true,"href":"https:\/\/www.opinionpublica.tv\/portada\/wp-json\/wp\/v2\/tags?post=4983"}],"curies":[{"name":"wp","href":"https:\/\/api.w.org\/{rel}","templated":true}]}}