{"id":4979,"date":"2016-09-26T06:00:00","date_gmt":"2016-09-26T04:00:00","guid":{"rendered":"https:\/\/www.opinionpublica.tv\/portada\/2016\/09\/26\/inicia-campana-naranja-en-immuj\/"},"modified":"2016-09-26T06:00:00","modified_gmt":"2016-09-26T04:00:00","slug":"inicia-campana-naranja-en-immuj","status":"publish","type":"post","link":"https:\/\/www.opinionpublica.tv\/portada\/inicia-campana-naranja-en-immuj\/","title":{"rendered":"Inicia campa\u00f1a naranja en IMMUJ"},"content":{"rendered":"<p><img fetchpriority=\"high\" decoding=\"async\" class=\" size-full wp-image-4978\" src=\"https:\/\/www.opinionpublica.tv\/portada\/wp-content\/uploads\/2016\/09\/4cd424ae582c0816d2a216de8e1edde7.jpg\" alt=\"\" width=\"1228\" height=\"820\" srcset=\"https:\/\/www.opinionpublica.tv\/portada\/wp-content\/uploads\/2016\/09\/4cd424ae582c0816d2a216de8e1edde7.jpg 1228w, https:\/\/www.opinionpublica.tv\/portada\/wp-content\/uploads\/2016\/09\/4cd424ae582c0816d2a216de8e1edde7-300x200.jpg 300w, https:\/\/www.opinionpublica.tv\/portada\/wp-content\/uploads\/2016\/09\/4cd424ae582c0816d2a216de8e1edde7-1024x684.jpg 1024w, https:\/\/www.opinionpublica.tv\/portada\/wp-content\/uploads\/2016\/09\/4cd424ae582c0816d2a216de8e1edde7-768x513.jpg 768w\" sizes=\"(max-width: 1228px) 100vw, 1228px\" \/><\/p>\n<p style=\"text-align: justify;\">Esta ma\u00f1ana personal del Instituto Municipal de la Mujer Juarense (IMMUJ) pinto de naranja la Unidad Administrativa de la Presidencia Municipal, como parte de las acciones que cada d\u00eda 25 se realizan a nivel mundial para promover la No la violencia en contra de las mujeres y ni\u00f1as.\u00a0<\/p>\n<p style=\"text-align: justify;\">En punto de las 8 de la ma\u00f1ana, personal del Instituto se reuni\u00f3 a las afueras del edificio ubicado en las calles Francisco Villa y Rivas Guillen para entregar tr\u00edpticos e informaci\u00f3n con el fin de hacer un llamado a la comunidad a poner fin a la violencia en contra de las mujeres.<\/p>\n<p style=\"text-align: justify;\">Bajo el lema \u201c\u00danete Ju\u00e1rez para poner fin a la violencia contra las mujeres, adolescentes y las ni\u00f1as\u201d, se invit\u00f3 a los juarenses a formar parte de esta iniciativa plasmando sus manos pintadas de color naranja sobre una manta, como manifestaci\u00f3n en contra de la violencia.<\/p>\n<p style=\"text-align: justify;\">Fueron arriba de cien personas entre hombres y mujeres que acud\u00edan al inmueble por alg\u00fan motivo, adem\u00e1s de los empleados municipales, que atra\u00eddos por los colores y mensajes del personal del instituto, poco a poco se fueron sumando a esta iniciativa.<\/p>\n<p style=\"text-align: justify;\">No tardo mucho tiempo\u00a0 en correrse la voz,\u00a0 luego de saber de qu\u00e9 se trataba la actividad, las mismas personas que acudieron en un inicio, se encargaron de atraer m\u00e1s gente para que se sumara y sobre todo de informar sobre esta campa\u00f1a.<\/p>\n<p style=\"text-align: justify;\">Martha Patricia Barraza de Anda, directora del instituto, manifest\u00f3 que estas actividades se realizan desde hace dos a\u00f1os con la finalidad de sensibilizar, informar, persuadir y motivar sobre los cambios de comportamiento en la poblaci\u00f3n juarense y que contribuya a erradicar la violencia en contra de las ni\u00f1as, adolescentes y mujeres adultas.<\/p>\n<p>\u00a0<\/p>\n","protected":false},"excerpt":{"rendered":"<p>Esta ma\u00f1ana personal del Instituto Municipal de la Mujer Juarense (IMMUJ) pinto de naranja la Unidad Administrativa de la Presidencia Municipal, como parte de las acciones que cada d\u00eda 25 se realizan a nivel mundial para promover la No la violencia en contra de las mujeres y ni\u00f1as.\u00a0 En punto de las 8 de la [&hellip;]<\/p>\n","protected":false},"author":1,"featured_media":4978,"comment_status":"open","ping_status":"open","sticky":false,"template":"","format":"standard","meta":{"_acf_changed":false,"_monsterinsights_skip_tracking":false,"slim_seo":{"title":"Inicia campa\u00f1a naranja en IMMUJ - Opini\u00f3n P\u00fablica","description":"Esta ma\u00f1ana personal del Instituto Municipal de la Mujer Juarense (IMMUJ) pinto de naranja la Unidad Administrativa de la Presidencia Municipal, como parte de l"},"footnotes":""},"categories":[5],"tags":[],"class_list":["post-4979","post","type-post","status-publish","format-standard","has-post-thumbnail","hentry","category-frontera"],"acf":[],"_links":{"self":[{"href":"https:\/\/www.opinionpublica.tv\/portada\/wp-json\/wp\/v2\/posts\/4979","targetHints":{"allow":["GET"]}}],"collection":[{"href":"https:\/\/www.opinionpublica.tv\/portada\/wp-json\/wp\/v2\/posts"}],"about":[{"href":"https:\/\/www.opinionpublica.tv\/portada\/wp-json\/wp\/v2\/types\/post"}],"author":[{"embeddable":true,"href":"https:\/\/www.opinionpublica.tv\/portada\/wp-json\/wp\/v2\/users\/1"}],"replies":[{"embeddable":true,"href":"https:\/\/www.opinionpublica.tv\/portada\/wp-json\/wp\/v2\/comments?post=4979"}],"version-history":[{"count":0,"href":"https:\/\/www.opinionpublica.tv\/portada\/wp-json\/wp\/v2\/posts\/4979\/revisions"}],"wp:featuredmedia":[{"embeddable":true,"href":"https:\/\/www.opinionpublica.tv\/portada\/wp-json\/wp\/v2\/media\/4978"}],"wp:attachment":[{"href":"https:\/\/www.opinionpublica.tv\/portada\/wp-json\/wp\/v2\/media?parent=4979"}],"wp:term":[{"taxonomy":"category","embeddable":true,"href":"https:\/\/www.opinionpublica.tv\/portada\/wp-json\/wp\/v2\/categories?post=4979"},{"taxonomy":"post_tag","embeddable":true,"href":"https:\/\/www.opinionpublica.tv\/portada\/wp-json\/wp\/v2\/tags?post=4979"}],"curies":[{"name":"wp","href":"https:\/\/api.w.org\/{rel}","templated":true}]}}