{"id":4977,"date":"2016-09-26T06:00:00","date_gmt":"2016-09-26T04:00:00","guid":{"rendered":"https:\/\/www.opinionpublica.tv\/portada\/2016\/09\/26\/reconoce-cce-a-presidente-municipal\/"},"modified":"2016-09-26T06:00:00","modified_gmt":"2016-09-26T04:00:00","slug":"reconoce-cce-a-presidente-municipal","status":"publish","type":"post","link":"https:\/\/www.opinionpublica.tv\/portada\/reconoce-cce-a-presidente-municipal\/","title":{"rendered":"Reconoce CCE a presidente municipal"},"content":{"rendered":"<p><img fetchpriority=\"high\" decoding=\"async\" class=\" size-full wp-image-4976\" src=\"https:\/\/www.opinionpublica.tv\/portada\/wp-content\/uploads\/2016\/09\/29642a1d30cebf98734fb424b2b1316b.jpg\" alt=\"\" width=\"1228\" height=\"821\" srcset=\"https:\/\/www.opinionpublica.tv\/portada\/wp-content\/uploads\/2016\/09\/29642a1d30cebf98734fb424b2b1316b.jpg 1228w, https:\/\/www.opinionpublica.tv\/portada\/wp-content\/uploads\/2016\/09\/29642a1d30cebf98734fb424b2b1316b-300x201.jpg 300w, https:\/\/www.opinionpublica.tv\/portada\/wp-content\/uploads\/2016\/09\/29642a1d30cebf98734fb424b2b1316b-1024x685.jpg 1024w, https:\/\/www.opinionpublica.tv\/portada\/wp-content\/uploads\/2016\/09\/29642a1d30cebf98734fb424b2b1316b-768x513.jpg 768w\" sizes=\"(max-width: 1228px) 100vw, 1228px\" \/><\/p>\n<div style=\"text-align: justify;\"><span lang=\"ES-MX\">Por el trabajo que ha realizado durante este tiempo, el compromiso, la responsabilidad y el dejar huella en Ju\u00e1rez, esta ma\u00f1ana el Presidente Municipal, Javier Gonz\u00e1lez Mocken fue reconocido por quienes integran el Consejo Coordinador Empresarial (CCE).<u><\/u><u><\/u><\/span><\/div>\n<div style=\"text-align: justify;\"><span lang=\"ES-MX\">\u00a0<\/span><\/div>\n<div style=\"text-align: justify;\"><span lang=\"ES-MX\">\u201cAgradezco que todos los empresarios dirigentes de las 14 organizaciones hayan hecho patente la felicitaci\u00f3n a mi persona por el trabajo realizado como Presidente Municipal, es a la labor que ha hecho el gobierno\u201d, se\u00f1al\u00f3 el alcalde.<u><\/u><u><\/u><\/span><\/div>\n<div style=\"text-align: justify;\"><span lang=\"ES-MX\"><u><\/u>\u00a0<u><\/u><\/span><\/div>\n<div style=\"text-align: justify;\"><span lang=\"ES-MX\">Durante una reuni\u00f3n que sostuvo con los empresarios, estos indicaron que la menci\u00f3n fue al esfuerzo y a la dedicaci\u00f3n del edil durante su gerencia, pero especialmente por haber optado en dejar huella.<u><\/u><u><\/u><\/span><\/div>\n<div style=\"text-align: justify;\"><span lang=\"ES-MX\"><u><\/u>\u00a0<u><\/u><\/span><\/div>\n<div style=\"text-align: justify;\"><span lang=\"ES-MX\">En el evento estuvieron presentes quienes integran las c\u00e1maras empresariales, los cuales sostuvieron una pl\u00e1tica con el Presidente Municipal a fin de conocer los proyectos que quedan pendientes por realizar en la ciudad.<u><\/u><u><\/u><\/span><\/div>\n<div style=\"text-align: justify;\"><span lang=\"ES-MX\"><u><\/u>\u00a0<u><\/u><\/span><\/div>\n<div style=\"text-align: justify;\"><span lang=\"ES-MX\">Gonz\u00e1lez Mocken explic\u00f3 que su gobierno deja una administraci\u00f3n sana, ordenada y con recursos que permitir\u00e1n cubrir las necesidades hasta el mes de enero cuando inicien las recaudaciones por el impuesto predial.<\/span><\/div>\n","protected":false},"excerpt":{"rendered":"<p>Por el trabajo que ha realizado durante este tiempo, el compromiso, la responsabilidad y el dejar huella en Ju\u00e1rez, esta ma\u00f1ana el Presidente Municipal, Javier Gonz\u00e1lez Mocken fue reconocido por quienes integran el Consejo Coordinador Empresarial (CCE). \u00a0 \u201cAgradezco que todos los empresarios dirigentes de las 14 organizaciones hayan hecho patente la felicitaci\u00f3n a mi [&hellip;]<\/p>\n","protected":false},"author":1,"featured_media":4976,"comment_status":"open","ping_status":"open","sticky":false,"template":"","format":"standard","meta":{"_acf_changed":false,"_monsterinsights_skip_tracking":false,"slim_seo":{"title":"Reconoce CCE a presidente municipal - Opini\u00f3n P\u00fablica","description":"Por el trabajo que ha realizado durante este tiempo, el compromiso, la responsabilidad y el dejar huella en Ju\u00e1rez, esta ma\u00f1ana el Presidente Municipal, Javier"},"footnotes":""},"categories":[5],"tags":[],"class_list":["post-4977","post","type-post","status-publish","format-standard","has-post-thumbnail","hentry","category-frontera"],"acf":[],"_links":{"self":[{"href":"https:\/\/www.opinionpublica.tv\/portada\/wp-json\/wp\/v2\/posts\/4977","targetHints":{"allow":["GET"]}}],"collection":[{"href":"https:\/\/www.opinionpublica.tv\/portada\/wp-json\/wp\/v2\/posts"}],"about":[{"href":"https:\/\/www.opinionpublica.tv\/portada\/wp-json\/wp\/v2\/types\/post"}],"author":[{"embeddable":true,"href":"https:\/\/www.opinionpublica.tv\/portada\/wp-json\/wp\/v2\/users\/1"}],"replies":[{"embeddable":true,"href":"https:\/\/www.opinionpublica.tv\/portada\/wp-json\/wp\/v2\/comments?post=4977"}],"version-history":[{"count":0,"href":"https:\/\/www.opinionpublica.tv\/portada\/wp-json\/wp\/v2\/posts\/4977\/revisions"}],"wp:featuredmedia":[{"embeddable":true,"href":"https:\/\/www.opinionpublica.tv\/portada\/wp-json\/wp\/v2\/media\/4976"}],"wp:attachment":[{"href":"https:\/\/www.opinionpublica.tv\/portada\/wp-json\/wp\/v2\/media?parent=4977"}],"wp:term":[{"taxonomy":"category","embeddable":true,"href":"https:\/\/www.opinionpublica.tv\/portada\/wp-json\/wp\/v2\/categories?post=4977"},{"taxonomy":"post_tag","embeddable":true,"href":"https:\/\/www.opinionpublica.tv\/portada\/wp-json\/wp\/v2\/tags?post=4977"}],"curies":[{"name":"wp","href":"https:\/\/api.w.org\/{rel}","templated":true}]}}