{"id":4975,"date":"2016-09-26T06:00:00","date_gmt":"2016-09-26T04:00:00","guid":{"rendered":"https:\/\/www.opinionpublica.tv\/portada\/2016\/09\/26\/eu-no-cumplira-reducciones-de-carbon\/"},"modified":"2016-09-26T06:00:00","modified_gmt":"2016-09-26T04:00:00","slug":"eu-no-cumplira-reducciones-de-carbon","status":"publish","type":"post","link":"https:\/\/www.opinionpublica.tv\/portada\/eu-no-cumplira-reducciones-de-carbon\/","title":{"rendered":"EU no cumplir\u00e1 reducciones de carb\u00f3n"},"content":{"rendered":"<p><img fetchpriority=\"high\" decoding=\"async\" class=\" size-full wp-image-4974\" src=\"https:\/\/www.opinionpublica.tv\/portada\/wp-content\/uploads\/2016\/09\/0a8bfff05d3e75706de508cd531e2847.jpg\" alt=\"\" width=\"615\" height=\"345\" srcset=\"https:\/\/www.opinionpublica.tv\/portada\/wp-content\/uploads\/2016\/09\/0a8bfff05d3e75706de508cd531e2847.jpg 615w, https:\/\/www.opinionpublica.tv\/portada\/wp-content\/uploads\/2016\/09\/0a8bfff05d3e75706de508cd531e2847-300x168.jpg 300w\" sizes=\"(max-width: 615px) 100vw, 615px\" \/><\/p>\n<p style=\"text-align: justify;\">Si Estados Unidos no realiza un esfuerzo mayor, probablemente no cumplir\u00e1 sus objetivos del acuerdo de Par\u00eds de reducir dr\u00e1sticamente las emisiones de gases que atrapan el calor, de acuerdo con un estudio nuevo.<\/p>\n<p style=\"text-align: justify;\">Washington se comprometi\u00f3 a reducir sus emisiones de gas de invernadero para 2025 a 26 a 28% por debajo de los niveles de 2005. Pero en vista de los esfuerzos actuales de gobiernos estatales y locales, la naci\u00f3n alcanzar\u00e1 apenas las cuatro quintas partes del objetivo, de acuerdo con un art\u00edculo en la edici\u00f3n del lunes de Nature Climate Change.<\/p>\n<p style=\"text-align: justify;\">Estudiando todos los tipos de gases de invernadero emitidos por fuentes energ\u00e9ticas y de otro tipo \u2014di\u00f3xido de carbono, metano, \u00f3xido nitroso y diversos fluorocarbonos\u2014 dos cient\u00edficos del Laboratorio Nacional Lawrence Berkeley del Departamento de Energ\u00eda calculan que Estados Unidos tendr\u00e1 que reducir unas 1.510 toneladas de emisiones anuales. Pero las pol\u00edticas vigentes, propuestas y poco concretas las reducir\u00edan en 1.330 millones de toneladas, lo cual dejar\u00eda un d\u00e9ficit de 299 millones de toneladas.<\/p>\n<p style=\"text-align: justify;\">Las cifras tienen m\u00e1rgenes de error de cientos de millones de toneladas.<\/p>\n<p style=\"text-align: justify;\">\u00abNo podemos alcanzar el objetivo con nuestras pol\u00edticas vigentes\u00bb, dijo el autor principal del estudio, Jeffrey Greenblatt, un cient\u00edfico jer\u00e1rquico en el laboratorio. \u00abNo alcanzaremos el objetivo si no se toman m\u00e1s medidas\u00bb.<\/p>\n<p style=\"text-align: justify;\">Eso no significa que Estados Unidos no puede alcanzar el objetivo, sino que puede lograrlo tomando m\u00e1s medidas, dijo Greenblatt.<\/p>\n<p style=\"text-align: justify;\">La mayor reducci\u00f3n calculada por Greenblatt y su colega Max Wei provendr\u00eda del plan del gobierno de Barack Obama de reducir la contaminaci\u00f3n con carb\u00f3n de las usinas el\u00e9ctricas. Pero las cortes han suspendido la aplicaci\u00f3n del plan. Si no entra en vigor, a Estados Unidos le resultar\u00e1 a\u00fan m\u00e1s dif\u00edcil alcanzar su objetivo de Par\u00eds. Donald Trump y los republicanos han jurado derogar ese plan si ganan las elecciones.<\/p>\n<p style=\"text-align: justify;\">Greenblatt y Wei dicen que ese plan es importante, pero no suficiente.<\/p>\n<p style=\"text-align: justify;\">Entonces, \u00bfc\u00f3mo se ha de alcanzar el objetivo? Los autores estudiaron una docena de variantes, ninguna de las cuales por s\u00ed sola producir\u00eda grandes reducciones.<\/p>\n<p style=\"text-align: justify;\">\u00abCreo que se llegar\u00e1 con la suma de una serie de esfuerzos menores\u00bb, dijo Greenblatt.<\/p>\n<p>\u00a0<\/p>\n<p>Informaci\u00f3n<\/p>\n<p>Nature Climate Change: http:\/\/www.nature.com\/nclimate<\/p>\n","protected":false},"excerpt":{"rendered":"<p>Si Estados Unidos no realiza un esfuerzo mayor, probablemente no cumplir\u00e1 sus objetivos del acuerdo de Par\u00eds de reducir dr\u00e1sticamente las emisiones de gases que atrapan el calor, de acuerdo con un estudio nuevo. Washington se comprometi\u00f3 a reducir sus emisiones de gas de invernadero para 2025 a 26 a 28% por debajo de los [&hellip;]<\/p>\n","protected":false},"author":1,"featured_media":4974,"comment_status":"open","ping_status":"open","sticky":false,"template":"","format":"standard","meta":{"_acf_changed":false,"_monsterinsights_skip_tracking":false,"slim_seo":{"title":"EU no cumplir\u00e1 reducciones de carb\u00f3n - Opini\u00f3n P\u00fablica","description":"Si Estados Unidos no realiza un esfuerzo mayor, probablemente no cumplir\u00e1 sus objetivos del acuerdo de Par\u00eds de reducir dr\u00e1sticamente las emisiones de gases que"},"footnotes":""},"categories":[24],"tags":[],"class_list":["post-4975","post","type-post","status-publish","format-standard","has-post-thumbnail","hentry","category-estados-unidos"],"acf":[],"_links":{"self":[{"href":"https:\/\/www.opinionpublica.tv\/portada\/wp-json\/wp\/v2\/posts\/4975","targetHints":{"allow":["GET"]}}],"collection":[{"href":"https:\/\/www.opinionpublica.tv\/portada\/wp-json\/wp\/v2\/posts"}],"about":[{"href":"https:\/\/www.opinionpublica.tv\/portada\/wp-json\/wp\/v2\/types\/post"}],"author":[{"embeddable":true,"href":"https:\/\/www.opinionpublica.tv\/portada\/wp-json\/wp\/v2\/users\/1"}],"replies":[{"embeddable":true,"href":"https:\/\/www.opinionpublica.tv\/portada\/wp-json\/wp\/v2\/comments?post=4975"}],"version-history":[{"count":0,"href":"https:\/\/www.opinionpublica.tv\/portada\/wp-json\/wp\/v2\/posts\/4975\/revisions"}],"wp:featuredmedia":[{"embeddable":true,"href":"https:\/\/www.opinionpublica.tv\/portada\/wp-json\/wp\/v2\/media\/4974"}],"wp:attachment":[{"href":"https:\/\/www.opinionpublica.tv\/portada\/wp-json\/wp\/v2\/media?parent=4975"}],"wp:term":[{"taxonomy":"category","embeddable":true,"href":"https:\/\/www.opinionpublica.tv\/portada\/wp-json\/wp\/v2\/categories?post=4975"},{"taxonomy":"post_tag","embeddable":true,"href":"https:\/\/www.opinionpublica.tv\/portada\/wp-json\/wp\/v2\/tags?post=4975"}],"curies":[{"name":"wp","href":"https:\/\/api.w.org\/{rel}","templated":true}]}}