{"id":4973,"date":"2016-09-26T06:00:00","date_gmt":"2016-09-26T04:00:00","guid":{"rendered":"https:\/\/www.opinionpublica.tv\/portada\/2016\/09\/26\/practicar-ejercicio-ayuda-a-combatir-depresion-imss\/"},"modified":"2016-09-26T06:00:00","modified_gmt":"2016-09-26T04:00:00","slug":"practicar-ejercicio-ayuda-a-combatir-depresion-imss","status":"publish","type":"post","link":"https:\/\/www.opinionpublica.tv\/portada\/practicar-ejercicio-ayuda-a-combatir-depresion-imss\/","title":{"rendered":"Practicar ejercicio ayuda a combatir depresi\u00f3n: IMSS"},"content":{"rendered":"<p><img fetchpriority=\"high\" decoding=\"async\" class=\" size-full wp-image-4972\" src=\"https:\/\/www.opinionpublica.tv\/portada\/wp-content\/uploads\/2016\/09\/3848704bfdccca7ac705d57409ed29d4.jpg\" alt=\"\" width=\"750\" height=\"500\" srcset=\"https:\/\/www.opinionpublica.tv\/portada\/wp-content\/uploads\/2016\/09\/3848704bfdccca7ac705d57409ed29d4.jpg 750w, https:\/\/www.opinionpublica.tv\/portada\/wp-content\/uploads\/2016\/09\/3848704bfdccca7ac705d57409ed29d4-300x200.jpg 300w\" sizes=\"(max-width: 750px) 100vw, 750px\" \/><\/p>\n<p style=\"text-align: justify;\">Realizar cualquier tipo de ejercicio f\u00edsico o simplemente caminar 30 minutos diarios, tres veces a la semana, como m\u00ednimo, es esencial para liberar el estr\u00e9s y mejorar el estado de \u00e1nimo que producen los actuales estilos de vida.<\/p>\n<p style=\"text-align: justify;\">Las personas con estado depresivo que realizan alg\u00fan tipo de actividad f\u00edsica tienen la probabilidad de disminuir las reca\u00eddas, a diferencia de aquellos con sedentarismo que son las que con mayor frecuencia recaen, as\u00ed es que \u201cel ejercicio f\u00edsico hace que el pensamiento se dirija a otro nivel y se encuentre confort emocional\u201d<\/p>\n<p style=\"text-align: justify;\">As\u00ed lo dio a conocer el doctor Ismael Rodr\u00edguez Ch\u00e1vez, coordinador auxiliar de salud P\u00fablica del IMSS en Chihuahua, quien describi\u00f3 la depresi\u00f3n como una enfermedad que no distingue g\u00e9nero, raza, ni condici\u00f3n social; Se caracteriza por la afectaci\u00f3n al estado de\u00a0\u00e1nimo y al comportamiento o forma de pensar, y en algunos casos puede afectar las funciones emocionales y f\u00edsicas de quien la padece<\/p>\n<p style=\"text-align: justify;\">El galeno, mencion\u00f3 que la depresi\u00f3n implica manifestaciones negativas como son:<\/p>\n<p style=\"text-align: justify;\">\u2022 \u00c1nimo abatido<br \/>\u2022 Sentimientos negativos hacia s\u00ed mismo<br \/>\u2022 Insatisfacci\u00f3n<br \/>\u2022 Indiferencia afectiva<br \/>\u2022 Llantos sin raz\u00f3n<br \/>\u2022 P\u00e9rdida del sentido del humor<br \/>\u2022 Des\u00f3rdenes alimenticios, entre otros.<\/p>\n<p style=\"text-align: justify;\">Por lo anterior, el especialista explic\u00f3 que el ejercicio es una buena forma de abatir la depresi\u00f3n, porque cuando tenemos actividad f\u00edsica las gl\u00e1ndulas del cuerpo liberan hormonas como la adrenalina y endorfinas, sustancias naturales que generan sensaciones placenteras y de bienestar para el organismo.<\/p>\n<p style=\"text-align: justify;\">En este sentido, Rodr\u00edguez Ch\u00e1vez recomend\u00f3 hacer ejercicio durante 30 minutos, tres veces a la semana como m\u00ednimo, con la finalidad de que el estr\u00e9s \u00f3 la depresi\u00f3n salgan poco a poco de la vida cotidiana, sea m\u00e1s llevadero el d\u00eda a d\u00eda, as\u00ed como fortalecer gradualmente su cuerpo y mejorar aspecto f\u00edsico.<\/p>\n<p style=\"text-align: justify;\">Asimismo, exhort\u00f3 a acudir a la Unidad de Medicina Familiar (UMF) de adscripci\u00f3n en caso de presentar los s\u00edntomas antes mencionados, y que sumado al ejercicio habitual, el m\u00e9dico realice un diagn\u00f3stico certero del problema y de ser necesario aplique los tratamientos complementarios para mejorar la calidad de vida.<\/p>\n<p style=\"text-align: justify;\">El Monetario<\/p>\n","protected":false},"excerpt":{"rendered":"<p>Realizar cualquier tipo de ejercicio f\u00edsico o simplemente caminar 30 minutos diarios, tres veces a la semana, como m\u00ednimo, es esencial para liberar el estr\u00e9s y mejorar el estado de \u00e1nimo que producen los actuales estilos de vida. Las personas con estado depresivo que realizan alg\u00fan tipo de actividad f\u00edsica tienen la probabilidad de disminuir [&hellip;]<\/p>\n","protected":false},"author":1,"featured_media":4972,"comment_status":"open","ping_status":"open","sticky":false,"template":"","format":"standard","meta":{"_acf_changed":false,"_monsterinsights_skip_tracking":false,"slim_seo":{"title":"Practicar ejercicio ayuda a combatir depresi\u00f3n: IMSS - Opini\u00f3n P\u00fablica","description":"Realizar cualquier tipo de ejercicio f\u00edsico o simplemente caminar 30 minutos diarios, tres veces a la semana, como m\u00ednimo, es esencial para liberar el estr\u00e9s y"},"footnotes":""},"categories":[4],"tags":[],"class_list":["post-4973","post","type-post","status-publish","format-standard","has-post-thumbnail","hentry","category-pulsopolitico"],"acf":[],"_links":{"self":[{"href":"https:\/\/www.opinionpublica.tv\/portada\/wp-json\/wp\/v2\/posts\/4973","targetHints":{"allow":["GET"]}}],"collection":[{"href":"https:\/\/www.opinionpublica.tv\/portada\/wp-json\/wp\/v2\/posts"}],"about":[{"href":"https:\/\/www.opinionpublica.tv\/portada\/wp-json\/wp\/v2\/types\/post"}],"author":[{"embeddable":true,"href":"https:\/\/www.opinionpublica.tv\/portada\/wp-json\/wp\/v2\/users\/1"}],"replies":[{"embeddable":true,"href":"https:\/\/www.opinionpublica.tv\/portada\/wp-json\/wp\/v2\/comments?post=4973"}],"version-history":[{"count":0,"href":"https:\/\/www.opinionpublica.tv\/portada\/wp-json\/wp\/v2\/posts\/4973\/revisions"}],"wp:featuredmedia":[{"embeddable":true,"href":"https:\/\/www.opinionpublica.tv\/portada\/wp-json\/wp\/v2\/media\/4972"}],"wp:attachment":[{"href":"https:\/\/www.opinionpublica.tv\/portada\/wp-json\/wp\/v2\/media?parent=4973"}],"wp:term":[{"taxonomy":"category","embeddable":true,"href":"https:\/\/www.opinionpublica.tv\/portada\/wp-json\/wp\/v2\/categories?post=4973"},{"taxonomy":"post_tag","embeddable":true,"href":"https:\/\/www.opinionpublica.tv\/portada\/wp-json\/wp\/v2\/tags?post=4973"}],"curies":[{"name":"wp","href":"https:\/\/api.w.org\/{rel}","templated":true}]}}