{"id":4967,"date":"2016-09-26T06:00:00","date_gmt":"2016-09-26T04:00:00","guid":{"rendered":"https:\/\/www.opinionpublica.tv\/portada\/2016\/09\/26\/50-por-ciento-de-probabilidad-de-lluvias-en-la-frontera\/"},"modified":"2016-09-26T06:00:00","modified_gmt":"2016-09-26T04:00:00","slug":"50-por-ciento-de-probabilidad-de-lluvias-en-la-frontera","status":"publish","type":"post","link":"https:\/\/www.opinionpublica.tv\/portada\/50-por-ciento-de-probabilidad-de-lluvias-en-la-frontera\/","title":{"rendered":"50 por ciento de probabilidad de lluvias en la frontera"},"content":{"rendered":"<p><img fetchpriority=\"high\" decoding=\"async\" class=\" size-full wp-image-4966\" src=\"https:\/\/www.opinionpublica.tv\/portada\/wp-content\/uploads\/2016\/09\/442f4bdcef68f28f8c156fba36469dbe.jpg\" alt=\"\" width=\"1228\" height=\"819\" srcset=\"https:\/\/www.opinionpublica.tv\/portada\/wp-content\/uploads\/2016\/09\/442f4bdcef68f28f8c156fba36469dbe.jpg 1228w, https:\/\/www.opinionpublica.tv\/portada\/wp-content\/uploads\/2016\/09\/442f4bdcef68f28f8c156fba36469dbe-300x200.jpg 300w, https:\/\/www.opinionpublica.tv\/portada\/wp-content\/uploads\/2016\/09\/442f4bdcef68f28f8c156fba36469dbe-1024x683.jpg 1024w, https:\/\/www.opinionpublica.tv\/portada\/wp-content\/uploads\/2016\/09\/442f4bdcef68f28f8c156fba36469dbe-768x512.jpg 768w\" sizes=\"(max-width: 1228px) 100vw, 1228px\" \/><\/p>\n<p style=\"text-align: justify;\">Fuertes vientos, probabilidad de precipitaciones, as\u00ed como un ligero descenso en la temperatura forma parte del pron\u00f3stico del clima para esta semana en la regi\u00f3n juarense.\u00a0<\/p>\n<p style=\"text-align: justify;\">De acuerdo con la informaci\u00f3n dada conocer por el director general de Protecci\u00f3n Civil Municipal, Efr\u00e9n Matamoros Barraza, este lunes se espera un cielo mayormente nublado, adem\u00e1s de una un 50 por ciento de probabilidad de \u00a0precipitaciones pluviales.<\/p>\n<p style=\"text-align: justify;\">Los vientos se esperan provenientes del este con una velocidad de 50 a 54 kil\u00f3metros por hora y r\u00e1fagas de hasta 77, sin embargo esta velocidad descender\u00e1 durante el d\u00eda hasta los 27, explic\u00f3.<\/p>\n<p style=\"text-align: justify;\">El funcionario agreg\u00f3 que la temperatura m\u00e1xima este d\u00eda ser\u00e1 de 18 grados cent\u00edgrados, mientras que la m\u00ednima se presentara en los 13.<\/p>\n<p style=\"text-align: justify;\">\u00a0Dijo tambi\u00e9n que seg\u00fan el reporte emitido por el Sistema Meteorol\u00f3gico Nacional\u00a0 para este martes la probabilidad de lluvia desciende a un 20 por ciento durante todo el d\u00eda, con bien tos en calma y la temperatura m\u00e1xima ser\u00e1 de 22 grados cent\u00edgrados por el d\u00eda y por la noche la m\u00ednima de 14.<\/p>\n","protected":false},"excerpt":{"rendered":"<p>Fuertes vientos, probabilidad de precipitaciones, as\u00ed como un ligero descenso en la temperatura forma parte del pron\u00f3stico del clima para esta semana en la regi\u00f3n juarense.\u00a0 De acuerdo con la informaci\u00f3n dada conocer por el director general de Protecci\u00f3n Civil Municipal, Efr\u00e9n Matamoros Barraza, este lunes se espera un cielo mayormente nublado, adem\u00e1s de una [&hellip;]<\/p>\n","protected":false},"author":1,"featured_media":4966,"comment_status":"open","ping_status":"open","sticky":false,"template":"","format":"standard","meta":{"_acf_changed":false,"_monsterinsights_skip_tracking":false,"slim_seo":{"title":"50 por ciento de probabilidad de lluvias en la frontera - Opini\u00f3n P\u00fablica","description":"Fuertes vientos, probabilidad de precipitaciones, as\u00ed como un ligero descenso en la temperatura forma parte del pron\u00f3stico del clima para esta semana en la regi"},"footnotes":""},"categories":[5],"tags":[],"class_list":["post-4967","post","type-post","status-publish","format-standard","has-post-thumbnail","hentry","category-frontera"],"acf":[],"_links":{"self":[{"href":"https:\/\/www.opinionpublica.tv\/portada\/wp-json\/wp\/v2\/posts\/4967","targetHints":{"allow":["GET"]}}],"collection":[{"href":"https:\/\/www.opinionpublica.tv\/portada\/wp-json\/wp\/v2\/posts"}],"about":[{"href":"https:\/\/www.opinionpublica.tv\/portada\/wp-json\/wp\/v2\/types\/post"}],"author":[{"embeddable":true,"href":"https:\/\/www.opinionpublica.tv\/portada\/wp-json\/wp\/v2\/users\/1"}],"replies":[{"embeddable":true,"href":"https:\/\/www.opinionpublica.tv\/portada\/wp-json\/wp\/v2\/comments?post=4967"}],"version-history":[{"count":0,"href":"https:\/\/www.opinionpublica.tv\/portada\/wp-json\/wp\/v2\/posts\/4967\/revisions"}],"wp:featuredmedia":[{"embeddable":true,"href":"https:\/\/www.opinionpublica.tv\/portada\/wp-json\/wp\/v2\/media\/4966"}],"wp:attachment":[{"href":"https:\/\/www.opinionpublica.tv\/portada\/wp-json\/wp\/v2\/media?parent=4967"}],"wp:term":[{"taxonomy":"category","embeddable":true,"href":"https:\/\/www.opinionpublica.tv\/portada\/wp-json\/wp\/v2\/categories?post=4967"},{"taxonomy":"post_tag","embeddable":true,"href":"https:\/\/www.opinionpublica.tv\/portada\/wp-json\/wp\/v2\/tags?post=4967"}],"curies":[{"name":"wp","href":"https:\/\/api.w.org\/{rel}","templated":true}]}}