{"id":4965,"date":"2016-09-26T06:00:00","date_gmt":"2016-09-26T04:00:00","guid":{"rendered":"https:\/\/www.opinionpublica.tv\/portada\/2016\/09\/26\/video-humanos-son-sospechosos-del-genocidio-de-los-hobbits\/"},"modified":"2016-09-26T06:00:00","modified_gmt":"2016-09-26T04:00:00","slug":"video-humanos-son-sospechosos-del-genocidio-de-los-hobbits","status":"publish","type":"post","link":"https:\/\/www.opinionpublica.tv\/portada\/video-humanos-son-sospechosos-del-genocidio-de-los-hobbits\/","title":{"rendered":"Video: Humanos son sospechosos del genocidio de los \u2018hobbits\u2019"},"content":{"rendered":"<p><img fetchpriority=\"high\" decoding=\"async\" class=\" size-full wp-image-4964\" src=\"https:\/\/www.opinionpublica.tv\/portada\/wp-content\/uploads\/2016\/09\/cbbcf4fa489d61b42aa4a35932850e0b.jpg\" alt=\"\" width=\"516\" height=\"325\" srcset=\"https:\/\/www.opinionpublica.tv\/portada\/wp-content\/uploads\/2016\/09\/cbbcf4fa489d61b42aa4a35932850e0b.jpg 516w, https:\/\/www.opinionpublica.tv\/portada\/wp-content\/uploads\/2016\/09\/cbbcf4fa489d61b42aa4a35932850e0b-300x189.jpg 300w\" sizes=\"(max-width: 516px) 100vw, 516px\" \/><\/p>\n<p style=\"text-align: justify;\">Dientes de seres humanos de 46.000 a\u00f1os de antig\u00fcedad han sido hallados en la cueva de Liang Bua, en la isla indonesia de Flores, hogar en aquellos remotos tiempos del \u2018Homo floresiensis\u2019, una especie de hom\u00ednido al que tanto los cient\u00edficos como la prensa con frecuencia se han referido como los \u2018hobbits\u2019 por su baja estatura, de poco m\u00e1s de un metro.<\/p>\n<p style=\"text-align: justify;\">Un estudio de la edad de los dientes confirma que \u2018Homo sapiens\u2019 pudieron haber convivido en la isla con los \u2018hobbits\u2019, hecho que a\u00f1ade un argumento m\u00e1s a la teor\u00eda de que estos peque\u00f1os humanoides se extinguieron al ser asesinados por nuestros antepasados.<\/p>\n<p style=\"text-align: justify;\">El equipo dirigido por el arque\u00f3logo Thomas Sutikna y el geocron\u00f3logo Richard Roberts, de la Universidad de Wollongong, Australia, inform\u00f3 sobre el descubrimiento de los dientes el 17 de septiembre en la reuni\u00f3n anual de la Sociedad Europea para el Estudio de la Evoluci\u00f3n Humana en Madrid, informa nature.com.<\/p>\n<p style=\"text-align: justify;\">El \u2018Homo floresiensis\u2019 era bastante similar al \u2018Homo sapiens\u2019 en muchos aspectos, ya que andaban en posici\u00f3n vertical y usaban herramientas. Sin embargo su estatura y el tama\u00f1o de su cerebro eran significativamente m\u00e1s reducidos que los de los seres humanos antiguos. Tras el hallazgo en 2003 de restos de 600.000 a\u00f1os de antig\u00fcedad de esta especie, el \u2018Homo floresiensis\u2019 en seguida fue apodado \u2018hobbit\u2019 debido a su baja estatura, pies grandes y otras similitudes con los personajes de Tolkien.<\/p>\n<p style=\"text-align: justify;\">Desde 2003 los cient\u00edficos han estado tratando de determinar la causa de su desaparici\u00f3n y qui\u00e9nes fueron sus antepasados, hasta que un estudio publicado a principios de este a\u00f1o lleg\u00f3 a la conclusi\u00f3n de que estos se extinguieron hace unos 50.000 a\u00f1os.<br \/>Punto y final al misterio del \u2018hobbit\u2019 indonesio<br \/>Ese trabajo, junto con el descubrimiento de los dientes en la cueva Liang Bua, puede demostrar que los seres humanos fueron los responsables de la desaparici\u00f3n de sus \u2018hermanos\u2019 de inferior estatura.<br \/>El hallazgo de los dientes confirma que los humanos estaban en Flores poco despu\u00e9s de la extinci\u00f3n de los \u2018hobbits\u2019 y refuerza la hip\u00f3tesis de que estas dos especies cohabitaron en alg\u00fan momento, as\u00ed como que los seres humanos potencialmente causaron la desaparici\u00f3n del \u2018Homo floresiensis\u2019, posiblemente en competencia por los recursos de la isla.<\/p>\n<p style=\"text-align: justify;\">Los arque\u00f3logos regresar\u00e1n a Flores el pr\u00f3ximo a\u00f1o para llevar a cabo nuevas investigaciones en la cueva.<\/p>\n<p>Fuente: RT<\/p>\n<div class=\"k2_video\"><iframe title=\"Hobbit histories: the origins of Homo floresiensis\" width=\"800\" height=\"450\" src=\"https:\/\/www.youtube.com\/embed\/ewI3i5v0LzE?feature=oembed\" frameborder=\"0\" allow=\"accelerometer; autoplay; clipboard-write; encrypted-media; gyroscope; picture-in-picture; web-share\" referrerpolicy=\"strict-origin-when-cross-origin\" allowfullscreen><\/iframe>\n<\/div>\n","protected":false},"excerpt":{"rendered":"<p>Dientes de seres humanos de 46.000 a\u00f1os de antig\u00fcedad han sido hallados en la cueva de Liang Bua, en la isla indonesia de Flores, hogar en aquellos remotos tiempos del \u2018Homo floresiensis\u2019, una especie de hom\u00ednido al que tanto los cient\u00edficos como la prensa con frecuencia se han referido como los \u2018hobbits\u2019 por su baja [&hellip;]<\/p>\n","protected":false},"author":1,"featured_media":4964,"comment_status":"open","ping_status":"open","sticky":false,"template":"","format":"standard","meta":{"_acf_changed":false,"_monsterinsights_skip_tracking":false,"slim_seo":{"title":"Video: Humanos son sospechosos del genocidio de los \u2018hobbits\u2019 - Opini\u00f3n P\u00fablica","description":"Dientes de seres humanos de 46.000 a\u00f1os de antig\u00fcedad han sido hallados en la cueva de Liang Bua, en la isla indonesia de Flores, hogar en aquellos remotos tiem"},"footnotes":""},"categories":[14],"tags":[],"class_list":["post-4965","post","type-post","status-publish","format-standard","has-post-thumbnail","hentry","category-historias"],"acf":[],"_links":{"self":[{"href":"https:\/\/www.opinionpublica.tv\/portada\/wp-json\/wp\/v2\/posts\/4965","targetHints":{"allow":["GET"]}}],"collection":[{"href":"https:\/\/www.opinionpublica.tv\/portada\/wp-json\/wp\/v2\/posts"}],"about":[{"href":"https:\/\/www.opinionpublica.tv\/portada\/wp-json\/wp\/v2\/types\/post"}],"author":[{"embeddable":true,"href":"https:\/\/www.opinionpublica.tv\/portada\/wp-json\/wp\/v2\/users\/1"}],"replies":[{"embeddable":true,"href":"https:\/\/www.opinionpublica.tv\/portada\/wp-json\/wp\/v2\/comments?post=4965"}],"version-history":[{"count":0,"href":"https:\/\/www.opinionpublica.tv\/portada\/wp-json\/wp\/v2\/posts\/4965\/revisions"}],"wp:featuredmedia":[{"embeddable":true,"href":"https:\/\/www.opinionpublica.tv\/portada\/wp-json\/wp\/v2\/media\/4964"}],"wp:attachment":[{"href":"https:\/\/www.opinionpublica.tv\/portada\/wp-json\/wp\/v2\/media?parent=4965"}],"wp:term":[{"taxonomy":"category","embeddable":true,"href":"https:\/\/www.opinionpublica.tv\/portada\/wp-json\/wp\/v2\/categories?post=4965"},{"taxonomy":"post_tag","embeddable":true,"href":"https:\/\/www.opinionpublica.tv\/portada\/wp-json\/wp\/v2\/tags?post=4965"}],"curies":[{"name":"wp","href":"https:\/\/api.w.org\/{rel}","templated":true}]}}