{"id":49643,"date":"2024-12-19T00:01:00","date_gmt":"2024-12-19T07:01:00","guid":{"rendered":"https:\/\/www.opinionpublica.tv\/portada\/?p=49643"},"modified":"2024-12-18T23:13:37","modified_gmt":"2024-12-19T06:13:37","slug":"confirma-alcalde-perez-cuellar-visita-de-claudia-sheinbaum-a-ciudad-juarez","status":"publish","type":"post","link":"https:\/\/www.opinionpublica.tv\/portada\/confirma-alcalde-perez-cuellar-visita-de-claudia-sheinbaum-a-ciudad-juarez\/","title":{"rendered":"Confirma alcalde P\u00e9rez Cu\u00e9llar visita de presidenta Sheinbaum a Ciudad Ju\u00e1rez"},"content":{"rendered":"\n<figure class=\"wp-block-image size-large\"><img fetchpriority=\"high\" decoding=\"async\" width=\"1024\" height=\"682\" src=\"https:\/\/www.opinionpublica.tv\/portada\/wp-content\/uploads\/2024\/12\/Confirma-alcalde-Perez-Cuellar-visita-de-presidenta-Sheinbaum-a-Ciudad-Juarez-1024x682.jpeg\" alt=\"Confirma Alcalde Pe\u0301rez Cue\u0301llar Visita De Presidenta Sheinbaum A Ciudad Jua\u0301rez\" class=\"wp-image-49646\" srcset=\"https:\/\/www.opinionpublica.tv\/portada\/wp-content\/uploads\/2024\/12\/Confirma-alcalde-Perez-Cuellar-visita-de-presidenta-Sheinbaum-a-Ciudad-Juarez-1024x682.jpeg 1024w, https:\/\/www.opinionpublica.tv\/portada\/wp-content\/uploads\/2024\/12\/Confirma-alcalde-Perez-Cuellar-visita-de-presidenta-Sheinbaum-a-Ciudad-Juarez-300x200.jpeg 300w, https:\/\/www.opinionpublica.tv\/portada\/wp-content\/uploads\/2024\/12\/Confirma-alcalde-Perez-Cuellar-visita-de-presidenta-Sheinbaum-a-Ciudad-Juarez-768x512.jpeg 768w, https:\/\/www.opinionpublica.tv\/portada\/wp-content\/uploads\/2024\/12\/Confirma-alcalde-Perez-Cuellar-visita-de-presidenta-Sheinbaum-a-Ciudad-Juarez-1536x1023.jpeg 1536w, https:\/\/www.opinionpublica.tv\/portada\/wp-content\/uploads\/2024\/12\/Confirma-alcalde-Perez-Cuellar-visita-de-presidenta-Sheinbaum-a-Ciudad-Juarez.jpeg 1600w\" sizes=\"(max-width: 1024px) 100vw, 1024px\" \/><\/figure>\n\n\n\n<p class=\"wp-block-paragraph\"><em>Ciudad Ju\u00e1rez, Chih<\/em>.- El presidente Cruz P\u00e9rez Cu\u00e9llar, habl\u00f3 sobre la pr\u00f3xima visita de la presidenta Claudia Sheinbaum el s\u00e1bado 21 de diciembre.<\/p>\n\n\n\n<p class=\"wp-block-paragraph\">El alcalde dijo que la presidenta viene a la inauguraci\u00f3n del Hospital General Regional del IMSS #2, ubicado en los terrenos del exhip\u00f3dromo.<\/p>\n\n\n\n<p class=\"wp-block-paragraph\">\u00abEn t\u00e9rminos de log\u00edstica, est\u00e1n coordinados con el Gobierno del Estado, y lo que les he hecho saber es que el Gobierno Municipal est\u00e1 listo para cualquier cosa que se necesite y a la orden\u00bb, explic\u00f3 el alcalde.<\/p>\n\n\n\n<p class=\"wp-block-paragraph\">Agreg\u00f3 que la presidenta va primero a Urique, luego sostendr\u00e1 una reuni\u00f3n con la gobernadora, Maru Campos y con su gabinete, el s\u00e1bado estar\u00e1 en Ju\u00e1rez, posteriormente se ir\u00e1 a Sonora.<\/p>\n","protected":false},"excerpt":{"rendered":"<p>Ciudad Ju\u00e1rez, Chih.- El presidente Cruz P\u00e9rez Cu\u00e9llar, habl\u00f3 sobre la pr\u00f3xima visita de la presidenta Claudia Sheinbaum el s\u00e1bado 21 de diciembre. El alcalde dijo que la presidenta viene a la inauguraci\u00f3n del Hospital General Regional del IMSS #2, ubicado en los terrenos del exhip\u00f3dromo. \u00abEn t\u00e9rminos de log\u00edstica, est\u00e1n coordinados con el Gobierno [&hellip;]<\/p>\n","protected":false},"author":6,"featured_media":49646,"comment_status":"open","ping_status":"open","sticky":false,"template":"","format":"standard","meta":{"_acf_changed":false,"_monsterinsights_skip_tracking":false,"slim_seo":{"title":"Confirma alcalde P\u00e9rez Cu\u00e9llar visita de presidenta Sheinbaum a Ciudad Ju\u00e1rez - Opini\u00f3n P\u00fablica","description":"Ciudad Ju\u00e1rez, Chih .- El presidente Cruz P\u00e9rez Cu\u00e9llar, habl\u00f3 sobre la pr\u00f3xima visita de la presidenta Claudia Sheinbaum el s\u00e1bado 21 de diciembre. El alcalde"},"footnotes":""},"categories":[41],"tags":[],"class_list":["post-49643","post","type-post","status-publish","format-standard","has-post-thumbnail","hentry","category-juarez"],"acf":[],"_links":{"self":[{"href":"https:\/\/www.opinionpublica.tv\/portada\/wp-json\/wp\/v2\/posts\/49643","targetHints":{"allow":["GET"]}}],"collection":[{"href":"https:\/\/www.opinionpublica.tv\/portada\/wp-json\/wp\/v2\/posts"}],"about":[{"href":"https:\/\/www.opinionpublica.tv\/portada\/wp-json\/wp\/v2\/types\/post"}],"author":[{"embeddable":true,"href":"https:\/\/www.opinionpublica.tv\/portada\/wp-json\/wp\/v2\/users\/6"}],"replies":[{"embeddable":true,"href":"https:\/\/www.opinionpublica.tv\/portada\/wp-json\/wp\/v2\/comments?post=49643"}],"version-history":[{"count":3,"href":"https:\/\/www.opinionpublica.tv\/portada\/wp-json\/wp\/v2\/posts\/49643\/revisions"}],"predecessor-version":[{"id":49647,"href":"https:\/\/www.opinionpublica.tv\/portada\/wp-json\/wp\/v2\/posts\/49643\/revisions\/49647"}],"wp:featuredmedia":[{"embeddable":true,"href":"https:\/\/www.opinionpublica.tv\/portada\/wp-json\/wp\/v2\/media\/49646"}],"wp:attachment":[{"href":"https:\/\/www.opinionpublica.tv\/portada\/wp-json\/wp\/v2\/media?parent=49643"}],"wp:term":[{"taxonomy":"category","embeddable":true,"href":"https:\/\/www.opinionpublica.tv\/portada\/wp-json\/wp\/v2\/categories?post=49643"},{"taxonomy":"post_tag","embeddable":true,"href":"https:\/\/www.opinionpublica.tv\/portada\/wp-json\/wp\/v2\/tags?post=49643"}],"curies":[{"name":"wp","href":"https:\/\/api.w.org\/{rel}","templated":true}]}}