{"id":49637,"date":"2024-12-19T00:01:00","date_gmt":"2024-12-19T07:01:00","guid":{"rendered":"https:\/\/www.opinionpublica.tv\/portada\/?p=49637"},"modified":"2024-12-18T23:09:32","modified_gmt":"2024-12-19T06:09:32","slug":"concluyen-actividades-en-planteles-de-educacion-basica-regresaran-el-9-de-enero","status":"publish","type":"post","link":"https:\/\/www.opinionpublica.tv\/portada\/concluyen-actividades-en-planteles-de-educacion-basica-regresaran-el-9-de-enero\/","title":{"rendered":"Concluyeron actividades en todos los planteles de Educaci\u00f3n B\u00e1sica"},"content":{"rendered":"\n<figure class=\"wp-block-image size-large\"><img fetchpriority=\"high\" decoding=\"async\" width=\"1024\" height=\"847\" src=\"https:\/\/www.opinionpublica.tv\/portada\/wp-content\/uploads\/2024\/12\/Concluyeron-actividades-en-todos-los-planteles-de-Educacion-Basica-1024x847.jpeg\" alt=\"Concluyeron Actividades En Todos Los Planteles De Educacio\u0301n Ba\u0301sica\" class=\"wp-image-49641\" srcset=\"https:\/\/www.opinionpublica.tv\/portada\/wp-content\/uploads\/2024\/12\/Concluyeron-actividades-en-todos-los-planteles-de-Educacion-Basica-1024x847.jpeg 1024w, https:\/\/www.opinionpublica.tv\/portada\/wp-content\/uploads\/2024\/12\/Concluyeron-actividades-en-todos-los-planteles-de-Educacion-Basica-300x248.jpeg 300w, https:\/\/www.opinionpublica.tv\/portada\/wp-content\/uploads\/2024\/12\/Concluyeron-actividades-en-todos-los-planteles-de-Educacion-Basica-768x635.jpeg 768w, https:\/\/www.opinionpublica.tv\/portada\/wp-content\/uploads\/2024\/12\/Concluyeron-actividades-en-todos-los-planteles-de-Educacion-Basica.jpeg 1289w\" sizes=\"(max-width: 1024px) 100vw, 1024px\" \/><\/figure>\n\n\n\n<p class=\"wp-block-paragraph\"><em>Ciudad Ju\u00e1rez, Chih<\/em>.- La Secretar\u00eda de Educaci\u00f3n y Deporte (SEyD) inform\u00f3 que desde el mi\u00e9rcoles 18 de diciembre concluyeron las clases en los planteles de Educaci\u00f3n B\u00e1sica, lo que marca el inicio del periodo oficial de vacaciones.<\/p>\n\n\n\n<p class=\"wp-block-paragraph\">La suspensi\u00f3n de actividades comprende del 19 de diciembre al 8 de enero; la reanudaci\u00f3n de las mismas es el 9 de enero de 2025.<\/p>\n\n\n\n<p class=\"wp-block-paragraph\">El subsecretario de Educaci\u00f3n B\u00e1sica, Lorenzo Arturo Parga Amado, detall\u00f3 que en lo que respecta al personal educativo, el 6 de enero se impartir\u00e1 un taller intensivo dirigido a directivos; el 7 y 8 de enero habr\u00e1 una capacitaci\u00f3n para docentes.<\/p>\n\n\n\n<p class=\"wp-block-paragraph\">El estado de Chihuahua cuenta con cerca de 5 mil planteles del nivel B\u00e1sico, donde se atiende a 99 mil 541 alumnas y alumnos de Preescolar, 391 mil 346 de Primaria y 181 mil 360 de Secundaria, a los cuales se suman la matr\u00edcula de Educaci\u00f3n Inicial y los centros comunitarios del Conafe, para un total de poco m\u00e1s de 700 mil estudiantes.<\/p>\n\n\n\n<p class=\"wp-block-paragraph\">El funcionario dijo que a pesar de que se tiene una estrecha coordinaci\u00f3n con las \u00e1reas de protecci\u00f3n civil y las corporaciones de seguridad p\u00fablica municipales para el resguardo de las escuelas, es de suma importancia el apoyo de las madres y padres de familia para reportar a las autoridades correspondientes cualquier situaci\u00f3n an\u00f3mala que se detecte en los planteles.<\/p>\n\n\n\n<p class=\"wp-block-paragraph\">El subsecretario manifest\u00f3 que durante este periodo vacacional, el personal educativo y el alumnado disfrutar\u00e1n de las fiestas decembrinas al lado de sus familias, con el fin de \u201crecargar pilas\u201d y reanudar de la mejor manera las actividades durante 2025.<\/p>\n","protected":false},"excerpt":{"rendered":"<p>Ciudad Ju\u00e1rez, Chih.- La Secretar\u00eda de Educaci\u00f3n y Deporte (SEyD) inform\u00f3 que desde el mi\u00e9rcoles 18 de diciembre concluyeron las clases en los planteles de Educaci\u00f3n B\u00e1sica, lo que marca el inicio del periodo oficial de vacaciones. La suspensi\u00f3n de actividades comprende del 19 de diciembre al 8 de enero; la reanudaci\u00f3n de las mismas [&hellip;]<\/p>\n","protected":false},"author":6,"featured_media":49641,"comment_status":"open","ping_status":"open","sticky":false,"template":"","format":"standard","meta":{"_acf_changed":false,"_monsterinsights_skip_tracking":false,"slim_seo":{"title":"Concluyeron actividades en todos los planteles de Educaci\u00f3n B\u00e1sica - Opini\u00f3n P\u00fablica","description":"Ciudad Ju\u00e1rez, Chih .- La Secretar\u00eda de Educaci\u00f3n y Deporte (SEyD) inform\u00f3 que desde el mi\u00e9rcoles 18 de diciembre concluyeron las clases en los planteles de Edu"},"footnotes":""},"categories":[41],"tags":[],"class_list":["post-49637","post","type-post","status-publish","format-standard","has-post-thumbnail","hentry","category-juarez"],"acf":[],"_links":{"self":[{"href":"https:\/\/www.opinionpublica.tv\/portada\/wp-json\/wp\/v2\/posts\/49637","targetHints":{"allow":["GET"]}}],"collection":[{"href":"https:\/\/www.opinionpublica.tv\/portada\/wp-json\/wp\/v2\/posts"}],"about":[{"href":"https:\/\/www.opinionpublica.tv\/portada\/wp-json\/wp\/v2\/types\/post"}],"author":[{"embeddable":true,"href":"https:\/\/www.opinionpublica.tv\/portada\/wp-json\/wp\/v2\/users\/6"}],"replies":[{"embeddable":true,"href":"https:\/\/www.opinionpublica.tv\/portada\/wp-json\/wp\/v2\/comments?post=49637"}],"version-history":[{"count":3,"href":"https:\/\/www.opinionpublica.tv\/portada\/wp-json\/wp\/v2\/posts\/49637\/revisions"}],"predecessor-version":[{"id":49642,"href":"https:\/\/www.opinionpublica.tv\/portada\/wp-json\/wp\/v2\/posts\/49637\/revisions\/49642"}],"wp:featuredmedia":[{"embeddable":true,"href":"https:\/\/www.opinionpublica.tv\/portada\/wp-json\/wp\/v2\/media\/49641"}],"wp:attachment":[{"href":"https:\/\/www.opinionpublica.tv\/portada\/wp-json\/wp\/v2\/media?parent=49637"}],"wp:term":[{"taxonomy":"category","embeddable":true,"href":"https:\/\/www.opinionpublica.tv\/portada\/wp-json\/wp\/v2\/categories?post=49637"},{"taxonomy":"post_tag","embeddable":true,"href":"https:\/\/www.opinionpublica.tv\/portada\/wp-json\/wp\/v2\/tags?post=49637"}],"curies":[{"name":"wp","href":"https:\/\/api.w.org\/{rel}","templated":true}]}}