{"id":49605,"date":"2024-12-19T00:01:00","date_gmt":"2024-12-19T07:01:00","guid":{"rendered":"https:\/\/www.opinionpublica.tv\/portada\/?p=49605"},"modified":"2024-12-18T22:41:26","modified_gmt":"2024-12-19T05:41:26","slug":"49605-2","status":"publish","type":"post","link":"https:\/\/www.opinionpublica.tv\/portada\/49605-2\/","title":{"rendered":"Efem\u00e9rides 19 de diciembre"},"content":{"rendered":"\n<p class=\"wp-block-paragraph\"><em>Un d\u00eda 19 de diciembre como hoy, pero de 1998, la C\u00e1mara de Representantes de Estados Unidos decide por mayor\u00eda someter al presidente Bill Clinton a un proceso de destituci\u00f3n (impeachment) ante el Senado, por perjurio y obstrucci\u00f3n a la Justicia en el \u00abcaso M\u00f3nica Lewinsky\u00bb.<\/em><\/p>\n\n\n\n<figure class=\"wp-block-image size-full\"><img fetchpriority=\"high\" decoding=\"async\" width=\"731\" height=\"411\" src=\"https:\/\/www.opinionpublica.tv\/portada\/wp-content\/uploads\/2024\/12\/Bill-Clinton-impeachment.webp\" alt=\"Bill Clinton Impeachment\" class=\"wp-image-49606\" srcset=\"https:\/\/www.opinionpublica.tv\/portada\/wp-content\/uploads\/2024\/12\/Bill-Clinton-impeachment.webp 731w, https:\/\/www.opinionpublica.tv\/portada\/wp-content\/uploads\/2024\/12\/Bill-Clinton-impeachment-300x169.webp 300w\" sizes=\"(max-width: 731px) 100vw, 731px\" \/><\/figure>\n\n\n\n<p class=\"wp-block-paragraph\"><strong>Otras efem\u00e9rides<\/strong><\/p>\n\n\n\n<p class=\"wp-block-paragraph\">1154.- Enrique II es coronado rey de Inglaterra en la Abad\u00eda de Westminster.<\/p>\n\n\n\n<p class=\"wp-block-paragraph\">1562.- La Batalla de Dreux se convierte en el primer choque de las Guerras de religi\u00f3n de Francia entre hugonotes (protestantes) y cat\u00f3licos.<\/p>\n\n\n\n<p class=\"wp-block-paragraph\">1606.- Una flota integrada por tres nav\u00edos brit\u00e1nicos parte de Londres hacia Am\u00e9rica del Norte, donde fundar\u00e1n el primer asentamiento permanente de la Corona, Jamestown.<\/p>\n\n\n\n<p class=\"wp-block-paragraph\">1863.- Se disputa el primer partido de f\u00fatbol de la historia en el barrio londinense de Mortlake, protagonizado por el Barnes y el Richmond.<\/p>\n\n\n\n<p class=\"wp-block-paragraph\">1907.- La explosi\u00f3n de una mina de carb\u00f3n en Pensilvania (EEUU) causa la muerte de 239 mineros.<\/p>\n\n\n\n<p class=\"wp-block-paragraph\">1912.- El capit\u00e1n William H. Van Schaick es indultado de su condena por negligencia en el hundimiento del barco de vapor General Slocum, que provoc\u00f3 m\u00e1s de mil muertos en 1904.<\/p>\n\n\n\n<p class=\"wp-block-paragraph\">1916.- Las tropas francesas hacen retroceder al ej\u00e9rcito alem\u00e1n en la batalla de Verd\u00fan, la m\u00e1s larga de la Primera Guerra Mundial en el frente occidental.<\/p>\n\n\n\n<p class=\"wp-block-paragraph\">1920.- El rey Constantino I de Grecia, de la Casa de Gl\u00fccksburg, regresa al trono tras el fallecimiento de su hijo Alejandro I.<\/p>\n\n\n\n<p class=\"wp-block-paragraph\">1932.- El servicio mundial de la cadena de noticias BBC inicia sus transmisiones para todo el Imperio brit\u00e1nico.<\/p>\n\n\n\n<p class=\"wp-block-paragraph\">1936.- Un terremoto destruye la ciudad salvadore\u00f1a de San Vicente y causa la muerte de m\u00e1s de 100 personas.<\/p>\n\n\n\n<p class=\"wp-block-paragraph\">1938.- Los investigadores Otto Hahn, Fritz Strassmann y Lise Meitner descubren la fisi\u00f3n nuclear, la liberaci\u00f3n de energ\u00eda a partir de un \u00e1tomo de uranio inducido por neutrones.<\/p>\n\n\n\n<p class=\"wp-block-paragraph\">1941.- Adolf Hitler asume, durante la Segunda Guerra Mundial, el mando supremo de las fuerzas armadas alemanas.<\/p>\n\n\n\n<p class=\"wp-block-paragraph\">1950.- El general estadounidense Dwight D. Eisenhower es nombrado comandante supremo de las fuerzas de la OTAN.<\/p>\n\n\n\n<p class=\"wp-block-paragraph\">1957.- Honduras promulga una nueva Constituci\u00f3n que sustituye a la carta magna de 1936.<\/p>\n\n\n\n<p class=\"wp-block-paragraph\">1961.- India se anexiona el enclave de Goa, que fue parte de Portugal durante casi 500 a\u00f1os.<\/p>\n\n\n\n<p class=\"wp-block-paragraph\">1965.- Charles De Gaulle es reelegido presidente de Francia en los primeros comicios presidenciales por sufragio directo desde 1848.<\/p>\n\n\n\n<p class=\"wp-block-paragraph\">1967.- El primer ministro australiano Harold Edward Holt es declarado oficialmente muerto, tras su desaparici\u00f3n dos d\u00edas antes en la playa Cheviot (Victoria).<\/p>\n\n\n\n<p class=\"wp-block-paragraph\">1974.- El MITS presenta el microordenador Altair 8800, pionero en el desarrollo de los computadores personales.<\/p>\n\n\n\n<p class=\"wp-block-paragraph\">1980.- El expresidente argentino H\u00e9ctor Jos\u00e9 C\u00e1mpora fallece en M\u00e9xico, donde estaba exiliado.<\/p>\n\n\n\n<p class=\"wp-block-paragraph\">1982.- M\u00e1s de 150 muertos en la denominada Tragedia de Tacoa, la explosi\u00f3n de varios dep\u00f3sitos de gasolina en una central termoel\u00e9ctrica pr\u00f3xima a Caracas.<\/p>\n\n\n\n<p class=\"wp-block-paragraph\">1983.- El trofeo original \u00abJules Rimet\u00bb (Copa Mundial de la FIFA) es robado de la Confederaci\u00f3n Brasile\u00f1a de F\u00fatbol, en R\u00edo de Janeiro.<\/p>\n\n\n\n<p class=\"wp-block-paragraph\">1984.- China y el Reino Unido firman oficialmente el acuerdo de devoluci\u00f3n de Hong Kong al pa\u00eds asi\u00e1tico en 1997.<\/p>\n\n\n\n<p class=\"wp-block-paragraph\">1985.- La estadounidense Mary Lund se convierte en la primera mujer en recibir un coraz\u00f3n artificial, un modelo desarrollado por el doctor Robert Jarvik.<\/p>\n\n\n\n<p class=\"wp-block-paragraph\">1986.- Manifestaciones en Argentina contra la ley de \u00abpunto final\u00bb, que supone el fin de los procesos contra los implicados en la represi\u00f3n de la anterior dictadura militar.<\/p>\n\n\n\n<p class=\"wp-block-paragraph\">1989.- El primer ministro de Jordania, Mudar Badram, deroga la ley marcial, establecida en 1967 tras el estado de excepci\u00f3n.<\/p>\n\n\n\n<p class=\"wp-block-paragraph\">1995.- El Gobierno de Estados Unidos restaura el reconocimiento federal a la tribu ind\u00edgena de Potawatomi.<\/p>\n\n\n\n<p class=\"wp-block-paragraph\">2002.- La partitura original de la Novena Sinfon\u00eda de Beethoven es declarada patrimonio Cultural de la Humanidad por la UNESCO.<\/p>\n\n\n\n<p class=\"wp-block-paragraph\">2013.- El jefe del Estado ruso, Vlad\u00edmir Putin. libera de la prisi\u00f3n a Mija\u00edl Jodorkovski, fundador de la expropiada petrolera Yukos.<\/p>\n\n\n\n<p class=\"wp-block-paragraph\">2016.- Un ataque terrorista con un cami\u00f3n provoca doce muertos y decenas de heridos en Berl\u00edn.<\/p>\n\n\n\n<p class=\"wp-block-paragraph\">2018.- EEUU inicia el repliegue de sus tropas de Siria.<\/p>\n\n\n\n<p class=\"wp-block-paragraph\">2021.- El izquierdista Gabriel Boric gana las presidenciales chilenas.<\/p>\n\n\n\n<p class=\"wp-block-paragraph\"><strong>Nacimientos<\/strong><\/p>\n\n\n\n<p class=\"wp-block-paragraph\">1683.- Felipe V, primer rey espa\u00f1ol de la casa de Borb\u00f3n.<\/p>\n\n\n\n<p class=\"wp-block-paragraph\">1901.- Rudolf Hell, investigador alem\u00e1n, invent\u00f3 el Fax y el esc\u00e1ner.<\/p>\n\n\n\n<p class=\"wp-block-paragraph\">1906.- Le\u00f3nidas Brezhnev, dirigente sovi\u00e9tico.<\/p>\n\n\n\n<p class=\"wp-block-paragraph\">1910.- Jean Genet, escritor franc\u00e9s.<\/p>\n\n\n\n<p class=\"wp-block-paragraph\">1915.- Edith Piaf, cantante francesa.<\/p>\n\n\n\n<p class=\"wp-block-paragraph\">1918.- Henry Roeland Byrd, Professor Longhair, cantante y pianista de blues estadounidense.<\/p>\n\n\n\n<p class=\"wp-block-paragraph\">1924.- Michel Tournier, escritor franc\u00e9s.<\/p>\n\n\n\n<p class=\"wp-block-paragraph\">1940.- Philip David, \u00abPhil\u00bb Ochs, cantante estadounidense de m\u00fasica folk.<\/p>\n\n\n\n<p class=\"wp-block-paragraph\">1944.- Alvin Lee, guitarrista y cantante brit\u00e1nico, miembro de Ten Years After.<\/p>\n\n\n\n<p class=\"wp-block-paragraph\">1998.- King Princess (Mikaela Straus), cantante, compositora e instrumentista estadounidense.<\/p>\n\n\n\n<p class=\"wp-block-paragraph\"><strong>Defunciones<\/strong><\/p>\n\n\n\n<p class=\"wp-block-paragraph\">1851.- Joseph Mallord Turner, pintor rom\u00e1ntico ingl\u00e9s.<\/p>\n\n\n\n<p class=\"wp-block-paragraph\">1993.- Michael Clarke, m\u00fasico estadounidense, bateria de la banda de folk rock The Byrds.<\/p>\n\n\n\n<p class=\"wp-block-paragraph\">1996.- Marcello Mastroiani, actor italiano.<\/p>\n\n\n\n<p class=\"wp-block-paragraph\">1998.- Antonio Ord\u00f3\u00f1ez, torero, empresario y ganadero espa\u00f1ol.<\/p>\n\n\n\n<p class=\"wp-block-paragraph\">2003.- Hope Lange, actriz estadounidense.<\/p>\n\n\n\n<p class=\"wp-block-paragraph\">2007.- Willy Sommerfeld, pianista alem\u00e1n de cine mudo.<\/p>\n\n\n\n<p class=\"wp-block-paragraph\">2015.- Kurt Masur, director de orquesta alem\u00e1n.<\/p>\n\n\n\n<p class=\"wp-block-paragraph\">2021.- Carlos Mar\u00edn, cantante l\u00edrico espa\u00f1ol, miembro del grupo Il Divo.<\/p>\n","protected":false},"excerpt":{"rendered":"<p>Un d\u00eda 19 de diciembre como hoy, pero de 1998, la C\u00e1mara de Representantes de Estados Unidos decide por mayor\u00eda someter al presidente Bill Clinton a un proceso de destituci\u00f3n (impeachment) ante el Senado, por perjurio y obstrucci\u00f3n a la Justicia en el \u00abcaso M\u00f3nica Lewinsky\u00bb. Otras efem\u00e9rides 1154.- Enrique II es coronado rey de [&hellip;]<\/p>\n","protected":false},"author":6,"featured_media":49606,"comment_status":"open","ping_status":"open","sticky":false,"template":"","format":"standard","meta":{"_acf_changed":false,"_monsterinsights_skip_tracking":false,"slim_seo":{"title":"Efem\u00e9rides 19 de diciembre - Opini\u00f3n P\u00fablica","description":"Un d\u00eda 19 de diciembre como hoy, pero de 1998, la C\u00e1mara de Representantes de Estados Unidos decide por mayor\u00eda someter al presidente Bill Clinton a un proceso"},"footnotes":""},"categories":[27],"tags":[],"class_list":["post-49605","post","type-post","status-publish","format-standard","has-post-thumbnail","hentry","category-un-dia-como-hoy"],"acf":[],"_links":{"self":[{"href":"https:\/\/www.opinionpublica.tv\/portada\/wp-json\/wp\/v2\/posts\/49605","targetHints":{"allow":["GET"]}}],"collection":[{"href":"https:\/\/www.opinionpublica.tv\/portada\/wp-json\/wp\/v2\/posts"}],"about":[{"href":"https:\/\/www.opinionpublica.tv\/portada\/wp-json\/wp\/v2\/types\/post"}],"author":[{"embeddable":true,"href":"https:\/\/www.opinionpublica.tv\/portada\/wp-json\/wp\/v2\/users\/6"}],"replies":[{"embeddable":true,"href":"https:\/\/www.opinionpublica.tv\/portada\/wp-json\/wp\/v2\/comments?post=49605"}],"version-history":[{"count":2,"href":"https:\/\/www.opinionpublica.tv\/portada\/wp-json\/wp\/v2\/posts\/49605\/revisions"}],"predecessor-version":[{"id":49608,"href":"https:\/\/www.opinionpublica.tv\/portada\/wp-json\/wp\/v2\/posts\/49605\/revisions\/49608"}],"wp:featuredmedia":[{"embeddable":true,"href":"https:\/\/www.opinionpublica.tv\/portada\/wp-json\/wp\/v2\/media\/49606"}],"wp:attachment":[{"href":"https:\/\/www.opinionpublica.tv\/portada\/wp-json\/wp\/v2\/media?parent=49605"}],"wp:term":[{"taxonomy":"category","embeddable":true,"href":"https:\/\/www.opinionpublica.tv\/portada\/wp-json\/wp\/v2\/categories?post=49605"},{"taxonomy":"post_tag","embeddable":true,"href":"https:\/\/www.opinionpublica.tv\/portada\/wp-json\/wp\/v2\/tags?post=49605"}],"curies":[{"name":"wp","href":"https:\/\/api.w.org\/{rel}","templated":true}]}}