{"id":49599,"date":"2024-12-19T00:01:00","date_gmt":"2024-12-19T07:01:00","guid":{"rendered":"https:\/\/www.opinionpublica.tv\/portada\/?p=49599"},"modified":"2024-12-18T22:23:40","modified_gmt":"2024-12-19T05:23:40","slug":"encabezo-la-presidenta-claudia-sheinbaum-reunion-con-empresarios-canadienses","status":"publish","type":"post","link":"https:\/\/www.opinionpublica.tv\/portada\/encabezo-la-presidenta-claudia-sheinbaum-reunion-con-empresarios-canadienses\/","title":{"rendered":"Encabez\u00f3 la presidenta Claudia Sheinbaum reuni\u00f3n con empresarios canadienses"},"content":{"rendered":"\n<figure class=\"wp-block-image size-full\"><img fetchpriority=\"high\" decoding=\"async\" width=\"800\" height=\"600\" src=\"https:\/\/www.opinionpublica.tv\/portada\/wp-content\/uploads\/2024\/12\/Encabezo-la-presidenta-Claudia-Sheinbaum-reunion-con-empresarios-canadienses.webp\" alt=\"Encabezo\u0301 La Presidenta Claudia Sheinbaum Reunio\u0301n Con Empresarios Canadienses\" class=\"wp-image-49601\" srcset=\"https:\/\/www.opinionpublica.tv\/portada\/wp-content\/uploads\/2024\/12\/Encabezo-la-presidenta-Claudia-Sheinbaum-reunion-con-empresarios-canadienses.webp 800w, https:\/\/www.opinionpublica.tv\/portada\/wp-content\/uploads\/2024\/12\/Encabezo-la-presidenta-Claudia-Sheinbaum-reunion-con-empresarios-canadienses-300x225.webp 300w, https:\/\/www.opinionpublica.tv\/portada\/wp-content\/uploads\/2024\/12\/Encabezo-la-presidenta-Claudia-Sheinbaum-reunion-con-empresarios-canadienses-768x576.webp 768w\" sizes=\"(max-width: 800px) 100vw, 800px\" \/><\/figure>\n\n\n\n<p class=\"wp-block-paragraph\"><em>Ciudad de M\u00e9xico<\/em>.- La presidenta de M\u00e9xico, Claudia Sheinbaum, recibi\u00f3 en Palacio Nacional al director ejecutivo de Canadian Pacific Kansas City, Keith Creel.<\/p>\n\n\n\n<p class=\"wp-block-paragraph\">La reuni\u00f3n con los empresarios canadienses tuvo una duraci\u00f3n de una hora.<\/p>\n\n\n\n<p class=\"wp-block-paragraph\">Mediante su cuenta oficial de X, la mandataria federal dio detalles del encuentro y se\u00f1al\u00f3 que en febrero inaugurar\u00e1n el segundo puente ferroviario internacional entre Nuevo Laredo, Tamaulipas y Laredo, Texas. \u201cRecibimos en Palacio Nacional a Keith Creel, presidente y director ejecutivo de Canadian Pacific Kansas City, empresa que cuenta con v\u00edas desde M\u00e9xico hasta Canad\u00e1. En febrero inauguran el segundo puente ferroviario internacional entre Nuevo Laredo, Tamaulipas y Laredo, Texas\u201d, inform\u00f3. (Exc\u00e9lsior)<\/p>\n","protected":false},"excerpt":{"rendered":"<p>Ciudad de M\u00e9xico.- La presidenta de M\u00e9xico, Claudia Sheinbaum, recibi\u00f3 en Palacio Nacional al director ejecutivo de Canadian Pacific Kansas City, Keith Creel. La reuni\u00f3n con los empresarios canadienses tuvo una duraci\u00f3n de una hora. Mediante su cuenta oficial de X, la mandataria federal dio detalles del encuentro y se\u00f1al\u00f3 que en febrero inaugurar\u00e1n el [&hellip;]<\/p>\n","protected":false},"author":6,"featured_media":49601,"comment_status":"open","ping_status":"open","sticky":false,"template":"","format":"standard","meta":{"_acf_changed":false,"_monsterinsights_skip_tracking":false,"slim_seo":{"title":"Encabez\u00f3 la presidenta Claudia Sheinbaum reuni\u00f3n con empresarios canadienses - Opini\u00f3n P\u00fablica","description":"Ciudad de M\u00e9xico .- La presidenta de M\u00e9xico, Claudia Sheinbaum, recibi\u00f3 en Palacio Nacional al director ejecutivo de Canadian Pacific Kansas City, Keith Creel."},"footnotes":""},"categories":[4],"tags":[],"class_list":["post-49599","post","type-post","status-publish","format-standard","has-post-thumbnail","hentry","category-pulsopolitico"],"acf":[],"_links":{"self":[{"href":"https:\/\/www.opinionpublica.tv\/portada\/wp-json\/wp\/v2\/posts\/49599","targetHints":{"allow":["GET"]}}],"collection":[{"href":"https:\/\/www.opinionpublica.tv\/portada\/wp-json\/wp\/v2\/posts"}],"about":[{"href":"https:\/\/www.opinionpublica.tv\/portada\/wp-json\/wp\/v2\/types\/post"}],"author":[{"embeddable":true,"href":"https:\/\/www.opinionpublica.tv\/portada\/wp-json\/wp\/v2\/users\/6"}],"replies":[{"embeddable":true,"href":"https:\/\/www.opinionpublica.tv\/portada\/wp-json\/wp\/v2\/comments?post=49599"}],"version-history":[{"count":2,"href":"https:\/\/www.opinionpublica.tv\/portada\/wp-json\/wp\/v2\/posts\/49599\/revisions"}],"predecessor-version":[{"id":49603,"href":"https:\/\/www.opinionpublica.tv\/portada\/wp-json\/wp\/v2\/posts\/49599\/revisions\/49603"}],"wp:featuredmedia":[{"embeddable":true,"href":"https:\/\/www.opinionpublica.tv\/portada\/wp-json\/wp\/v2\/media\/49601"}],"wp:attachment":[{"href":"https:\/\/www.opinionpublica.tv\/portada\/wp-json\/wp\/v2\/media?parent=49599"}],"wp:term":[{"taxonomy":"category","embeddable":true,"href":"https:\/\/www.opinionpublica.tv\/portada\/wp-json\/wp\/v2\/categories?post=49599"},{"taxonomy":"post_tag","embeddable":true,"href":"https:\/\/www.opinionpublica.tv\/portada\/wp-json\/wp\/v2\/tags?post=49599"}],"curies":[{"name":"wp","href":"https:\/\/api.w.org\/{rel}","templated":true}]}}