{"id":4952,"date":"2016-09-26T06:00:00","date_gmt":"2016-09-26T04:00:00","guid":{"rendered":"https:\/\/www.opinionpublica.tv\/portada\/2016\/09\/26\/el-papa-da-su-apoyo-a-grupos-a-opositores-de-matrimonio-homosexual\/"},"modified":"2016-09-26T06:00:00","modified_gmt":"2016-09-26T04:00:00","slug":"el-papa-da-su-apoyo-a-grupos-a-opositores-de-matrimonio-homosexual","status":"publish","type":"post","link":"https:\/\/www.opinionpublica.tv\/portada\/el-papa-da-su-apoyo-a-grupos-a-opositores-de-matrimonio-homosexual\/","title":{"rendered":"El Papa da su apoyo a grupos a opositores de matrimonio homosexual"},"content":{"rendered":"<p><img fetchpriority=\"high\" decoding=\"async\" class=\" size-full wp-image-4951\" src=\"https:\/\/www.opinionpublica.tv\/portada\/wp-content\/uploads\/2016\/09\/02c64edf3e5ba50994c7c56c55d30b3f.jpg\" alt=\"\" width=\"662\" height=\"437\" srcset=\"https:\/\/www.opinionpublica.tv\/portada\/wp-content\/uploads\/2016\/09\/02c64edf3e5ba50994c7c56c55d30b3f.jpg 662w, https:\/\/www.opinionpublica.tv\/portada\/wp-content\/uploads\/2016\/09\/02c64edf3e5ba50994c7c56c55d30b3f-300x198.jpg 300w\" sizes=\"(max-width: 662px) 100vw, 662px\" \/><\/p>\n<p style=\"text-align: justify;\">El papa Francisco expres\u00f3 su\u00a0apoyo a los grupos que se oponen al matrimonio entre personas del mismo sexo en M\u00e9xico.<\/p>\n<p style=\"text-align: justify;\">Durante una misa el domingo, y mientras rezaba por el fin de la violencia en el pa\u00eds, el papa dijo que respaldaba a los opositores al matrimonio igualitario.<\/p>\n<p style=\"text-align: justify;\">\u201cMe asocio de buena gana a los obispos de M\u00e9xico para sostener el compromiso de la Iglesia y de la sociedad civil en favor de la familia y de la vida, que en este tiempo requieren especial atenci\u00f3n pastoral y cultural en todo el mundo\u201d, dijo el papa.<\/p>\n<p style=\"text-align: justify;\">Durante el fin de semana, un gran n\u00famero de organizaciones cat\u00f3licas y evang\u00e9licas en M\u00e9xico promovieron una marcha contra la iniciativa del gobierno para legalizar el matrimonio entre personas del mismo sexo en todo el pa\u00eds. La marcha del s\u00e1bado coincidi\u00f3 con otra manifestaci\u00f3n a favor de los derechos de las personas homosexuales.<\/p>\n<p style=\"text-align: justify;\">El matrimonio gay es legal actualmente en la Ciudad de M\u00e9xico y en algunos estados m\u00e1s. El presidente Enrique Pe\u00f1a Nieto impuls\u00f3 una iniciativa para hacerlo legal a nivel nacional.<\/p>\n<p style=\"text-align: justify;\">A principios de a\u00f1o, el papa Francisco urgi\u00f3 a los sacerdotes de todo el mundo a aceptar a los homosexuales, a los divorciados cat\u00f3licos y a otras personas que viven en lo que la Iglesia considera situaciones \u00abirregulares\u00bb, pero reiter\u00f3 que el matrimonio entre un hombre y una mujer permanece como el ideal cat\u00f3lico, superior a otras formas de uni\u00f3n.<\/p>\n<p style=\"text-align: justify;\">\u00abUna gran variedad de situaciones familiares&#8230; pueden ofrecer cierta estabilidad, pero las uniones de facto o entre personas del mismo sexo, por ejemplo, no pueden ser simplemente iguales al matrimonio\u00bb, escribi\u00f3 el pont\u00edfice en abril.<\/p>\n<p style=\"text-align: justify;\">Francisco tambi\u00e9n pidi\u00f3 por el fin de la violencia en M\u00e9xico. Este domingo, las autoridades hallaron el cuerpo de un sacerdote desaparecido en Michoac\u00e1n, el tercero en apenas una semana.<\/p>\n<p style=\"text-align: justify;\">Informaci\u00f3n de Expansi\u00f3n<\/p>\n<p>\u00a0<\/p>\n","protected":false},"excerpt":{"rendered":"<p>El papa Francisco expres\u00f3 su\u00a0apoyo a los grupos que se oponen al matrimonio entre personas del mismo sexo en M\u00e9xico. Durante una misa el domingo, y mientras rezaba por el fin de la violencia en el pa\u00eds, el papa dijo que respaldaba a los opositores al matrimonio igualitario. \u201cMe asocio de buena gana a los [&hellip;]<\/p>\n","protected":false},"author":1,"featured_media":4951,"comment_status":"open","ping_status":"open","sticky":false,"template":"","format":"standard","meta":{"_acf_changed":false,"_monsterinsights_skip_tracking":false,"slim_seo":{"title":"El Papa da su apoyo a grupos a opositores de matrimonio homosexual - Opini\u00f3n P\u00fablica","description":"El papa Francisco expres\u00f3 su\u00a0apoyo a los grupos que se oponen al matrimonio entre personas del mismo sexo en M\u00e9xico. Durante una misa el domingo, y mientras rez"},"footnotes":""},"categories":[3],"tags":[],"class_list":["post-4952","post","type-post","status-publish","format-standard","has-post-thumbnail","hentry","category-principal"],"acf":[],"_links":{"self":[{"href":"https:\/\/www.opinionpublica.tv\/portada\/wp-json\/wp\/v2\/posts\/4952","targetHints":{"allow":["GET"]}}],"collection":[{"href":"https:\/\/www.opinionpublica.tv\/portada\/wp-json\/wp\/v2\/posts"}],"about":[{"href":"https:\/\/www.opinionpublica.tv\/portada\/wp-json\/wp\/v2\/types\/post"}],"author":[{"embeddable":true,"href":"https:\/\/www.opinionpublica.tv\/portada\/wp-json\/wp\/v2\/users\/1"}],"replies":[{"embeddable":true,"href":"https:\/\/www.opinionpublica.tv\/portada\/wp-json\/wp\/v2\/comments?post=4952"}],"version-history":[{"count":0,"href":"https:\/\/www.opinionpublica.tv\/portada\/wp-json\/wp\/v2\/posts\/4952\/revisions"}],"wp:featuredmedia":[{"embeddable":true,"href":"https:\/\/www.opinionpublica.tv\/portada\/wp-json\/wp\/v2\/media\/4951"}],"wp:attachment":[{"href":"https:\/\/www.opinionpublica.tv\/portada\/wp-json\/wp\/v2\/media?parent=4952"}],"wp:term":[{"taxonomy":"category","embeddable":true,"href":"https:\/\/www.opinionpublica.tv\/portada\/wp-json\/wp\/v2\/categories?post=4952"},{"taxonomy":"post_tag","embeddable":true,"href":"https:\/\/www.opinionpublica.tv\/portada\/wp-json\/wp\/v2\/tags?post=4952"}],"curies":[{"name":"wp","href":"https:\/\/api.w.org\/{rel}","templated":true}]}}