{"id":4950,"date":"2016-09-26T06:00:00","date_gmt":"2016-09-26T04:00:00","guid":{"rendered":"https:\/\/www.opinionpublica.tv\/portada\/2016\/09\/26\/que-decir-de-la-economia\/"},"modified":"2016-09-26T06:00:00","modified_gmt":"2016-09-26T04:00:00","slug":"que-decir-de-la-economia","status":"publish","type":"post","link":"https:\/\/www.opinionpublica.tv\/portada\/que-decir-de-la-economia\/","title":{"rendered":"\u00bfQu\u00e9 Decir De La Econom\u00eda?"},"content":{"rendered":"<p style=\"text-align: justify;\">Muchos analistas consideran hoy que la salud de la econom\u00eda mexicana es precaria, y que va agrav\u00e1ndose. Por un lado, crecemos poco; por el otro nos endeudamos m\u00e1s, y hasta el sector externo, en particular el de exportaci\u00f3n de manufacturas, se ha enfriado. El d\u00f3lar lleg\u00f3 a 20 pesos y vamos por m\u00e1s; las tasas de inter\u00e9s subir\u00e1n de nuevo.<\/p>\n<p><!--more--><\/p>\n<p style=\"text-align: justify;\">Si a ello sumamos los problemas estructurales \u2014informalidad, productividad estancada, finanzas p\u00fablicas sanas pero a un nivel insuficiente de gasto y en particular de inversi\u00f3n p\u00fablica\u2014, existen razones para preocuparse.<\/p>\n<p style=\"text-align: justify;\">De ser as\u00ed, o de volverse a\u00fan m\u00e1s cr\u00edtica la situaci\u00f3n si el presupuesto aprobado no es ni tan austero que satisfaga a las calificadoras de riesgo y a las corredur\u00edas, ni tan \u201csocial\u201d que no enardezca a determinados sectores de la sociedad mexicana \u2014estudiantes, m\u00e9dicos, empleados p\u00fablicos, etc\u00e9tera\u2014, se puede asemejar a momentos previos de gran dificultad para el pa\u00eds. Pensando en eso, algunos han sugerido que el presidente Pe\u00f1a Nieto debiera seguir el camino de dos de sus predecesores \u2014Miguel de la Madrid y Ernesto Zedillo\u2014 y desplegar un gran esfuerzo de explicaci\u00f3n de la gravedad de la coyuntura.<\/p>\n<p style=\"text-align: justify;\">Como a Pe\u00f1a Nieto no se le da la salida p\u00fablica, y es poco did\u00e1ctico en los medios, pero s\u00ed conecta en corto con sus interlocutores, puede reunirse con peque\u00f1os grupos de empresarios, acad\u00e9micos, coment\u00f3cratas, l\u00edderes sociales, personas del mundo de la cultura y las artes, para exponer la profundidad de la crisis, sus or\u00edgenes, y lo que piensa hacer para sortearla. Y, en todo caso, despojarse de eufemismos y de todo rasgo de optimismo beato para \u201cnetear\u201d con el pa\u00eds a trav\u00e9s de estos di\u00e1logos.<\/p>\n<p style=\"text-align: justify;\">El problema que veo con este enfoque \u2014y se nota en una frase del secretario Meade en la C\u00e1mara ayer\u2014 es que obliga a responsabilizar a alguien de la citada gravedad. De la Madrid le ech\u00f3 la culpa a L\u00f3pez Portillo; Zedillo a Salinas; Pe\u00f1a Nieto, \u00bfa qui\u00e9n? Seg\u00fan Reforma, el titular de Hacienda dijo que \u201clas finanzas p\u00fablicas deben regresar al equilibrio que perdieron hace varios a\u00f1os\u201d. Sin duda, pero habr\u00eda que explicar por qu\u00e9 se perdi\u00f3 ese equilibrio. \u00bfSolo por la ca\u00edda del precio del petr\u00f3leo? \u00bfDos a\u00f1os son varios a\u00f1os?<\/p>\n<p style=\"text-align: justify;\">Este es el quid del asunto. EPN no puede echarle la culpa al secretario de Hacienda anterior, porque le entreg\u00f3 todo el poder, sin ning\u00fan contrapeso en Los Pinos o en Banxico o en una SPP desaparecida desde hace 25 a\u00f1os. Tampoco puede culpar a su propio predecesor, ya que con \u00e9l firm\u00f3 un pacto de no agresi\u00f3n: ni en materia de violencia ni de corrupci\u00f3n ni de gesti\u00f3n econ\u00f3mica.<\/p>\n<p style=\"text-align: justify;\">\u00bfC\u00f3mo llegamos a esto? Hay explicaciones, pero EPN no las puede verbalizar, ni en corto ni ante todo el pa\u00eds. Quiz\u00e1s convenga m\u00e1s, en efecto, contar las cosas buenas, aunque no cuenten.<\/p>\n","protected":false},"excerpt":{"rendered":"<p>Muchos analistas consideran hoy que la salud de la econom\u00eda mexicana es precaria, y que va agrav\u00e1ndose. Por un lado, crecemos poco; por el otro nos endeudamos m\u00e1s, y hasta el sector externo, en particular el de exportaci\u00f3n de manufacturas, se ha enfriado. El d\u00f3lar lleg\u00f3 a 20 pesos y vamos por m\u00e1s; las tasas [&hellip;]<\/p>\n","protected":false},"author":5,"featured_media":0,"comment_status":"open","ping_status":"open","sticky":false,"template":"","format":"standard","meta":{"_acf_changed":false,"_monsterinsights_skip_tracking":false,"slim_seo":{"title":"\u00bfQu\u00e9 Decir De La Econom\u00eda? - Opini\u00f3n P\u00fablica","description":"Muchos analistas consideran hoy que la salud de la econom\u00eda mexicana es precaria, y que va agrav\u00e1ndose. Por un lado, crecemos poco; por el otro nos endeudamos m"},"footnotes":""},"categories":[18],"tags":[],"class_list":["post-4950","post","type-post","status-publish","format-standard","hentry","category-castaneda-opina"],"acf":[],"_links":{"self":[{"href":"https:\/\/www.opinionpublica.tv\/portada\/wp-json\/wp\/v2\/posts\/4950","targetHints":{"allow":["GET"]}}],"collection":[{"href":"https:\/\/www.opinionpublica.tv\/portada\/wp-json\/wp\/v2\/posts"}],"about":[{"href":"https:\/\/www.opinionpublica.tv\/portada\/wp-json\/wp\/v2\/types\/post"}],"author":[{"embeddable":true,"href":"https:\/\/www.opinionpublica.tv\/portada\/wp-json\/wp\/v2\/users\/5"}],"replies":[{"embeddable":true,"href":"https:\/\/www.opinionpublica.tv\/portada\/wp-json\/wp\/v2\/comments?post=4950"}],"version-history":[{"count":0,"href":"https:\/\/www.opinionpublica.tv\/portada\/wp-json\/wp\/v2\/posts\/4950\/revisions"}],"wp:attachment":[{"href":"https:\/\/www.opinionpublica.tv\/portada\/wp-json\/wp\/v2\/media?parent=4950"}],"wp:term":[{"taxonomy":"category","embeddable":true,"href":"https:\/\/www.opinionpublica.tv\/portada\/wp-json\/wp\/v2\/categories?post=4950"},{"taxonomy":"post_tag","embeddable":true,"href":"https:\/\/www.opinionpublica.tv\/portada\/wp-json\/wp\/v2\/tags?post=4950"}],"curies":[{"name":"wp","href":"https:\/\/api.w.org\/{rel}","templated":true}]}}