{"id":49458,"date":"2024-12-17T00:01:00","date_gmt":"2024-12-17T07:01:00","guid":{"rendered":"https:\/\/www.opinionpublica.tv\/portada\/?p=49458"},"modified":"2024-12-16T21:35:31","modified_gmt":"2024-12-17T04:35:31","slug":"49458-2","status":"publish","type":"post","link":"https:\/\/www.opinionpublica.tv\/portada\/49458-2\/","title":{"rendered":"Efem\u00e9rides 17 de diciembre"},"content":{"rendered":"\n<p class=\"wp-block-paragraph\"><em>Un d\u00eda 17 de diciembre como hoy, pero de 1790 es hallado el \u00abCalendario Azteca\u00bb o \u00abCalendario del Sol\u00bb bajo la Plaza Mayor de la ciudad de M\u00e9xico.<\/em><\/p>\n\n\n\n<figure class=\"wp-block-image size-full\"><img fetchpriority=\"high\" decoding=\"async\" width=\"736\" height=\"552\" src=\"https:\/\/www.opinionpublica.tv\/portada\/wp-content\/uploads\/2024\/12\/es-hallado-el-22Calendario-Azteca22-o-22Calendario-del-Sol22-bajo-la-Plaza-Mayor-de-la-ciudad-de-Mexico.jpg\" alt=\"Es Hallado El %22calendario Azteca%22 O %22calendario Del Sol%22 Bajo La Plaza Mayor De La Ciudad De Me\u0301xico\" class=\"wp-image-49459\" srcset=\"https:\/\/www.opinionpublica.tv\/portada\/wp-content\/uploads\/2024\/12\/es-hallado-el-22Calendario-Azteca22-o-22Calendario-del-Sol22-bajo-la-Plaza-Mayor-de-la-ciudad-de-Mexico.jpg 736w, https:\/\/www.opinionpublica.tv\/portada\/wp-content\/uploads\/2024\/12\/es-hallado-el-22Calendario-Azteca22-o-22Calendario-del-Sol22-bajo-la-Plaza-Mayor-de-la-ciudad-de-Mexico-300x225.jpg 300w\" sizes=\"(max-width: 736px) 100vw, 736px\" \/><\/figure>\n\n\n\n<p class=\"wp-block-paragraph\"><strong>Otras efem\u00e9rides<\/strong><\/p>\n\n\n\n<p class=\"wp-block-paragraph\">1571.- Comienza en Salamanca la instrucci\u00f3n del proceso de la Inquisici\u00f3n contra el poeta y religioso espa\u00f1ol fray Luis de Le\u00f3n.<\/p>\n\n\n\n<p class=\"wp-block-paragraph\">1819.- El Congreso de Angostura decreta la uni\u00f3n de Venezuela, Nueva Granada y Quito en la Rep\u00fablica de la Gran Colombia, uno de sue\u00f1os de Sim\u00f3n Bol\u00edvar.<\/p>\n\n\n\n<p class=\"wp-block-paragraph\">1903.- El inventor y aviador estadounidense Orville Wright realiza el primer vuelo con motor de la historia en la playa Kitty Hawk (Ohio).<\/p>\n\n\n\n<p class=\"wp-block-paragraph\">1916.- El m\u00edstico ruso Rasput\u00edn, asesor de Estado de la zarina Alejandra Romanov, es asesinado en San Petersburgo. (30 de diciembre, seg\u00fan el calendario Gregoriano).<\/p>\n\n\n\n<p class=\"wp-block-paragraph\">1935.- El avi\u00f3n Douglas DC-3, que revolucion\u00f3 el transporte a\u00e9reo de pasajeros, realiza su primer vuelo.<\/p>\n\n\n\n<p class=\"wp-block-paragraph\">1941.- Durante la II Guerra Mundial, la Alemania nazi, en la operaci\u00f3n por controlar la base naval de Sebastopol (Crimea), inicia un ataque contra el puerto ruso, apoyada por 150 tanques y 300 aviones, pero es contrarrestada por las topas sovi\u00e9ticas.<\/p>\n\n\n\n<p class=\"wp-block-paragraph\">1961.- Mueren 500 personas en el incendio del Gran Circo Norte-Americano en la ciudad brasile\u00f1a de Niter\u00f3i, en la mayor tragedia en la historia circense.<\/p>\n\n\n\n<p class=\"wp-block-paragraph\">1976.- El escritor ruso Vladimir Bukovsky, uno de los primeros disidentes sovi\u00e9ticos condenados a reclusi\u00f3n en hospitales psiqui\u00e1tricos por motivos pol\u00edticos, es liberado y repatriado al Reino Unido.<\/p>\n\n\n\n<p class=\"wp-block-paragraph\">1982.- Se estrena en Estados Unidos Tootsie, la comedia dirigida por Sydney Pollack y protagonizada por Dustin Hoffman y Jessica Lange.<\/p>\n\n\n\n<p class=\"wp-block-paragraph\">1983.- Un incendio en la discoteca madrile\u00f1a Alcal\u00e1 20 se salda con 81 fallecidos.<\/p>\n\n\n\n<p class=\"wp-block-paragraph\">1989.- Se emite el primer episodio de la popular serie de animaci\u00f3n estadounidense Los Simpson.<\/p>\n\n\n\n<p class=\"wp-block-paragraph\">1992.- M\u00e9xico, Canad\u00e1 y Estados Unidos ratifican el Tratado de Libre Comercio de Am\u00e9rica del Norte.<\/p>\n\n\n\n<p class=\"wp-block-paragraph\">1996.- Catorce miembros de la organizaci\u00f3n terrorista peruana Movimiento Revolucionario T\u00fapac Amaru ocupan la residencia del embajador japon\u00e9s en Lima y mantienen retenidos a 72 invitados durante 126 d\u00edas.<\/p>\n\n\n\n<p class=\"wp-block-paragraph\">1997.- El escritor estadounidense Jorn Barger acu\u00f1a el t\u00e9rmino \u0093weblog\u0094, posteriormente acotado a web, para definir a las p\u00e1ginas que se publican en Internet.<\/p>\n\n\n\n<p class=\"wp-block-paragraph\">2002.- El disidente cubano Oswaldo Jos\u00e9 Pay\u00e1, principal impulsor del llamado Proyecto Varela, recibe el Premio Sajarov de Derechos Humanos del Parlamento Europeo.<\/p>\n\n\n\n<p class=\"wp-block-paragraph\">2008.- El Senado argentino ratifica la ley que expropia Aerol\u00edneas Argentina al grupo tur\u00edstico espa\u00f1ol Marsans.<\/p>\n\n\n\n<p class=\"wp-block-paragraph\">2009.- La activista saharaui Aminatu Haidar finaliza una huelga de hambre de 32 d\u00edas en el aeropuerto de Lanzarote (Espa\u00f1a), tras ser expulsada por Marruecos de El Aai\u00fan.<\/p>\n\n\n\n<p class=\"wp-block-paragraph\">2010.- La inmolaci\u00f3n del vendedor ambulante, Mohamed Bouazizi, por la confiscaci\u00f3n de su puesto de frutas, desata una revuelta popular que provocar\u00e1 la salida de T\u00fanez del presidente Ben Ali y el comienzo de la denominada Primavera \u00c1rabe.<\/p>\n\n\n\n<p class=\"wp-block-paragraph\">2010.- La Asamblea Nacional de Venezuela concede poderes especiales al presidente Hugo Ch\u00e1vez para gobernar por decreto durante 18 meses.<\/p>\n\n\n\n<p class=\"wp-block-paragraph\">2011.- El tif\u00f3n Washi azota el sur de Filipinas y provoca inundaciones y derrumbamientos que causan m\u00e1s de 1.500 muertos y decenas de miles de desplazados.<\/p>\n\n\n\n<p class=\"wp-block-paragraph\">2011.- El dictador de Corea del Norte, Kim Jong-il, que ejerci\u00f3 el poder durante 17 a\u00f1os, fallece a los 69 a\u00f1os de un posible ataque al coraz\u00f3n.<\/p>\n\n\n\n<p class=\"wp-block-paragraph\">2014.- El presidente estadounidense Barack Obama anuncia el comienzo de un proceso para retomar las relaciones econ\u00f3micas y diplom\u00e1ticas con Cuba, tras 50 a\u00f1os de hostilidades.<\/p>\n\n\n\n<p class=\"wp-block-paragraph\">2015.- Los representantes de los dos parlamentos rivales libios firman en Sjirat (Marruecos), bajo los auspicios de la ONU, un acuerdo de paz para formar un gobierno de unidad nacional.<\/p>\n\n\n\n<p class=\"wp-block-paragraph\">2019.- El Papa Francisco elimina el secreto pontificio en los casos de pederastia y establece el deber de cooperar con la justicia cuando haya mandatos ejecutivos.<\/p>\n\n\n\n<p class=\"wp-block-paragraph\">2021.- Australia y el Reino Unido firman un tratado de libre comercio (TLC), el primero tras la salida del pa\u00eds brit\u00e1nico de la Uni\u00f3n Europea.<\/p>\n\n\n\n<p class=\"wp-block-paragraph\"><strong>Nacimientos<\/strong><\/p>\n\n\n\n<p class=\"wp-block-paragraph\">1770.- Ludwig von Beethoven, compositor y pianista alem\u00e1n.<\/p>\n\n\n\n<p class=\"wp-block-paragraph\">1936.- Tommy Steele, actor y cantante brit\u00e1nico.<\/p>\n\n\n\n<p class=\"wp-block-paragraph\">1936.- Papa Francisco (Jorge Mario Bergoglio).<\/p>\n\n\n\n<p class=\"wp-block-paragraph\">1939.- Eddie Kendricks, cantante y compositor estadounidense, miembro fundador de The Temptations.<\/p>\n\n\n\n<p class=\"wp-block-paragraph\">1947.- Andr\u00e9s R\u00e1bago, \u00abEl Roto\u00bb, dibujante espa\u00f1ol.<\/p>\n\n\n\n<p class=\"wp-block-paragraph\">1949.- Paul Rodgers, cantante brit\u00e1nico, miembro fundador Free y Bad Company.<\/p>\n\n\n\n<p class=\"wp-block-paragraph\">1975.- Milla Jovovich, modelo y actriz ucraniana.<\/p>\n\n\n\n<p class=\"wp-block-paragraph\">1987.- Chelsea Manning, analista de inteligencia estadounidense acusado de filtrar WikiLeaks.<\/p>\n\n\n\n<p class=\"wp-block-paragraph\">1994.- Jackie Groenen, futbolista neerlandesa.<\/p>\n\n\n\n<p class=\"wp-block-paragraph\">1998.- Martin \u00d8degaard, futbolista noruego.<\/p>\n\n\n\n<p class=\"wp-block-paragraph\">2007.- Jacobo Mountbatten-Windsor, miembro de la Familia Real Brit\u00e1nica.<\/p>\n\n\n\n<p class=\"wp-block-paragraph\"><strong>Defunciones<\/strong><\/p>\n\n\n\n<p class=\"wp-block-paragraph\">1830.- Sim\u00f3n Bolivar, militar y pol\u00edtico venezolano.<\/p>\n\n\n\n<p class=\"wp-block-paragraph\">1881.- Lewis Henry Morgan, estadounidense, fundador de la antropolog\u00eda como ciencia.<\/p>\n\n\n\n<p class=\"wp-block-paragraph\">1907.- William Thomson, Lord Kelvin, f\u00edsico brit\u00e1nico.<\/p>\n\n\n\n<p class=\"wp-block-paragraph\">1909.- Leopoldo II, Rey de B\u00e9lgica.<\/p>\n\n\n\n<p class=\"wp-block-paragraph\">1927.- Hubert Harrison, activista social estadounidense.<\/p>\n\n\n\n<p class=\"wp-block-paragraph\">1935.- Juan Vicente G\u00f3mez Chac\u00f3n, pol\u00edtico y militar, venezolano.<\/p>\n\n\n\n<p class=\"wp-block-paragraph\">1947.- Johannes Nicolaus Br\u00f8nsted, qu\u00edmico y f\u00edsico dan\u00e9s.<\/p>\n\n\n\n<p class=\"wp-block-paragraph\">1957.- Dorothy Leigh Sayers, escritora y traductora brit\u00e1nica.<\/p>\n\n\n\n<p class=\"wp-block-paragraph\">1962.- Thomas Mitchell, actor y guionista estadounidense.<\/p>\n\n\n\n<p class=\"wp-block-paragraph\">1964.- Victor Franz Hess, cient\u00edfico austr\u00edaco, premio Nobel de F\u00edsica.<\/p>\n\n\n\n<p class=\"wp-block-paragraph\">1978.- Don Ellis, trompetista, compositor y director de orquesta estadounidense.<\/p>\n\n\n\n<p class=\"wp-block-paragraph\">1987.- Marguerite Yourcenar, escritora francesa.<\/p>\n\n\n\n<p class=\"wp-block-paragraph\">2009.- Jennifer Jones, actriz estadounidense.<\/p>\n\n\n\n<p class=\"wp-block-paragraph\">2010.- Don Van Vliet, \u00abCaptain Beefheart\u00bb, m\u00fasico estadounidense.<\/p>\n\n\n\n<p class=\"wp-block-paragraph\">2011.- Ces\u00e1ria Evora, cantante caboverdiana.<\/p>\n\n\n\n<p class=\"wp-block-paragraph\">2018.- Penny Marshall, actriz y directora estadounidense.<\/p>\n\n\n\n<p class=\"wp-block-paragraph\">2021.- Vicente Feli\u00fa, cantautor cubano.<\/p>\n","protected":false},"excerpt":{"rendered":"<p>Un d\u00eda 17 de diciembre como hoy, pero de 1790 es hallado el \u00abCalendario Azteca\u00bb o \u00abCalendario del Sol\u00bb bajo la Plaza Mayor de la ciudad de M\u00e9xico. Otras efem\u00e9rides 1571.- Comienza en Salamanca la instrucci\u00f3n del proceso de la Inquisici\u00f3n contra el poeta y religioso espa\u00f1ol fray Luis de Le\u00f3n. 1819.- El Congreso de [&hellip;]<\/p>\n","protected":false},"author":6,"featured_media":49459,"comment_status":"open","ping_status":"open","sticky":false,"template":"","format":"standard","meta":{"_acf_changed":false,"_monsterinsights_skip_tracking":false,"slim_seo":{"title":"Efem\u00e9rides 17 de diciembre - Opini\u00f3n P\u00fablica","description":"Un d\u00eda 17 de diciembre como hoy, pero de 1790 es hallado el \"Calendario Azteca\" o \"Calendario del Sol\" bajo la Plaza Mayor de la ciudad de M\u00e9xico. Otras efem\u00e9ri"},"footnotes":""},"categories":[27],"tags":[],"class_list":["post-49458","post","type-post","status-publish","format-standard","has-post-thumbnail","hentry","category-un-dia-como-hoy"],"acf":[],"_links":{"self":[{"href":"https:\/\/www.opinionpublica.tv\/portada\/wp-json\/wp\/v2\/posts\/49458","targetHints":{"allow":["GET"]}}],"collection":[{"href":"https:\/\/www.opinionpublica.tv\/portada\/wp-json\/wp\/v2\/posts"}],"about":[{"href":"https:\/\/www.opinionpublica.tv\/portada\/wp-json\/wp\/v2\/types\/post"}],"author":[{"embeddable":true,"href":"https:\/\/www.opinionpublica.tv\/portada\/wp-json\/wp\/v2\/users\/6"}],"replies":[{"embeddable":true,"href":"https:\/\/www.opinionpublica.tv\/portada\/wp-json\/wp\/v2\/comments?post=49458"}],"version-history":[{"count":3,"href":"https:\/\/www.opinionpublica.tv\/portada\/wp-json\/wp\/v2\/posts\/49458\/revisions"}],"predecessor-version":[{"id":49463,"href":"https:\/\/www.opinionpublica.tv\/portada\/wp-json\/wp\/v2\/posts\/49458\/revisions\/49463"}],"wp:featuredmedia":[{"embeddable":true,"href":"https:\/\/www.opinionpublica.tv\/portada\/wp-json\/wp\/v2\/media\/49459"}],"wp:attachment":[{"href":"https:\/\/www.opinionpublica.tv\/portada\/wp-json\/wp\/v2\/media?parent=49458"}],"wp:term":[{"taxonomy":"category","embeddable":true,"href":"https:\/\/www.opinionpublica.tv\/portada\/wp-json\/wp\/v2\/categories?post=49458"},{"taxonomy":"post_tag","embeddable":true,"href":"https:\/\/www.opinionpublica.tv\/portada\/wp-json\/wp\/v2\/tags?post=49458"}],"curies":[{"name":"wp","href":"https:\/\/api.w.org\/{rel}","templated":true}]}}